{"id":73595,"date":"2025-03-04T00:15:51","date_gmt":"2025-03-03T23:15:51","guid":{"rendered":"https:\/\/www.infokuryr.cz\/n\/?p=73595"},"modified":"2025-03-03T17:43:55","modified_gmt":"2025-03-03T16:43:55","slug":"zelenskyj-se-setkal-s-demokraty-pred-trumpem-dostal-pokyn-aby-dohodu-odmitl","status":"publish","type":"post","link":"https:\/\/www.infokuryr.cz\/n\/2025\/03\/04\/zelenskyj-se-setkal-s-demokraty-pred-trumpem-dostal-pokyn-aby-dohodu-odmitl\/","title":{"rendered":"Zelenskyj se setkal s demokraty p\u0159ed Trumpem \u2013 dostal pokyn, aby dohodu odm\u00edtl?"},"content":{"rendered":"<div id=\"fb-root\"><\/div>\n<div class=\"elementor-element elementor-element-1fb4c2c elementor-widget elementor-widget-theme-post-content\" data-id=\"1fb4c2c\" data-element_type=\"widget\" data-widget_type=\"theme-post-content.default\">\n<div class=\"elementor-widget-container\">\n<p>V\u00a0<a href=\"https:\/\/vigilantnews.com\/post\/group-of-rinos-and-democrat-senators-met-with-zelensky-and-blew-smoke-up-his-a-before-he-met-with-trump\/\" target=\"_blank\" rel=\"noreferrer noopener\" data-type=\"link\" data-id=\"https:\/\/vigilantnews.com\/post\/group-of-rinos-and-democrat-senators-met-with-zelensky-and-blew-smoke-up-his-a-before-he-met-with-trump\/\">p\u00e1tek se ukrajinsk\u00fd prezident Zelenskyj setkal<\/a>\u00a0s bipartijn\u00ed skupinou americk\u00fdch sen\u00e1tor\u016f a v\u00e1le\u010dn\u00fdch \u0161tv\u00e1\u010d\u016f p\u0159ed sch\u016fzkou s prezidentem Trumpem.<\/p>\n<p>Setk\u00e1n\u00ed se konalo v hotelu Hay Adams naproti B\u00edl\u00e9mu domu p\u0159edt\u00edm, ne\u017e Zelenskij ode\u0161el do B\u00edl\u00e9ho domu.<\/p>\n<p><strong>Zelensky napsal:<\/strong><\/p>\n<p><em>D\u016fle\u017eit\u00e1 n\u00e1v\u0161t\u011bva Spojen\u00fdch st\u00e1t\u016f. Ve Washingtonu jsem se setkal s delegac\u00ed obou stran z americk\u00e9ho Sen\u00e1tu.<\/em><\/p>\n<p><em>Na\u0161e diskuse se zam\u011b\u0159ily na pokra\u010duj\u00edc\u00ed vojenskou pomoc Ukrajin\u011b, p\u0159\u00edslu\u0161n\u00e9 legislativn\u00ed iniciativy, m\u00e9 setk\u00e1n\u00ed s prezidentem Trumpem, \u00fasil\u00ed o dosa\u017een\u00ed spravedliv\u00e9ho a trval\u00e9ho m\u00edru, na\u0161i vizi ukon\u010den\u00ed v\u00e1lky a d\u016fle\u017eitost pevn\u00fdch bezpe\u010dnostn\u00edch z\u00e1ruk.<\/em><\/p>\n<p><em>Jsme hrd\u00ed na to, \u017ee m\u00e1me strategick\u00e9 partnery a p\u0159\u00e1tele, jako jsou Spojen\u00e9 st\u00e1ty americk\u00e9. Jsme vd\u011b\u010dni za neochv\u011bjnou podporu Ukrajiny ze strany obou komor a v\u0161ech stran b\u011bhem t\u0159\u00ed let rozs\u00e1hl\u00e9 rusk\u00e9 agrese.<\/em><\/p>\n<p><em>D\u016fle\u017eit\u00e1 n\u00e1v\u0161t\u011bva Spojen\u00fdch st\u00e1t\u016f. Ve Washingtonu jsem se setkal s delegac\u00ed obou stran z americk\u00e9ho Sen\u00e1tu.<\/em><\/p>\n<div class=\"twitter-tweet twitter-tweet-rendered\"><iframe id=\"twitter-widget-0\" class=\"\" title=\"X Post\" src=\"https:\/\/platform.twitter.com\/embed\/Tweet.html?dnt=false&amp;embedId=twitter-widget-0&amp;features=eyJ0ZndfdGltZWxpbmVfbGlzdCI6eyJidWNrZXQiOltdLCJ2ZXJzaW9uIjpudWxsfSwidGZ3X2ZvbGxvd2VyX2NvdW50X3N1bnNldCI6eyJidWNrZXQiOnRydWUsInZlcnNpb24iOm51bGx9LCJ0ZndfdHdlZXRfZWRpdF9iYWNrZW5kIjp7ImJ1Y2tldCI6Im9uIiwidmVyc2lvbiI6bnVsbH0sInRmd19yZWZzcmNfc2Vzc2lvbiI6eyJidWNrZXQiOiJvbiIsInZlcnNpb24iOm51bGx9LCJ0ZndfZm9zbnJfc29mdF9pbnRlcnZlbnRpb25zX2VuYWJsZWQiOnsiYnVja2V0Ijoib24iLCJ2ZXJzaW9uIjpudWxsfSwidGZ3X21peGVkX21lZGlhXzE1ODk3Ijp7ImJ1Y2tldCI6InRyZWF0bWVudCIsInZlcnNpb24iOm51bGx9LCJ0ZndfZXhwZXJpbWVudHNfY29va2llX2V4cGlyYXRpb24iOnsiYnVja2V0IjoxMjA5NjAwLCJ2ZXJzaW9uIjpudWxsfSwidGZ3X3Nob3dfYmlyZHdhdGNoX3Bpdm90c19lbmFibGVkIjp7ImJ1Y2tldCI6Im9uIiwidmVyc2lvbiI6bnVsbH0sInRmd19kdXBsaWNhdGVfc2NyaWJlc190b19zZXR0aW5ncyI6eyJidWNrZXQiOiJvbiIsInZlcnNpb24iOm51bGx9LCJ0ZndfdXNlX3Byb2ZpbGVfaW1hZ2Vfc2hhcGVfZW5hYmxlZCI6eyJidWNrZXQiOiJvbiIsInZlcnNpb24iOm51bGx9LCJ0ZndfdmlkZW9faGxzX2R5bmFtaWNfbWFuaWZlc3RzXzE1MDgyIjp7ImJ1Y2tldCI6InRydWVfYml0cmF0ZSIsInZlcnNpb24iOm51bGx9LCJ0ZndfbGVnYWN5X3RpbWVsaW5lX3N1bnNldCI6eyJidWNrZXQiOnRydWUsInZlcnNpb24iOm51bGx9LCJ0ZndfdHdlZXRfZWRpdF9mcm9udGVuZCI6eyJidWNrZXQiOiJvbiIsInZlcnNpb24iOm51bGx9fQ%3D%3D&amp;frame=false&amp;hideCard=false&amp;hideThread=false&amp;id=1895510194550943828&amp;lang=cs&amp;maxWidth=560px&amp;origin=https%3A%2F%2Funcutnews.ch%2Fzelensky-traf-sich-mit-demokraten-vor-trump-wurde-er-angewiesen-den-deal-abzulehnen%2F&amp;sessionId=18fb29eb5ee15d0edbc627d722b11dc20d5bd827&amp;theme=light&amp;widgetsVersion=2615f7e52b7e0%3A1702314776716&amp;width=550px\" frameborder=\"0\" scrolling=\"no\" allowfullscreen=\"allowfullscreen\" data-tweet-id=\"1895510194550943828\" data-mce-fragment=\"1\"><\/iframe><\/div>\n<p><strong><em>Autor: John Leake<\/em><\/strong><\/p>\n<p>Jak jsem napsal ve sv\u00e9m p\u00e1te\u010dn\u00edm p\u0159\u00edsp\u011bvku:\u00a0<strong>&#8222;Zelensk\u00e9ho chov\u00e1n\u00ed nazna\u010duje, \u017ee je zvykl\u00fd na to, \u017ee Ukrajina st\u0159\u00edl\u00ed.&#8220;<\/strong><\/p>\n<p>Jeho chov\u00e1n\u00ed p\u0159i setk\u00e1n\u00edch v\u00a0<strong>Ov\u00e1ln\u00e9 pracovn\u011b<\/strong>\u00a0d\u00e1v\u00e1 jasn\u011b najevo, \u017ee si zvykl na to, \u017ee\u00a0<strong>ukrajinsk\u00fd st\u00e1t oligarch\u016f<\/strong>\u00a0, jeho\u017e je\u00a0<strong>dikt\u00e1torskou loutkou ,\u00a0<\/strong><strong>ovl\u00e1d\u00e1<\/strong>\u00a0posledn\u00ed \u010dty\u0159i roky ve Washingtonu\u00a0.<\/p>\n<p>Nyn\u00ed\u00a0<strong>zpr\u00e1va z New York Post<\/strong>\u00a0potvrdila mou intuici:\u00a0<strong>Zelenskyj se setkal se sen\u00e1torem Chrisem Murphym (D-Conn.) je\u0161t\u011b p\u0159edt\u00edm, ne\u017e se v\u016fbec setkal s prezidentem Trumpem v Ov\u00e1ln\u00e9 pracovn\u011b.<\/strong><\/p>\n<p>Jak\u00a0uv\u00e1d\u00ed\u00a0<strong>New York Post :<\/strong><\/p>\n<p><em><strong>P\u0159ed setk\u00e1n\u00edm s Trumpem se Zelenskyj setkal s protitrumpovsk\u00fdmi demokraty, kte\u0159\u00ed mu podle sen\u00e1tora Chrise Murphyho (D-Conn.) doporu\u010dili odm\u00edtnout podm\u00ednky dohody o nerostn\u00fdch surovin\u00e1ch nab\u00edzen\u00e9 prezidentem.<\/strong><\/em><\/p>\n<p><em><strong>\u201ePr\u00e1v\u011b jsem dokon\u010dil sch\u016fzku s prezidentem Zelensk\u00fdm zde ve Washingtonu. Potvrdil, \u017ee ukrajinsk\u00fd lid nepodpo\u0159\u00ed fale\u0161nou m\u00edrovou dohodu, kde Putin dostane v\u0161e, co chce, a pro Ukrajinu neexistuj\u00ed \u017e\u00e1dn\u00e9 z\u00e1ruky,\u201c napsal Murphyho kancel\u00e1\u0159 na X v p\u00e1tek v 11:15.<\/strong><\/em><\/p>\n<p><em>Zve\u0159ejnil\u00a0<strong>fotku Zelensk\u00e9ho u konferen\u010dn\u00edho stolu<\/strong>\u00a0s Murphym sed\u00edc\u00edm naproti.\u00a0<strong>O \u010dty\u0159icet minut pozd\u011bji<\/strong>\u00a0vstoupil Zelenskyj do\u00a0<strong>B\u00edl\u00e9ho domu<\/strong>\u00a0, kde ho Trump pozdravil s \u00fasm\u011bvem, pot\u0159\u00e1sl mu rukou a zavedl ho do\u00a0<strong>Ov\u00e1ln\u00e9 pracovny<\/strong>\u00a0.<\/em><\/p>\n<h3 class=\"wp-block-heading\"><strong>Demokrat\u00e9 jako agenti ukrajinsk\u00e9ho st\u00e1tu oligarch\u016f?<\/strong><\/h3>\n<p>Toto odhalen\u00ed\u00a0<strong>potvrzuje m\u00e9 podez\u0159en\u00ed<\/strong>\u00a0, \u017ee\u00a0<strong>mnoho demokratick\u00fdch politik\u016f p\u016fsob\u00ed jako agenti ukrajinsk\u00e9ho st\u00e1tu.<\/strong><\/p>\n<p>Samoz\u0159ejm\u011b tvrd\u00ed, \u017ee jednaj\u00ed z\u00a0<strong>osobn\u00edho p\u0159esv\u011bd\u010den\u00ed<\/strong>\u00a0a ze\u00a0<strong>spravedlnosti ukrajinsk\u00e9 v\u011bci<\/strong>\u00a0.<\/p>\n<p>Ale\u00a0<strong>samotn\u00e9 mno\u017estv\u00ed pen\u011bz americk\u00fdch da\u0148ov\u00fdch poplatn\u00edk\u016f<\/strong>\u00a0, kter\u00e9 proudilo na Ukrajinu, vyvol\u00e1v\u00e1\u00a0<strong>v\u00e1\u017en\u00e9 podez\u0159en\u00ed z korupce<\/strong>\u00a0.<\/p>\n<p>D\u00edky vytrval\u00e9mu\u00a0<strong>propagandistick\u00e9mu vypr\u00e1v\u011bn\u00ed<\/strong>\u00a0z\u00a0<strong>mainstreamov\u00fdch m\u00e9di\u00ed a demokrat\u016f<\/strong>\u00a0oslavuj\u00edc\u00edch\u00a0<strong>Zelensk\u00e9ho jako nedotknuteln\u00e9ho hrdinu<\/strong>\u00a0si\u00a0<strong>asi polovina Ameri\u010dan\u016f<\/strong>\u00a0neuv\u011bdomuje hrozbu, kterou\u00a0tato situace p\u0159edstavuje\u00a0<strong>pro americkou n\u00e1rodn\u00ed bezpe\u010dnost .<\/strong><\/p>\n<h3 class=\"wp-block-heading\"><strong>St\u00e1t v temnot\u011b \u2013 kdo skute\u010dn\u011b ovl\u00e1d\u00e1 Ukrajinu?<\/strong><\/h3>\n<p>Faktem je:<\/p>\n<ul>\n<li>\u2013\u00a0<strong>Nev\u00edme,<\/strong>\u00a0kdo je ve skute\u010dnosti na Ukrajin\u011b vel\u00ed.<\/li>\n<li>\u2013\u00a0<strong>Nev\u00edme,<\/strong>\u00a0kdo dostane pen\u00edze a ovl\u00e1d\u00e1 zbran\u011b.<\/li>\n<li>\u2013\u00a0<strong>Nev\u00edme,<\/strong>\u00a0kde tyto zbran\u011b nakonec skon\u010d\u00ed.<\/li>\n<\/ul>\n<p>Co\u00a0<strong>v\u0161ak v\u00edme,<\/strong>\u00a0je, \u017ee\u00a0<strong>n\u011bkolik mezin\u00e1rodn\u00edch hl\u00eddac\u00edch organizac\u00ed<\/strong>\u00a0, v\u010detn\u011b\u00a0<strong>Evropsk\u00e9 komise<\/strong>\u00a0, dlouhodob\u011b pova\u017euje Ukrajinu za\u00a0<strong>jednu z nejzkorumpovan\u011bj\u0161\u00edch zem\u00ed sv\u011bta<\/strong>\u00a0.<\/p>\n<p>A\u00a0<strong>nezapom\u00edn\u00e1m<\/strong>\u00a0, \u017ee o tom ji\u017e byly\u00a0<strong>zpr\u00e1vy v Guardianu v roce 2015<\/strong>\u00a0\u2013 stejn\u011b jako \u0159ada dal\u0161\u00edch\u00a0<strong>ofici\u00e1ln\u00edch zpr\u00e1v<\/strong>\u00a0, v\u010detn\u011b zpr\u00e1v od Evropsk\u00e9 komise.<\/p>\n<p>Je\u0161t\u011b\u00a0<strong>v roce 2023<\/strong>\u00a0b\u00fdval\u00fd p\u0159edseda Evropsk\u00e9 komise\u00a0<strong>Jean-Claude Juncker<\/strong>\u00a0ozna\u010dil Ukrajinu za\u00a0<strong>\u201emasivn\u011b zkorumpovanou<\/strong>\u00a0\u201c .<\/p>\n<h3 class=\"wp-block-heading\"><strong>M\u011bla by FBI vy\u0161et\u0159ovat Chrise Murphyho?<\/strong><\/h3>\n<p>Douf\u00e1m, \u017ee\u00a0<strong>FBI pod veden\u00edm Kath Patel\u00a0<\/strong><strong>v\u00e1\u017en\u011b zv\u00e1\u017e\u00ed,<\/strong>\u00a0zda\u00a0<strong>demokrat\u00e9 jako Chris Murphy<\/strong>\u00a0poru\u0161ili \u2013 nebo alespo\u0148\u00a0<strong>pod\u0159\u00eddili<\/strong>\u00a0\u2013 svou\u00a0<strong>povinnost dodr\u017eovat americkou \u00fastavu<\/strong>\u00a0.<\/p>\n<p>Ot\u00e1zka zn\u00ed:\u00a0<strong>P\u016fsobili jako (ofici\u00e1ln\u00ed, neofici\u00e1ln\u00ed nebo nedeklarovan\u00ed) agenti oligarchick\u00e9ho st\u00e1tn\u00edho apar\u00e1tu Ukrajiny?<\/strong><\/p>\n<p>Pokud by se to potvrdilo,\u00a0<strong>jednalo by se o masivn\u00ed skand\u00e1l<\/strong>\u00a0, kter\u00fd vy\u017eaduje\u00a0<strong>okam\u017eit\u00e9 vy\u0161et\u0159ov\u00e1n\u00ed a trestn\u00ed d\u016fsledky<\/strong>\u00a0.<\/p>\n<\/div>\n<\/div>\n<div class=\"elementor-element elementor-element-8c57238 quelle dc-has-condition dc-condition-empty elementor-widget elementor-widget-heading\" data-id=\"8c57238\" data-element_type=\"widget\" data-widget_type=\"heading.default\">\n<div class=\"elementor-widget-container\">\n<h3 class=\"elementor-heading-title elementor-size-default\"><span style=\"font-size: 10pt;\"><a href=\"https:\/\/www.thefocalpoints.com\/p\/zelensky-met-with-dems-before-he?utm_source=post-email-title&amp;publication_id=1119676&amp;post_id=158254372&amp;utm_campaign=email-post-title&amp;isFreemail=true&amp;r=3uby4s&amp;triedRedirect=true&amp;utm_medium=email\" target=\"_blank\" rel=\"nofollow noopener\">Zdroj<\/a><\/span><\/h3>\n<p>&nbsp;<\/p>\n<\/div>\n<\/div>\n","protected":false},"excerpt":{"rendered":"<p>V\u00a0p\u00e1tek se ukrajinsk\u00fd prezident Zelenskyj setkal\u00a0s bipartijn\u00ed skupinou americk\u00fdch sen\u00e1tor\u016f a v\u00e1le\u010dn\u00fdch \u0161tv\u00e1\u010d\u016f p\u0159ed sch\u016fzkou&#8230;<\/p>\n","protected":false},"author":2,"featured_media":73596,"comment_status":"closed","ping_status":"closed","sticky":false,"template":"","format":"standard","meta":[],"categories":[7],"tags":[1310,3811,1629,1000],"_links":{"self":[{"href":"https:\/\/www.infokuryr.cz\/n\/wp-json\/wp\/v2\/posts\/73595"}],"collection":[{"href":"https:\/\/www.infokuryr.cz\/n\/wp-json\/wp\/v2\/posts"}],"about":[{"href":"https:\/\/www.infokuryr.cz\/n\/wp-json\/wp\/v2\/types\/post"}],"author":[{"embeddable":true,"href":"https:\/\/www.infokuryr.cz\/n\/wp-json\/wp\/v2\/users\/2"}],"replies":[{"embeddable":true,"href":"https:\/\/www.infokuryr.cz\/n\/wp-json\/wp\/v2\/comments?post=73595"}],"version-history":[{"count":1,"href":"https:\/\/www.infokuryr.cz\/n\/wp-json\/wp\/v2\/posts\/73595\/revisions"}],"predecessor-version":[{"id":73597,"href":"https:\/\/www.infokuryr.cz\/n\/wp-json\/wp\/v2\/posts\/73595\/revisions\/73597"}],"wp:featuredmedia":[{"embeddable":true,"href":"https:\/\/www.infokuryr.cz\/n\/wp-json\/wp\/v2\/media\/73596"}],"wp:attachment":[{"href":"https:\/\/www.infokuryr.cz\/n\/wp-json\/wp\/v2\/media?parent=73595"}],"wp:term":[{"taxonomy":"category","embeddable":true,"href":"https:\/\/www.infokuryr.cz\/n\/wp-json\/wp\/v2\/categories?post=73595"},{"taxonomy":"post_tag","embeddable":true,"href":"https:\/\/www.infokuryr.cz\/n\/wp-json\/wp\/v2\/tags?post=73595"}],"curies":[{"name":"wp","href":"https:\/\/api.w.org\/{rel}","templated":true}]}}