{"id":73593,"date":"2025-03-04T00:15:26","date_gmt":"2025-03-03T23:15:26","guid":{"rendered":"https:\/\/www.infokuryr.cz\/n\/?p=73593"},"modified":"2025-03-03T08:29:57","modified_gmt":"2025-03-03T07:29:57","slug":"po-testovani-na-lidech-ema-poprve-stanovuje-standardy-pro-mrna-vakciny-ve-veterinarni-medicine","status":"publish","type":"post","link":"https:\/\/www.infokuryr.cz\/n\/2025\/03\/04\/po-testovani-na-lidech-ema-poprve-stanovuje-standardy-pro-mrna-vakciny-ve-veterinarni-medicine\/","title":{"rendered":"Po testov\u00e1n\u00ed na lidech EMA poprv\u00e9 stanovuje standardy pro mRNA vakc\u00edny ve veterin\u00e1rn\u00ed medic\u00edn\u011b"},"content":{"rendered":"<div id=\"fb-root\"><\/div>\n<div class=\"elementor-element elementor-element-1fb4c2c elementor-widget elementor-widget-theme-post-content\" data-id=\"1fb4c2c\" data-element_type=\"widget\" data-widget_type=\"theme-post-content.default\">\n<div class=\"elementor-widget-container\">\n<p><span>Evropsk\u00e1\u00a0<\/span><strong><a href=\"https:\/\/www.ema.europa.eu\/en\/homepage\" target=\"_blank\" rel=\"noreferrer noopener\" data-type=\"link\" data-id=\"https:\/\/www.ema.europa.eu\/en\/homepage\"><span>l\u00e9kov\u00e1 agentura (EMA)<\/span><\/a><\/strong><span>\u00a0poprv\u00e9 vypracov\u00e1v\u00e1 pokyny ke standard\u016fm kvality\u00a0<\/span><strong><span>vakc\u00edn mRNA pro zv\u00ed\u0159ata<\/span><\/strong><span>\u00a0. Pozad\u00edm je rychl\u00fd pokrok t\u00e9to technologie b\u011bhem pandemie COVID-19, kter\u00e1 m\u00e1 b\u00fdt nyn\u00ed vyu\u017e\u00edv\u00e1na i ve veterin\u00e1rn\u00ed medic\u00edn\u011b. Vzhledem k tomu, \u017ee v sou\u010dasn\u00e9 dob\u011b neexistuj\u00ed \u017e\u00e1dn\u00e9 ofici\u00e1ln\u00ed p\u0159edpisy pro kvalitu a v\u00fdrobu takov\u00fdch vakc\u00edn, m\u011bly by jasn\u00e9 normy zajistit bezpe\u010dnost, konzistenci a \u00fa\u010dinnost.<\/span><\/p>\n<p><span>Sm\u011brnice bude definovat\u00a0<\/span><strong><span>kl\u00ed\u010dov\u00e9 slo\u017eky<\/span><\/strong><span>\u00a0mRNA vakc\u00edn, v\u010detn\u011b\u00a0<\/span><strong><span>templ\u00e1t\u016f DNA<\/span><\/strong><span>\u00a0pro synt\u00e9zu mRNA a\u00a0<\/span><strong><span>lipidov\u00fdch nano\u010d\u00e1stic (LNP)<\/span><\/strong><span>\u00a0, kter\u00e9 slou\u017e\u00ed jako nosn\u00e9 syst\u00e9my. Krom\u011b toho by m\u011bly b\u00fdt zavedeny p\u0159\u00edsn\u00e9 kontroly kvality v\u00fdroby a trvanlivosti. Regul\u00e1to\u0159i tak\u00e9 berou v \u00favahu zvl\u00e1\u0161tn\u00ed v\u00fdzvy, jako jsou\u00a0<\/span><strong><span>multivalentn\u00ed vakc\u00edny<\/span><\/strong><span>\u00a0proti v\u00edce nemocem a alternativn\u00ed zp\u016fsoby pod\u00e1v\u00e1n\u00ed.<\/span><\/p>\n<p><span>mRNA vakc\u00edny nab\u00edzej\u00ed v\u00fdznamn\u00e9 v\u00fdhody oproti konven\u010dn\u00edm vakc\u00edn\u00e1m: jsou rychlej\u0161\u00ed a flexibiln\u011bj\u0161\u00ed na v\u00fdrobu, \u010dasto spou\u0161t\u011bj\u00ed siln\u011bj\u0161\u00ed imunitn\u00ed odpov\u011b\u010f a vyh\u00fdbaj\u00ed se rizik\u016fm oslaben\u00fdch \u017eiv\u00fdch vakc\u00edn. Pl\u00e1novan\u00e9 pokyny by proto mohly stanovit\u00a0<\/span><strong><span>miln\u00edk pro veterin\u00e1rn\u00ed medic\u00ednu<\/span><\/strong><span>\u00a0a zp\u016fsobit revoluci v prevenci nemoc\u00ed u zv\u00ed\u0159at.<\/span><\/p>\n<h3 class=\"wp-block-heading\"><strong><span>Napl\u00e1novat:<\/span><\/strong><\/h3>\n<ul>\n<li><strong><span>Leden 2025<\/span><\/strong><span>\u00a0: Zah\u00e1jen\u00ed ve\u0159ejn\u00e9 konzultace<\/span><\/li>\n<li><strong><span>Duben 2025<\/span><\/strong><span>\u00a0: Term\u00edn pro koment\u00e1\u0159e<\/span><\/li>\n<li><strong><span>Konec roku 2026<\/span><\/strong><span>\u00a0: Zve\u0159ejn\u011bn\u00ed kone\u010dn\u00e9ho pokynu<\/span><\/li>\n<\/ul>\n<p><span>Touto iniciativou EMA vytv\u00e1\u0159\u00ed\u00a0<\/span><strong><span>jasnou regula\u010dn\u00ed z\u00e1kladnu<\/span><\/strong><span>\u00a0, kter\u00e1 farmaceutick\u00fdm spole\u010dnostem poskytuje jistotu pl\u00e1nov\u00e1n\u00ed a usnad\u0148uje v\u00fdvoj nov\u00fdch vakc\u00edn.<\/span><\/p>\n<\/div>\n<\/div>\n<div class=\"elementor-element elementor-element-8c57238 quelle dc-has-condition dc-condition-empty elementor-widget elementor-widget-heading\" data-id=\"8c57238\" data-element_type=\"widget\" data-widget_type=\"heading.default\">\n<div class=\"elementor-widget-container\">\n<h3 class=\"elementor-heading-title elementor-size-default\"><span style=\"font-size: 10pt;\"><a href=\"https:\/\/www.trialsitenews.com\/a\/ema-develops-guidelines-for-mrna-for-animals-f6363d92\" target=\"_blank\" rel=\"nofollow noopener\">Zdroj<\/a><\/span><\/h3>\n<p>&nbsp;<\/p>\n<\/div>\n<\/div>\n","protected":false},"excerpt":{"rendered":"<p>Evropsk\u00e1\u00a0l\u00e9kov\u00e1 agentura (EMA)\u00a0poprv\u00e9 vypracov\u00e1v\u00e1 pokyny ke standard\u016fm kvality\u00a0vakc\u00edn mRNA pro zv\u00ed\u0159ata\u00a0. Pozad\u00edm je rychl\u00fd pokrok&#8230;<\/p>\n","protected":false},"author":2,"featured_media":73594,"comment_status":"closed","ping_status":"closed","sticky":false,"template":"","format":"standard","meta":[],"categories":[7],"tags":[132,940,694,651,262],"_links":{"self":[{"href":"https:\/\/www.infokuryr.cz\/n\/wp-json\/wp\/v2\/posts\/73593"}],"collection":[{"href":"https:\/\/www.infokuryr.cz\/n\/wp-json\/wp\/v2\/posts"}],"about":[{"href":"https:\/\/www.infokuryr.cz\/n\/wp-json\/wp\/v2\/types\/post"}],"author":[{"embeddable":true,"href":"https:\/\/www.infokuryr.cz\/n\/wp-json\/wp\/v2\/users\/2"}],"replies":[{"embeddable":true,"href":"https:\/\/www.infokuryr.cz\/n\/wp-json\/wp\/v2\/comments?post=73593"}],"version-history":[{"count":0,"href":"https:\/\/www.infokuryr.cz\/n\/wp-json\/wp\/v2\/posts\/73593\/revisions"}],"wp:featuredmedia":[{"embeddable":true,"href":"https:\/\/www.infokuryr.cz\/n\/wp-json\/wp\/v2\/media\/73594"}],"wp:attachment":[{"href":"https:\/\/www.infokuryr.cz\/n\/wp-json\/wp\/v2\/media?parent=73593"}],"wp:term":[{"taxonomy":"category","embeddable":true,"href":"https:\/\/www.infokuryr.cz\/n\/wp-json\/wp\/v2\/categories?post=73593"},{"taxonomy":"post_tag","embeddable":true,"href":"https:\/\/www.infokuryr.cz\/n\/wp-json\/wp\/v2\/tags?post=73593"}],"curies":[{"name":"wp","href":"https:\/\/api.w.org\/{rel}","templated":true}]}}