{"id":73509,"date":"2025-03-02T06:20:42","date_gmt":"2025-03-02T05:20:42","guid":{"rendered":"https:\/\/www.infokuryr.cz\/n\/?p=73509"},"modified":"2025-03-02T06:20:42","modified_gmt":"2025-03-02T05:20:42","slug":"vatikan-hlasi-ze-stav-papeze-frantiska-je-stabilizovany","status":"publish","type":"post","link":"https:\/\/www.infokuryr.cz\/n\/2025\/03\/02\/vatikan-hlasi-ze-stav-papeze-frantiska-je-stabilizovany\/","title":{"rendered":"Vatik\u00e1n hl\u00e1s\u00ed, \u017ee stav pape\u017ee Franti\u0161ka je stabilizovan\u00fd"},"content":{"rendered":"<div id=\"fb-root\"><\/div>\n<p class=\"lead\"><strong>Stav pape\u017ee Franti\u0161ka je po z\u00e1chvatu bronchospasmu stabilizovan\u00fd. Informoval o tom 1. b\u0159ezna ofici\u00e1ln\u00ed zpravodajsk\u00fd port\u00e1l Vatican News s odvol\u00e1n\u00edm na prohl\u00e1\u0161en\u00ed tiskov\u00e9 slu\u017eby Svat\u00e9ho stolce.<\/strong><\/p>\n<p><em>\u201eKlinick\u00fd stav Svat\u00e9ho otce z\u016fst\u00e1v\u00e1 stabiln\u00ed. St\u0159\u00edd\u00e1 neinvazivn\u00ed mechanickou ventilaci s dlouh\u00fdmi obdob\u00edmi dopl\u0148kov\u00e9 vysokopr\u016ftokov\u00e9 oxygenace,\u201c<span class=\"after-quote\">\u00a0\u2013 uv\u00e1d\u00ed materi\u00e1l port\u00e1lu.<\/span><\/em><\/p>\n<p><span>Uv\u00e1d\u00ed se, \u017ee pape\u017e tak\u00e9 neza\u017eil opakovan\u00e9 z\u00e1chvaty bronchospasmu. Nem\u00e1 hore\u010dku ani leukocyt\u00f3zu. Nav\u00edc v\u0161echny parametry pontifika z\u016fst\u00e1vaj\u00ed v p\u0159ijateln\u00e9m stavu.<\/span><\/p>\n<p><span>Tiskov\u00e1 slu\u017eba Svat\u00e9ho stolce informovala o hospitalizaci pape\u017ee 14. \u00fanora. 17. \u00fanora byl pontifik hospitalizov\u00e1n s infekc\u00ed d\u00fdchac\u00edch cest. Druh\u00fd den mu byl diagnostikov\u00e1n za\u010d\u00ednaj\u00edc\u00ed oboustrann\u00fd z\u00e1pal plic. 22. \u00fanora pape\u017e po\u017eadoval krevn\u00ed transfuzi a nad\u00e1le dost\u00e1val vysok\u00e9 d\u00e1vky kysl\u00edku, proto\u017ee se jeho respira\u010dn\u00ed krize zhor\u0161ovala.<\/span><\/p>\n<p><span>25. \u00fanora bylo ozn\u00e1meno, \u017ee pape\u017e je st\u00e1le v kritick\u00e9m stavu, ale jeho ukazatele jsou stabiln\u00ed. 28. \u00fanora vy\u0161lo najevo, \u017ee pape\u017e utrp\u011bl z\u00e1chvat bronchospasmu, kter\u00fd zp\u016fsobil zhor\u0161en\u00ed jeho zdravotn\u00edho stavu, v d\u016fsledku \u010deho\u017e pot\u0159eboval nal\u00e9havou ventilaci plic, vzpom\u00edn\u00e1 Izvestija.<\/span><\/p>\n<p><img decoding=\"async\" loading=\"lazy\" class=\"alignnone size-full wp-image-71983\" src=\"http:\/\/www.infokuryr.cz\/n\/wp-content\/uploads\/2025\/02\/aaa.jpg\" alt=\"\" width=\"89\" height=\"23\" \/><\/p>\n<p>&nbsp;<\/p>\n","protected":false},"excerpt":{"rendered":"<p>Stav pape\u017ee Franti\u0161ka je po z\u00e1chvatu bronchospasmu stabilizovan\u00fd. Informoval o tom 1. b\u0159ezna ofici\u00e1ln\u00ed zpravodajsk\u00fd&#8230;<\/p>\n","protected":false},"author":2,"featured_media":73510,"comment_status":"closed","ping_status":"closed","sticky":false,"template":"","format":"standard","meta":[],"categories":[7],"tags":[254,329,21],"_links":{"self":[{"href":"https:\/\/www.infokuryr.cz\/n\/wp-json\/wp\/v2\/posts\/73509"}],"collection":[{"href":"https:\/\/www.infokuryr.cz\/n\/wp-json\/wp\/v2\/posts"}],"about":[{"href":"https:\/\/www.infokuryr.cz\/n\/wp-json\/wp\/v2\/types\/post"}],"author":[{"embeddable":true,"href":"https:\/\/www.infokuryr.cz\/n\/wp-json\/wp\/v2\/users\/2"}],"replies":[{"embeddable":true,"href":"https:\/\/www.infokuryr.cz\/n\/wp-json\/wp\/v2\/comments?post=73509"}],"version-history":[{"count":0,"href":"https:\/\/www.infokuryr.cz\/n\/wp-json\/wp\/v2\/posts\/73509\/revisions"}],"wp:featuredmedia":[{"embeddable":true,"href":"https:\/\/www.infokuryr.cz\/n\/wp-json\/wp\/v2\/media\/73510"}],"wp:attachment":[{"href":"https:\/\/www.infokuryr.cz\/n\/wp-json\/wp\/v2\/media?parent=73509"}],"wp:term":[{"taxonomy":"category","embeddable":true,"href":"https:\/\/www.infokuryr.cz\/n\/wp-json\/wp\/v2\/categories?post=73509"},{"taxonomy":"post_tag","embeddable":true,"href":"https:\/\/www.infokuryr.cz\/n\/wp-json\/wp\/v2\/tags?post=73509"}],"curies":[{"name":"wp","href":"https:\/\/api.w.org\/{rel}","templated":true}]}}