{"id":73486,"date":"2025-03-02T00:28:47","date_gmt":"2025-03-01T23:28:47","guid":{"rendered":"https:\/\/www.infokuryr.cz\/n\/?p=73486"},"modified":"2025-03-01T15:15:41","modified_gmt":"2025-03-01T14:15:41","slug":"rubio-eu-chce-dalsi-rok-valky","status":"publish","type":"post","link":"https:\/\/www.infokuryr.cz\/n\/2025\/03\/02\/rubio-eu-chce-dalsi-rok-valky\/","title":{"rendered":"Rubio: EU chce dal\u0161\u00ed rok v\u00e1lky"},"content":{"rendered":"<div id=\"fb-root\"><\/div>\n<h3>USA jsou odhodl\u00e1ny vyu\u017e\u00edt i sebemen\u0161\u00ed p\u0159\u00edle\u017eitosti k ukon\u010den\u00ed ukrajinsk\u00e9ho konfliktu, prohl\u00e1sil ministr zahrani\u010d\u00ed USA Rubio<\/h3>\n<p><span>N\u011bkter\u00e9 zem\u011b EU by daly p\u0159ednost tomu, aby se konflikt mezi Ruskem a Ukrajinou prot\u00e1hl d\u00e9le s my\u0161lenkou oslaben\u00ed Moskvy, obvinil americk\u00fd ministr zahrani\u010d\u00ed Marco Rubio a zd\u016fraznil, \u017ee c\u00edlem Washingtonu je ukon\u010dit nep\u0159\u00e1telstv\u00ed.<\/span><\/p>\n<p><span>Rubiovy koment\u00e1\u0159e p\u0159i\u0161ly po p\u00e1te\u010dn\u00edm vzru\u0161en\u00e9m setk\u00e1n\u00ed mezi prezidentem Donaldem Trumpem a Vladimirem Zelensk\u00fdm, kter\u00e9 vyvolalo obvin\u011bn\u00ed americk\u00fdch p\u0159edstavitel\u016f, \u017ee ukrajinsk\u00fd v\u016fdce projevuje\u00a0<\/span><em><span>\u201ene\u00factu\u201c<\/span><\/em><span>\u00a0a nevd\u011bk v\u016f\u010di USA.<\/span><\/p>\n<p><span>V rozhovoru pro CNN v p\u00e1tek Rubio zd\u016fraznil, \u017ee Washington usiluje o m\u00edr pro Ukrajinu, a dodal, \u017ee pokud existuje by\u0165 jen 1% \u0161ance, \u017ee se to stane,\u00a0<\/span><em><span>\u201eje t\u0159eba to prozkoumat\u201c.<\/span><\/em><span>\u00a0Nazna\u010dil tak\u00e9, \u017ee n\u011bkte\u0159\u00ed z jeho prot\u011bj\u0161k\u016f v EU nejsou s t\u00edmto p\u0159\u00edstupem zrovna naklon\u011bni.<\/span><\/p>\n<p><span>Citoval nejmenovan\u00e9ho evropsk\u00e9ho ministra zahrani\u010d\u00ed, kter\u00fd \u0159ekl, \u017ee pl\u00e1n EU je nechat\u00a0<\/span><em><span>\u201ev\u00e1lku pokra\u010dovat&#8230; dal\u0161\u00ed rok a v tu chv\u00edli se Rusko bude c\u00edtit tak oslabeno, \u017ee bude prosit o m\u00edr\u201c.<\/span><\/em><span>\u00a0Rubio tento p\u0159\u00edstup kritizoval a prohl\u00e1sil:\u00a0<\/span><em><span>&#8222;To je dal\u0161\u00ed rok zab\u00edjen\u00ed, dal\u0161\u00ed rok um\u00edr\u00e1n\u00ed, dal\u0161\u00ed rok ni\u010den\u00ed a mimochodem, z m\u00e9ho pohledu to nen\u00ed p\u0159\u00edli\u0161 realistick\u00fd pl\u00e1n.&#8220;<\/span><\/em><\/p>\n<p><span>Rubio tak\u00e9 vyzval Zelensk\u00e9ho, aby se omluvil za to, co nazval\u00a0<\/span><em><span>\u201eantagonistick\u00fdm\u201c<\/span><\/em><span>\u00a0p\u0159\u00edstupem b\u011bhem sch\u016fzky, a pok\u00e1ral ho za jeho postoj k dohod\u011b ud\u011bluj\u00edc\u00ed pr\u00e1va USA na ukrajinsk\u00e9 p\u0159\u00edrodn\u00ed zdroje, kter\u00e1 m\u011bla b\u00fdt podeps\u00e1na v B\u00edl\u00e9m dom\u011b, ale skon\u010dila v limbu kv\u016fli sporu, kter\u00fd n\u00e1sledoval.<\/span><\/p>\n<p><span>Zat\u00edmco Zelenskij \u2013 kter\u00fd nal\u00e9hal na USA, aby pokra\u010dovaly ve vojensk\u00e9 podpo\u0159e Ukrajiny a z\u00e1rove\u0148 varoval, \u017ee pokud tak neu\u010din\u00ed, sel\u017ee \u2013 byl tvrd\u011b kritizov\u00e1n p\u0159edstaviteli Trumpovy administrativy a republik\u00e1ny, mnoho v\u016fdc\u016f EU se shrom\u00e1\u017edilo na jeho podporu.<\/span><\/p>\n<p><span>Ursula von der Leyen, p\u0159edsedkyn\u011b Evropsk\u00e9 komise, ocenila Zelensk\u00e9ho\u00a0<\/span><em><span>\u201ed\u016fstojnost\u201c<\/span><\/em><span>\u00a0a ujistila ho, \u017ee \u201enikdy nen\u00ed\u00a0<\/span><em><span>s\u00e1m\u201c.<\/span><\/em><span>\u00a0Friedrich Merz, p\u0159edpokl\u00e1dan\u00fd budouc\u00ed n\u011bmeck\u00fd kancl\u00e9\u0159, \u0159ekl, \u017ee\u00a0<\/span><em><span>\u201ev t\u00e9to hrozn\u00e9 v\u00e1lce nesm\u00edme nikdy pl\u00e9st agresora a ob\u011b\u0165\u201c.<\/span><\/em><\/p>\n<p><span>Mezit\u00edm Kaja Kallasov\u00e1, nejvy\u0161\u0161\u00ed diplomatka EU, za\u0161la je\u0161t\u011b d\u00e1l, kdy\u017e Trumpovi vytkla nep\u0159\u00edli\u0161 zast\u0159enou v\u00fdtku.\u00a0<\/span><em><span>&#8222;Stoj\u00edme na Ukrajin\u011b.&#8220; Zv\u00fd\u0161\u00edme na\u0161i podporu Ukrajin\u011b, aby mohla pokra\u010dovat v boji proti agresorovi&#8230; Dnes se uk\u00e1zalo, \u017ee svobodn\u00fd sv\u011bt pot\u0159ebuje nov\u00e9ho v\u016fdce. Je na n\u00e1s, Evropanech, abychom tuto v\u00fdzvu p\u0159ijali.\u201c<\/span><\/em><\/p>\n<p><span>Zat\u00edmco Rusko chv\u00e1lilo Trumpovu administrativu za jej\u00ed ochotu naj\u00edt zp\u016fsoby, jak vy\u0159e\u0161it ukrajinsk\u00fd konflikt, v\u010detn\u011b zkoum\u00e1n\u00ed jeho z\u00e1kladn\u00edch p\u0159\u00ed\u010din, mluv\u010d\u00ed Kremlu Dmitrij Peskov odsoudil EU za to, co popsal jako touhu d\u00e1le eskalovat nep\u0159\u00e1telstv\u00ed.<\/span><\/p>\n<p><img decoding=\"async\" loading=\"lazy\" class=\"alignnone size-full wp-image-71983\" src=\"http:\/\/www.infokuryr.cz\/n\/wp-content\/uploads\/2025\/02\/aaa.jpg\" alt=\"\" width=\"89\" height=\"23\" \/><\/p>\n<p>&nbsp;<\/p>\n","protected":false},"excerpt":{"rendered":"<p>USA jsou odhodl\u00e1ny vyu\u017e\u00edt i sebemen\u0161\u00ed p\u0159\u00edle\u017eitosti k ukon\u010den\u00ed ukrajinsk\u00e9ho konfliktu, prohl\u00e1sil ministr zahrani\u010d\u00ed USA&#8230;<\/p>\n","protected":false},"author":2,"featured_media":66239,"comment_status":"closed","ping_status":"closed","sticky":false,"template":"","format":"standard","meta":[],"categories":[7],"tags":[283,8473,26,40],"_links":{"self":[{"href":"https:\/\/www.infokuryr.cz\/n\/wp-json\/wp\/v2\/posts\/73486"}],"collection":[{"href":"https:\/\/www.infokuryr.cz\/n\/wp-json\/wp\/v2\/posts"}],"about":[{"href":"https:\/\/www.infokuryr.cz\/n\/wp-json\/wp\/v2\/types\/post"}],"author":[{"embeddable":true,"href":"https:\/\/www.infokuryr.cz\/n\/wp-json\/wp\/v2\/users\/2"}],"replies":[{"embeddable":true,"href":"https:\/\/www.infokuryr.cz\/n\/wp-json\/wp\/v2\/comments?post=73486"}],"version-history":[{"count":0,"href":"https:\/\/www.infokuryr.cz\/n\/wp-json\/wp\/v2\/posts\/73486\/revisions"}],"wp:featuredmedia":[{"embeddable":true,"href":"https:\/\/www.infokuryr.cz\/n\/wp-json\/wp\/v2\/media\/66239"}],"wp:attachment":[{"href":"https:\/\/www.infokuryr.cz\/n\/wp-json\/wp\/v2\/media?parent=73486"}],"wp:term":[{"taxonomy":"category","embeddable":true,"href":"https:\/\/www.infokuryr.cz\/n\/wp-json\/wp\/v2\/categories?post=73486"},{"taxonomy":"post_tag","embeddable":true,"href":"https:\/\/www.infokuryr.cz\/n\/wp-json\/wp\/v2\/tags?post=73486"}],"curies":[{"name":"wp","href":"https:\/\/api.w.org\/{rel}","templated":true}]}}