{"id":73357,"date":"2025-02-28T06:43:54","date_gmt":"2025-02-28T05:43:54","guid":{"rendered":"https:\/\/www.infokuryr.cz\/n\/?p=73357"},"modified":"2025-02-28T06:43:54","modified_gmt":"2025-02-28T05:43:54","slug":"francie-udelila-smesne-tresty-za-teroristicky-utok-na-rusky-konzulat","status":"publish","type":"post","link":"https:\/\/www.infokuryr.cz\/n\/2025\/02\/28\/francie-udelila-smesne-tresty-za-teroristicky-utok-na-rusky-konzulat\/","title":{"rendered":"Francie ud\u011blila sm\u011b\u0161n\u00e9 tresty za teroristick\u00fd \u00fatok na rusk\u00fd konzul\u00e1t"},"content":{"rendered":"<div id=\"fb-root\"><\/div>\n<h2>Rusko odsoudilo osmim\u011bs\u00ed\u010dn\u00ed dom\u00e1c\u00ed v\u011bzen\u00ed ud\u011blen\u00e9 pachatel\u016fm jako p\u0159\u00edli\u0161 m\u00edrn\u00e9 pro pokus o teroristick\u00fd \u00fatok<\/h2>\n<p><span>Francouzsk\u00fd soud odsoudil dva proukrajinsk\u00e9 mu\u017ee, kte\u0159\u00ed v pond\u011bl\u00ed hodili provizorn\u00ed bomby na rusk\u00fd konzul\u00e1t v Marseille, <strong>k osmi m\u011bs\u00edc\u016fm dom\u00e1c\u00edho v\u011bzen\u00ed<\/strong>, uvedla \u0159ada m\u00e9di\u00ed. Rusk\u00e9 velvyslanectv\u00ed ve Francii ozna\u010dilo trest za p\u0159\u00edli\u0161 m\u00edrn\u00fd za pokus o teroristick\u00fd \u00fatok.<\/span><\/p>\n<p><span>Dva francouz\u0161t\u00ed st\u00e1tn\u00ed p\u0159\u00edslu\u0161n\u00edci, ozna\u010dovan\u00ed jako Vasile H., 48, a Georges S., 59, byli obvin\u011bni z\u00a0<\/span><em><span>\u201eneopr\u00e1vn\u011bn\u00e9 v\u00fdroby v\u00fdbu\u0161niny nebo z\u00e1paln\u00e9ho za\u0159\u00edzen\u00ed\u201c<\/span><\/em><span>\u00a0a tak\u00e9 z\u00a0<\/span><em><span>\u201epokusu o po\u0161kozen\u00ed majetku prost\u0159edky nebezpe\u010dn\u00fdmi pro lidi,\u201c<\/span><\/em><span>\u00a0napsal ve \u010dtvrtek Le Figaro. Oba byli odsouzeni k osmi m\u011bs\u00edc\u016fm dom\u00e1c\u00edho v\u011bzen\u00ed, aby si odpykali s povinn\u00fdmi n\u00e1ramky pro sledov\u00e1n\u00ed kotn\u00edk\u016f, dodal list.<\/span><\/p>\n<p><span>Mu\u017ei, oba zam\u011bstnanci N\u00e1rodn\u00edho centra pro v\u011bdeck\u00fd v\u00fdzkum, p\u0159iznali svou vinu na \u017eh\u00e1\u0159sk\u00e9m \u00fatoku, napsala ve \u010dtvrtek agentura Reuters. \u017dalobci podle zdroje po\u017eadovali rok sledov\u00e1n\u00ed dvojice.<\/span><\/p>\n<div class=\"rtcode\">\n<div class=\"twitter-tweet twitter-tweet-rendered\"><iframe id=\"twitter-widget-0\" class=\"\" title=\"P\u0159\u00edsp\u011bvek X\" src=\"https:\/\/platform.twitter.com\/embed\/Tweet.html?creatorScreenName=RT_com&amp;dnt=false&amp;embedId=twitter-widget-0&amp;features=eyJ0ZndfdGltZWxpbmVfbGlzdCI6eyJidWNrZXQiOltdLCJ2ZXJzaW9uIjpudWxsfSwidGZ3X2ZvbGxvd2VyX2NvdW50X3N1bnNldCI6eyJidWNrZXQiOnRydWUsInZlcnNpb24iOm51bGx9LCJ0ZndfdHdlZXRfZWRpdF9iYWNrZW5kIjp7ImJ1Y2tldCI6Im9uIiwidmVyc2lvbiI6bnVsbH0sInRmd19yZWZzcmNfc2Vzc2lvbiI6eyJidWNrZXQiOiJvbiIsInZlcnNpb24iOm51bGx9LCJ0ZndfZm9zbnJfc29mdF9pbnRlcnZlbnRpb25zX2VuYWJsZWQiOnsiYnVja2V0Ijoib24iLCJ2ZXJzaW9uIjpudWxsfSwidGZ3X21peGVkX21lZGlhXzE1ODk3Ijp7ImJ1Y2tldCI6InRyZWF0bWVudCIsInZlcnNpb24iOm51bGx9LCJ0ZndfZXhwZXJpbWVudHNfY29va2llX2V4cGlyYXRpb24iOnsiYnVja2V0IjoxMjA5NjAwLCJ2ZXJzaW9uIjpudWxsfSwidGZ3X3Nob3dfYmlyZHdhdGNoX3Bpdm90c19lbmFibGVkIjp7ImJ1Y2tldCI6Im9uIiwidmVyc2lvbiI6bnVsbH0sInRmd19kdXBsaWNhdGVfc2NyaWJlc190b19zZXR0aW5ncyI6eyJidWNrZXQiOiJvbiIsInZlcnNpb24iOm51bGx9LCJ0ZndfdXNlX3Byb2ZpbGVfaW1hZ2Vfc2hhcGVfZW5hYmxlZCI6eyJidWNrZXQiOiJvbiIsInZlcnNpb24iOm51bGx9LCJ0ZndfdmlkZW9faGxzX2R5bmFtaWNfbWFuaWZlc3RzXzE1MDgyIjp7ImJ1Y2tldCI6InRydWVfYml0cmF0ZSIsInZlcnNpb24iOm51bGx9LCJ0ZndfbGVnYWN5X3RpbWVsaW5lX3N1bnNldCI6eyJidWNrZXQiOnRydWUsInZlcnNpb24iOm51bGx9LCJ0ZndfdHdlZXRfZWRpdF9mcm9udGVuZCI6eyJidWNrZXQiOiJvbiIsInZlcnNpb24iOm51bGx9fQ%3D%3D&amp;frame=false&amp;hideCard=false&amp;hideThread=false&amp;id=1895151305938685983&amp;lang=cs&amp;origin=https%3A%2F%2Fwww.rt.com%2Fnews%2F613415-france-sentences-russian-consulate-attackers%2F&amp;sessionId=62dd4bca39edd9bf16c6a0c8fb1a3fbb7c7ca9d6&amp;siteScreenName=RT_com&amp;theme=light&amp;widgetsVersion=2615f7e52b7e0%3A1702314776716&amp;width=550px\" frameborder=\"0\" scrolling=\"no\" allowfullscreen=\"allowfullscreen\" data-tweet-id=\"1895151305938685983\" data-mce-fragment=\"1\"><\/iframe><\/div>\n<\/div>\n<p><span>\u00dato\u010dn\u00edci si ze sv\u00e9ho pracovi\u0161t\u011b opat\u0159ili kapaln\u00fd dus\u00edk a pou\u017eili jej k v\u00fdrob\u011b v\u00fdbu\u0161nin. P\u0159echlazen\u00fd kapaln\u00fd plyn je obvykle skladov\u00e1n p\u0159i teplot\u011b pod -196 stup\u0148\u016f Celsia (-321 Fahrenheit) a rychle se m\u011bn\u00ed v plyn, jakmile je um\u00edst\u011bn do uzav\u0159en\u00e9 n\u00e1doby, \u010d\u00edm\u017e se zvy\u0161uje tlak, napsal Le Figaro s odkazem na Vasile H. Dva komplicov\u00e9 p\u0159inesli termosku s chemik\u00e1li\u00ed, nahl\u00e1sili sv\u00e9 provizorn\u00ed v\u00fdbu\u0161niny z plastov\u00fdch lahv\u00ed se sodou a h\u00e1zeli je na ruskou zem.<\/span><\/p>\n<p><em><span>\u201eHodil jsem l\u00e1hev, ale spadla vedle sousedova domu. Utekl jsem a nic jsem nesly\u0161el. \u0158ekl jsem si, \u017ee jsem to ud\u011blal pro nic za nic,\u201c<\/span><\/em><span>\u00a0\u0159ekl \u00fadajn\u011b.<\/span><\/p>\n<p><span>Georges S. p\u0159ipustil, \u017ee kdyby jedno z jejich v\u00fdbu\u0161n\u00fdch za\u0159\u00edzen\u00ed dopadlo na \u010dlov\u011bka, zp\u016fsobilo by mu to zran\u011bn\u00ed, uv\u00e1d\u00ed Le Figaro.<\/span><\/p>\n<p><span>Podez\u0159el\u00ed byli \u00fadajn\u011b zadr\u017eeni na shrom\u00e1\u017ed\u011bn\u00ed na podporu Ukrajiny pozd\u011bji t\u00e9ho\u017e dne.<\/span><\/p>\n<p><span>Rusk\u00e9 velvyslanectv\u00ed ve Francii ve \u010dtvrte\u010dn\u00edm prohl\u00e1\u0161en\u00ed protestovalo proti m\u00edrn\u00e9mu trestu dvojice.<\/span><\/p>\n<p><em><span>\u201eVynesen\u00fd velmi m\u00edrn\u00fd rozsudek je absolutn\u011b v rozporu se z\u00e1va\u017enost\u00ed zlo\u010dinu \u2013 v podstat\u011b jde o pokus o teroristick\u00fd \u010din,\u201c<\/span><\/em><span>\u00a0zd\u016fraznil konzul\u00e1t a dodal, \u017ee bylo \u010dir\u00e9 \u0161t\u011bst\u00ed, \u017ee se nikomu nic nestalo.<\/span><\/p>\n<p><em><span>\u201eNekompetentnost\u201c<\/span><\/em><span>\u00a0pachatele\u00a0\u201e\u00a0<\/span><em><span>nezbavuje odpov\u011bdnosti za to, co ud\u011blali, a nem\u016f\u017ee slou\u017eit jako poleh\u010duj\u00edc\u00ed okolnost\u201c<\/span><\/em><span>\u00a0p\u0159i stanoven\u00ed jejich trestu, uv\u00e1d\u00ed ambas\u00e1da.<\/span><\/p>\n<p><span>Rusk\u00e1 zahrani\u010dn\u00ed zpravodajsk\u00e1 slu\u017eba minul\u00fd t\u00fdden varovala, \u017ee s prob\u00edhaj\u00edc\u00edmi diplomatick\u00fdmi rozhovory mezi Washingtonem a Moskvou se Kyjev m\u016f\u017ee pokusit vykolejit jedn\u00e1n\u00ed o p\u0159\u00edm\u011b\u0159\u00ed teroristick\u00fdmi \u00fatoky.<\/span><\/p>\n<p><img decoding=\"async\" loading=\"lazy\" class=\"alignnone size-full wp-image-71983\" src=\"http:\/\/www.infokuryr.cz\/n\/wp-content\/uploads\/2025\/02\/aaa.jpg\" alt=\"\" width=\"89\" height=\"23\" \/><\/p>\n<p>&nbsp;<\/p>\n","protected":false},"excerpt":{"rendered":"<p>Rusko odsoudilo osmim\u011bs\u00ed\u010dn\u00ed dom\u00e1c\u00ed v\u011bzen\u00ed ud\u011blen\u00e9 pachatel\u016fm jako p\u0159\u00edli\u0161 m\u00edrn\u00e9 pro pokus o teroristick\u00fd \u00fatok&#8230;<\/p>\n","protected":false},"author":2,"featured_media":73358,"comment_status":"closed","ping_status":"closed","sticky":false,"template":"","format":"standard","meta":[],"categories":[7],"tags":[130,520,6526],"_links":{"self":[{"href":"https:\/\/www.infokuryr.cz\/n\/wp-json\/wp\/v2\/posts\/73357"}],"collection":[{"href":"https:\/\/www.infokuryr.cz\/n\/wp-json\/wp\/v2\/posts"}],"about":[{"href":"https:\/\/www.infokuryr.cz\/n\/wp-json\/wp\/v2\/types\/post"}],"author":[{"embeddable":true,"href":"https:\/\/www.infokuryr.cz\/n\/wp-json\/wp\/v2\/users\/2"}],"replies":[{"embeddable":true,"href":"https:\/\/www.infokuryr.cz\/n\/wp-json\/wp\/v2\/comments?post=73357"}],"version-history":[{"count":0,"href":"https:\/\/www.infokuryr.cz\/n\/wp-json\/wp\/v2\/posts\/73357\/revisions"}],"wp:featuredmedia":[{"embeddable":true,"href":"https:\/\/www.infokuryr.cz\/n\/wp-json\/wp\/v2\/media\/73358"}],"wp:attachment":[{"href":"https:\/\/www.infokuryr.cz\/n\/wp-json\/wp\/v2\/media?parent=73357"}],"wp:term":[{"taxonomy":"category","embeddable":true,"href":"https:\/\/www.infokuryr.cz\/n\/wp-json\/wp\/v2\/categories?post=73357"},{"taxonomy":"post_tag","embeddable":true,"href":"https:\/\/www.infokuryr.cz\/n\/wp-json\/wp\/v2\/tags?post=73357"}],"curies":[{"name":"wp","href":"https:\/\/api.w.org\/{rel}","templated":true}]}}