{"id":73345,"date":"2025-02-28T00:10:05","date_gmt":"2025-02-27T23:10:05","guid":{"rendered":"https:\/\/www.infokuryr.cz\/n\/?p=73345"},"modified":"2025-02-28T07:05:50","modified_gmt":"2025-02-28T06:05:50","slug":"ondrej-prokop-jak-se-jezdi-taxikarum-v-dobe-boltu-a-uberu-robert-hubata-vacek","status":"publish","type":"post","link":"https:\/\/www.infokuryr.cz\/n\/2025\/02\/28\/ondrej-prokop-jak-se-jezdi-taxikarum-v-dobe-boltu-a-uberu-robert-hubata-vacek\/","title":{"rendered":"Ond\u0159ej Prokop: Jak se jezd\u00ed taxik\u00e1\u0159\u016fm v dob\u011b Boltu a Uberu? | Robert Hubata Vacek"},"content":{"rendered":"<div id=\"fb-root\"><\/div>\n<p>Jak se jezd\u00ed taxik\u00e1\u0159\u016fm v dob\u011b Boltu a Uberu? Pro\u010d se Bolt dostal tam, kde dnes je, skrze l\u017ei a nepravdy? Jak to bylo v 90. letech s nechvaln\u011b zn\u00e1m\u00fdmi taxik\u00e1\u0159sk\u00fdmi praktikami? A jak\u00fd je celkov\u011b \u017eivot taxik\u00e1\u0159e?<\/p>\n<p>O tom ale i o dal\u0161\u00edch t\u00e9matech jsme se bavili v podcastu, kde v\u00e1m pr\u016fb\u011b\u017en\u011b p\u0159edstavuji zaj\u00edmav\u00e9 hosty a osobnosti. Budu moc r\u00e1d, kdy\u017e si dne\u0161n\u00ed d\u00edl pust\u00edte a nap\u00ed\u0161ete n\u00e1m v\u00e1\u0161 n\u00e1zor nebo post\u0159eh do koment\u00e1\u0159\u016f. Pros\u00edm tak\u00e9 o sd\u00edlen\u00ed. P\u0159edem moc d\u011bkuji!<\/p>\n<p><strong>Robert Hubata Vacek\u00a0<\/strong>se u\u017e 35 let \u017eiv\u00ed jako taxik\u00e1\u0159. Apeluje na politiky, aby kone\u010dn\u011b zjednali n\u00e1pravu, co se t\u00fd\u010de regulac\u00ed dopravn\u00edch slu\u017eeb, a p\u0159estali cel\u00fd probl\u00e9m ignorovat, nebo\u0165 se v kone\u010dn\u00e9m d\u016fsledku dot\u00fdk\u00e1 v\u0161ech cestuj\u00edc\u00edch.<\/p>\n<p><iframe loading=\"lazy\" title=\"Jak se jezd\u00ed taxik\u00e1\u0159\u016fm v dob\u011b Boltu a Uberu? | Robert Hubata Vacek\" width=\"640\" height=\"360\" src=\"https:\/\/www.youtube.com\/embed\/2wYkU8yy0dc?feature=oembed\" frameborder=\"0\" allow=\"accelerometer; autoplay; clipboard-write; encrypted-media; gyroscope; picture-in-picture; web-share\" referrerpolicy=\"strict-origin-when-cross-origin\" allowfullscreen><\/iframe><\/p>\n<p><span style=\"font-size: 14pt;\"><strong>Ing. Ond\u0159ej Prokop<\/strong><\/span><\/p>\n<p><img decoding=\"async\" loading=\"lazy\" class=\"wp-image-73173 aligncenter\" src=\"http:\/\/www.infokuryr.cz\/n\/wp-content\/uploads\/2025\/02\/demonstrace-08-05-2025-209x300.jpg\" alt=\"\" width=\"622\" height=\"893\" srcset=\"https:\/\/www.infokuryr.cz\/n\/wp-content\/uploads\/2025\/02\/demonstrace-08-05-2025-209x300.jpg 209w, https:\/\/www.infokuryr.cz\/n\/wp-content\/uploads\/2025\/02\/demonstrace-08-05-2025-713x1024.jpg 713w, https:\/\/www.infokuryr.cz\/n\/wp-content\/uploads\/2025\/02\/demonstrace-08-05-2025-768x1103.jpg 768w, https:\/\/www.infokuryr.cz\/n\/wp-content\/uploads\/2025\/02\/demonstrace-08-05-2025.jpg 891w\" sizes=\"(max-width: 622px) 100vw, 622px\" \/><\/p>\n<p>&nbsp;<\/p>\n","protected":false},"excerpt":{"rendered":"<p>Jak se jezd\u00ed taxik\u00e1\u0159\u016fm v dob\u011b Boltu a Uberu? Pro\u010d se Bolt dostal tam, kde&#8230;<\/p>\n","protected":false},"author":2,"featured_media":47151,"comment_status":"closed","ping_status":"closed","sticky":false,"template":"","format":"standard","meta":[],"categories":[6],"tags":[8653,1503,7144,7145,889],"_links":{"self":[{"href":"https:\/\/www.infokuryr.cz\/n\/wp-json\/wp\/v2\/posts\/73345"}],"collection":[{"href":"https:\/\/www.infokuryr.cz\/n\/wp-json\/wp\/v2\/posts"}],"about":[{"href":"https:\/\/www.infokuryr.cz\/n\/wp-json\/wp\/v2\/types\/post"}],"author":[{"embeddable":true,"href":"https:\/\/www.infokuryr.cz\/n\/wp-json\/wp\/v2\/users\/2"}],"replies":[{"embeddable":true,"href":"https:\/\/www.infokuryr.cz\/n\/wp-json\/wp\/v2\/comments?post=73345"}],"version-history":[{"count":0,"href":"https:\/\/www.infokuryr.cz\/n\/wp-json\/wp\/v2\/posts\/73345\/revisions"}],"wp:featuredmedia":[{"embeddable":true,"href":"https:\/\/www.infokuryr.cz\/n\/wp-json\/wp\/v2\/media\/47151"}],"wp:attachment":[{"href":"https:\/\/www.infokuryr.cz\/n\/wp-json\/wp\/v2\/media?parent=73345"}],"wp:term":[{"taxonomy":"category","embeddable":true,"href":"https:\/\/www.infokuryr.cz\/n\/wp-json\/wp\/v2\/categories?post=73345"},{"taxonomy":"post_tag","embeddable":true,"href":"https:\/\/www.infokuryr.cz\/n\/wp-json\/wp\/v2\/tags?post=73345"}],"curies":[{"name":"wp","href":"https:\/\/api.w.org\/{rel}","templated":true}]}}