{"id":73339,"date":"2025-02-28T00:31:15","date_gmt":"2025-02-27T23:31:15","guid":{"rendered":"https:\/\/www.infokuryr.cz\/n\/?p=73339"},"modified":"2025-02-27T20:53:24","modified_gmt":"2025-02-27T19:53:24","slug":"putin-varoval-pred-pokusy-o-sabotaz-rozhovoru-s-usa","status":"publish","type":"post","link":"https:\/\/www.infokuryr.cz\/n\/2025\/02\/28\/putin-varoval-pred-pokusy-o-sabotaz-rozhovoru-s-usa\/","title":{"rendered":"Putin varoval p\u0159ed pokusy o sabot\u00e1\u017e rozhovor\u016f s USA"},"content":{"rendered":"<div id=\"fb-root\"><\/div>\n<h2>Moskva by m\u011bla z\u016fstat ostra\u017eit\u00e1, pokud jde o ma\u0159en\u00ed pokus\u016f vm\u011b\u0161ovat se do jej\u00edch vztah\u016f s Washingtonem, \u0159ekl rusk\u00fd prezident<\/h2>\n<p><span>N\u011bkter\u00e9 z\u00e1padn\u00ed elity\u00a0<\/span><em><span>\u201enejsou \u0161\u0165astn\u00e9\u201c<\/span><\/em><span>\u00a0z potenci\u00e1ln\u00edho sbl\u00ed\u017een\u00ed mezi Moskvou a Washingtonem a budou se sna\u017eit\u00a0<\/span><em><span>\u201ekompromitovat\u201c<\/span><\/em><span>\u00a0ned\u00e1vno obnoven\u00fd dialog mezi t\u011bmito dv\u011bma mocnostmi, prohl\u00e1sil rusk\u00fd prezident Vladimir Putin.<\/span><\/p>\n<p><span>Za vl\u00e1dy americk\u00e9ho prezidenta Donalda Trumpa za\u010daly Rusko a USA postupn\u011b obnovovat kontakty, kter\u00e9 za jeho p\u0159edch\u016fdce Joea Bidena p\u0159ibli\u017en\u011b t\u0159i roky prakticky neexistovaly.<\/span><\/p>\n<p><span>Za\u010d\u00e1tkem tohoto m\u011bs\u00edce se v sa\u00fadskoarabsk\u00e9m Rij\u00e1du se\u0161ly vysoce postaven\u00e9 rusk\u00e9 a americk\u00e9 delegace. Po rozhovorech se ob\u011b zem\u011b dohodly, \u017ee budou pracovat na ukon\u010den\u00ed ukrajinsk\u00e9ho konfliktu a na zlep\u0161en\u00ed diplomatick\u00fdch a ekonomick\u00fdch vztah\u016f.<\/span><\/p>\n<p><span>Na \u010dtvrte\u010dn\u00edm zased\u00e1n\u00ed rady p\u0159edstavitel\u016f rusk\u00e9 Feder\u00e1ln\u00ed bezpe\u010dnostn\u00ed slu\u017eby (FSB) Putin \u0159ekl, \u017ee kontakty s Trumpovou administrativou\u00a0<\/span><em><span>\u201evzbuzuj\u00ed nad\u011bji\u201c.<\/span><\/em><span>\u00a0Ob\u011b strany jsou ochotny pracovat na obnoven\u00ed bilater\u00e1ln\u00edch vztah\u016f a tak\u00e9 na \u0159e\u0161en\u00ed\u00a0<\/span><em><span>\u201esyst\u00e9mov\u00fdch\u201c<\/span><\/em><span>\u00a0probl\u00e9m\u016f v glob\u00e1ln\u00ed bezpe\u010dnostn\u00ed architektu\u0159e, kter\u00e9 vedly ke konfliktu na Ukrajin\u011b a dal\u0161\u00edm kriz\u00edm. P\u0159esto n\u011bkter\u00e9 s\u00edly nut\u00ed, aby tomu zabr\u00e1nily, varoval prezident.<\/span><\/p>\n<p><em><span>\u201eUv\u011bdomujeme si, \u017ee ne ka\u017ed\u00fd je \u0161\u0165astn\u00fd, kdy\u017e vid\u00ed obnoven\u00ed rusko-americk\u00fdch kontakt\u016f. \u010c\u00e1st z\u00e1padn\u00edch elit je st\u00e1le odhodl\u00e1na udr\u017eovat nestabilitu ve sv\u011bt\u011b a tyto s\u00edly se pokus\u00ed naru\u0161it nebo kompromitovat nov\u011b obnoven\u00fd dialog,\u201c<\/span><\/em><span>\u00a0\u0159ekl.\u00a0<\/span><em><span>&#8222;Mus\u00edme to m\u00edt na pam\u011bti a vyu\u017e\u00edt v\u0161ech mo\u017enost\u00ed, kter\u00e9 nab\u00edz\u00ed diplomacie a speci\u00e1ln\u00ed slu\u017eby, abychom takov\u00e9 pokusy zma\u0159ili,&#8220;<\/span><\/em><span>\u00a0\u0159ekl shrom\u00e1\u017ed\u011bn\u00fdm p\u0159edstavitel\u016fm FSB.<\/span><\/p>\n<p><span>Podle Putina nov\u00e1 americk\u00e1 administrativa demonstruje\u00a0<\/span><em><span>\u201epragmatismus a realistickou vizi v\u011bc\u00ed\u201c.<\/span><\/em><span>\u00a0Moskev\u0161t\u00ed\u00a0<\/span><em><span>\u201epartne\u0159i\u201c<\/span><\/em><span>\u00a0ve Washingtonu\u00a0<\/span><em><span>\u201eopustili \u010detn\u00e9 stereotypy, takzvan\u00e1 pravidla a mesi\u00e1\u0161sk\u00e1, ideologick\u00e1 kli\u0161\u00e9 sv\u00fdch p\u0159edch\u016fdc\u016f, co\u017e ve skute\u010dnosti zp\u016fsobilo krizi cel\u00e9ho syst\u00e9mu mezin\u00e1rodn\u00edch vztah\u016f,\u201c<\/span><\/em><span>\u00a0\u0159ekl.<\/span><\/p>\n<p><span>Putin nazna\u010dil, \u017ee Moskva je p\u0159ipravena vy\u0159e\u0161it ukrajinsk\u00fd konflikt m\u00edrov\u00fdmi prost\u0159edky. Zd\u016fraznil c\u00edl Ruska vytvo\u0159it mezin\u00e1rodn\u00ed syst\u00e9m, kter\u00fd zajist\u00ed vyv\u00e1\u017een\u00e9 a vz\u00e1jemn\u00e9 zohledn\u011bn\u00ed z\u00e1jm\u016f a vytvo\u0159\u00ed dlouhodob\u00fd, ned\u011bliteln\u00fd evropsk\u00fd a glob\u00e1ln\u00ed bezpe\u010dnostn\u00ed r\u00e1mec. Tento syst\u00e9m by zabr\u00e1nil zaru\u010den\u00ed bezpe\u010dnosti n\u011bkter\u00fdch zem\u00ed na \u00fakor jin\u00fdch, v\u010detn\u011b Ruska.<\/span><\/p>\n<p><span>Od jedn\u00e1n\u00ed v Rij\u00e1du Washington prohl\u00e1sil, \u017ee je otev\u0159en\u00fd hospod\u00e1\u0159sk\u00e9 spolupr\u00e1ci s Ruskem. Ve \u010dtvrtek diplomat\u00e9 dvou zem\u00ed vedli v Istanbulu zav\u0159en\u00e1 jedn\u00e1n\u00ed zam\u011b\u0159en\u00e1 na obnoven\u00ed pr\u00e1ce jejich diplomatick\u00fdch mis\u00ed. Podle zpr\u00e1vy agentury Bloomberg z tohoto t\u00fddne o spolupr\u00e1ci v Arktid\u011b jednaly tak\u00e9 Moskva a Washington.<\/span><\/p>\n<p><img decoding=\"async\" loading=\"lazy\" class=\"alignnone size-full wp-image-71983\" src=\"http:\/\/www.infokuryr.cz\/n\/wp-content\/uploads\/2025\/02\/aaa.jpg\" alt=\"\" width=\"89\" height=\"23\" \/><\/p>\n<p>&nbsp;<\/p>\n","protected":false},"excerpt":{"rendered":"<p>Moskva by m\u011bla z\u016fstat ostra\u017eit\u00e1, pokud jde o ma\u0159en\u00ed pokus\u016f vm\u011b\u0161ovat se do jej\u00edch vztah\u016f&#8230;<\/p>\n","protected":false},"author":2,"featured_media":73340,"comment_status":"closed","ping_status":"closed","sticky":false,"template":"","format":"standard","meta":[],"categories":[7],"tags":[7299,102,2741,37],"_links":{"self":[{"href":"https:\/\/www.infokuryr.cz\/n\/wp-json\/wp\/v2\/posts\/73339"}],"collection":[{"href":"https:\/\/www.infokuryr.cz\/n\/wp-json\/wp\/v2\/posts"}],"about":[{"href":"https:\/\/www.infokuryr.cz\/n\/wp-json\/wp\/v2\/types\/post"}],"author":[{"embeddable":true,"href":"https:\/\/www.infokuryr.cz\/n\/wp-json\/wp\/v2\/users\/2"}],"replies":[{"embeddable":true,"href":"https:\/\/www.infokuryr.cz\/n\/wp-json\/wp\/v2\/comments?post=73339"}],"version-history":[{"count":1,"href":"https:\/\/www.infokuryr.cz\/n\/wp-json\/wp\/v2\/posts\/73339\/revisions"}],"predecessor-version":[{"id":73341,"href":"https:\/\/www.infokuryr.cz\/n\/wp-json\/wp\/v2\/posts\/73339\/revisions\/73341"}],"wp:featuredmedia":[{"embeddable":true,"href":"https:\/\/www.infokuryr.cz\/n\/wp-json\/wp\/v2\/media\/73340"}],"wp:attachment":[{"href":"https:\/\/www.infokuryr.cz\/n\/wp-json\/wp\/v2\/media?parent=73339"}],"wp:term":[{"taxonomy":"category","embeddable":true,"href":"https:\/\/www.infokuryr.cz\/n\/wp-json\/wp\/v2\/categories?post=73339"},{"taxonomy":"post_tag","embeddable":true,"href":"https:\/\/www.infokuryr.cz\/n\/wp-json\/wp\/v2\/tags?post=73339"}],"curies":[{"name":"wp","href":"https:\/\/api.w.org\/{rel}","templated":true}]}}