{"id":73335,"date":"2025-02-28T00:30:37","date_gmt":"2025-02-27T23:30:37","guid":{"rendered":"https:\/\/www.infokuryr.cz\/n\/?p=73335"},"modified":"2025-02-27T20:23:20","modified_gmt":"2025-02-27T19:23:20","slug":"moskva-okomentovala-odsouzeni-vudce-bosenskych-srbu","status":"publish","type":"post","link":"https:\/\/www.infokuryr.cz\/n\/2025\/02\/28\/moskva-okomentovala-odsouzeni-vudce-bosenskych-srbu\/","title":{"rendered":"Moskva okomentovala odsouzen\u00ed v\u016fdce bosensk\u00fdch Srb\u016f"},"content":{"rendered":"<div id=\"fb-root\"><\/div>\n<p><span style=\"font-size: 18pt;\"><strong>Soud v Bosn\u011b a Hercegovin\u011b se op\u00edral o \u201epseudoz\u00e1kon\u201c a jeho kroky byly \u201enelegitimn\u00ed,\u201c uvedl Kreml<\/strong><\/span><\/p>\n<p><span>Rusko odsoudilo odsouzen\u00ed bosenskosrbsk\u00e9ho v\u016fdce Milorada Dodika soudem v Sarajevu a ozna\u010dilo jej za\u00a0<\/span><em><span>\u201eabsolutn\u011b politick\u00e9\u201c<\/span><\/em><span>\u00a0rozhodnut\u00ed. Tento krok by mohl m\u00edt dalekos\u00e1hl\u00e9 d\u016fsledky pro cel\u00fd balk\u00e1nsk\u00fd region, \u0159ekl mluv\u010d\u00ed Kremlu Dmitrij Peskov.<\/span><\/p>\n<p><span>Bosensk\u00fd soud ve st\u0159edu poslal na jeden rok do v\u011bzen\u00ed prezidenta Republiky srbsk\u00e9 Dodika. Byl obvin\u011bn z ma\u0159en\u00ed rozhodnut\u00ed \u00fastavn\u00edho soudu Bosny a vzdoru autorit\u011b mezin\u00e1rodn\u00edho vyslance Christiana Schmidta. N\u011bmeck\u00fd st\u00e1tn\u00ed p\u0159\u00edslu\u0161n\u00edk Schmidt byl form\u00e1ln\u011b pov\u011b\u0159en dohledem nad prov\u00e1d\u011bn\u00edm Daytonsk\u00e9 m\u00edrov\u00e9 dohody z roku 1995, kter\u00e1 uzav\u0159ela bos\u0148\u00e1nskou v\u00e1lku. Moskva zpochyb\u0148uje jeho legitimitu kv\u016fli tomu, co pova\u017euje za nesrovnalosti p\u0159i jmenov\u00e1n\u00ed.<\/span><\/p>\n<p><em><span>&#8222;Odsuzujeme takov\u00e9 akce, proto\u017ee mohou m\u00edt velmi negativn\u00ed d\u016fsledky nejen pro Bosnu a Hercegovinu, ale pro Balk\u00e1n jako celek,&#8220;<\/span><\/em><span>\u00a0\u0159ekl Peskov ve \u010dtvrtek novin\u00e1\u0159\u016fm s odkazem na rozhodnut\u00ed soudu.\u00a0<\/span><em><span>&#8222;Tyto akce by mohly v\u00e9st k destabilizaci,&#8220;<\/span><\/em><span>\u00a0dodal.<\/span><\/p>\n<p><span>Mluv\u010d\u00ed Kremlu rovn\u011b\u017e odsoudil rozhodnut\u00ed soudu jako pron\u00e1sledov\u00e1n\u00ed nejen bosenskosrbsk\u00e9ho v\u016fdce, ale\u00a0<\/span><em><span>\u201ev\u0161ech vlasteneck\u00fdch srbsk\u00fdch sil\u201c.<\/span><\/em><span>\u00a0Podle Peskova bylo rozhodnut\u00ed zalo\u017eeno na\u00a0<\/span><em><span>\u201epseudoz\u00e1kon\u011b\u201c,<\/span><\/em><span>\u00a0kter\u00fd prosadil Schmidt. Bosensk\u00fd soud rozhodl, \u017ee Dodik jednal nez\u00e1konn\u011b, kdy\u017e podepsal z\u00e1kony, kter\u00e9 \u010din\u00ed dekrety m\u00edrov\u00e9ho vyslance nez\u00e1konn\u00fdmi v Republice srbsk\u00e9, a pozastavil v\u00fdkon rozhodnut\u00ed nejvy\u0161\u0161\u00edho soudu Bosny na jej\u00edm \u00fazem\u00ed.<\/span><\/p>\n<p><span>Schmidtovo jmenov\u00e1n\u00ed vysok\u00fdm p\u0159edstavitelem pro Bosnu a Hercegovinu nikdy nez\u00edskalo souhlas Rady bezpe\u010dnosti OSN, kter\u00fd je v takov\u00fdch p\u0159\u00edpadech obvykle vy\u017eadov\u00e1n, \u0159ekl Peskov. \u00da\u0159edn\u00edk byl jmenov\u00e1n Radou pro implementaci m\u00edru (PIC) \u2013 mezin\u00e1rodn\u00edm org\u00e1nem pov\u011b\u0159en\u00fdm prov\u00e1d\u011bn\u00edm Daytonsk\u00e9 m\u00edrov\u00e9 dohody z roku 1995 \u2013 ji\u017e v roce 2021.<\/span><\/p>\n<p><span>Rusko a \u010c\u00edna ofici\u00e1ln\u011b prohl\u00e1sily, \u017ee neuzn\u00e1vaj\u00ed Schmidtovu legitimitu kv\u016fli nesrovnalostem v jeho jmenov\u00e1n\u00ed. Ve \u010dtvrtek Peskov ozna\u010dil \u00fa\u0159edn\u00edka za\u00a0<\/span><em><span>\u201epodvodn\u00edka\u201c<\/span><\/em><span>\u00a0a vyzval bosensk\u00e9 \u00fa\u0159ady, aby se vr\u00e1tily k\u00a0<\/span><em><span>\u201educhu\u201c<\/span><\/em><span>\u00a0Daytonsk\u00fdch dohod.<\/span><\/p>\n<p><span>S\u00e1m Dodik se jeho vynesen\u00ed rozsudku nez\u00fa\u010dastnil a ozn\u00e1mil pl\u00e1ny, \u017ee N\u00e1rodn\u00ed shrom\u00e1\u017ed\u011bn\u00ed Republiky srbsk\u00e9 zam\u00edtne rozhodnut\u00ed soudu a zak\u00e1\u017ee na sv\u00e9m \u00fazem\u00ed v\u00fdkon jak\u00fdchkoli rozhodnut\u00ed bosensk\u00e9 st\u00e1tn\u00ed justice. Dodal, \u017ee Republika srbsk\u00e1 bude br\u00e1nit operac\u00edm \u00fast\u0159edn\u00ed vl\u00e1dy Bosny a policie v jej\u00ed jurisdikci.<\/span><\/p>\n<p><span>Politik m\u00e1 dva t\u00fddny na to, aby se proti verdiktu odvolal, i kdy\u017e nen\u00ed jasn\u00e9, zda tak pl\u00e1nuje u\u010dinit. Rozhodnut\u00ed soudu odsoudil i ma\u010farsk\u00fd premi\u00e9r Viktor Orb\u00e1n, kter\u00fd s Dodikem po vynesen\u00ed rozsudku hovo\u0159il. Ma\u010farsk\u00fd v\u016fdce to ozna\u010dil za\u00a0<\/span><em><span>\u201epolitick\u00fd hon na \u010darod\u011bjnice\u201c.<\/span><\/em><\/p>\n<p><img decoding=\"async\" loading=\"lazy\" class=\"alignnone size-full wp-image-71983\" src=\"http:\/\/www.infokuryr.cz\/n\/wp-content\/uploads\/2025\/02\/aaa.jpg\" alt=\"\" width=\"89\" height=\"23\" \/><\/p>\n<p>&nbsp;<\/p>\n","protected":false},"excerpt":{"rendered":"<p>Soud v Bosn\u011b a Hercegovin\u011b se op\u00edral o \u201epseudoz\u00e1kon\u201c a jeho kroky byly \u201enelegitimn\u00ed,\u201c uvedl&#8230;<\/p>\n","protected":false},"author":2,"featured_media":73336,"comment_status":"closed","ping_status":"closed","sticky":false,"template":"","format":"standard","meta":[],"categories":[7],"tags":[1503,246,972,5040,520,324],"_links":{"self":[{"href":"https:\/\/www.infokuryr.cz\/n\/wp-json\/wp\/v2\/posts\/73335"}],"collection":[{"href":"https:\/\/www.infokuryr.cz\/n\/wp-json\/wp\/v2\/posts"}],"about":[{"href":"https:\/\/www.infokuryr.cz\/n\/wp-json\/wp\/v2\/types\/post"}],"author":[{"embeddable":true,"href":"https:\/\/www.infokuryr.cz\/n\/wp-json\/wp\/v2\/users\/2"}],"replies":[{"embeddable":true,"href":"https:\/\/www.infokuryr.cz\/n\/wp-json\/wp\/v2\/comments?post=73335"}],"version-history":[{"count":0,"href":"https:\/\/www.infokuryr.cz\/n\/wp-json\/wp\/v2\/posts\/73335\/revisions"}],"wp:featuredmedia":[{"embeddable":true,"href":"https:\/\/www.infokuryr.cz\/n\/wp-json\/wp\/v2\/media\/73336"}],"wp:attachment":[{"href":"https:\/\/www.infokuryr.cz\/n\/wp-json\/wp\/v2\/media?parent=73335"}],"wp:term":[{"taxonomy":"category","embeddable":true,"href":"https:\/\/www.infokuryr.cz\/n\/wp-json\/wp\/v2\/categories?post=73335"},{"taxonomy":"post_tag","embeddable":true,"href":"https:\/\/www.infokuryr.cz\/n\/wp-json\/wp\/v2\/tags?post=73335"}],"curies":[{"name":"wp","href":"https:\/\/api.w.org\/{rel}","templated":true}]}}