{"id":73301,"date":"2025-02-28T00:18:17","date_gmt":"2025-02-27T23:18:17","guid":{"rendered":"https:\/\/www.infokuryr.cz\/n\/?p=73301"},"modified":"2025-02-27T10:26:46","modified_gmt":"2025-02-27T09:26:46","slug":"dr-robert-malone-urcite-existuje-ockovaci-spiknuti","status":"publish","type":"post","link":"https:\/\/www.infokuryr.cz\/n\/2025\/02\/28\/dr-robert-malone-urcite-existuje-ockovaci-spiknuti\/","title":{"rendered":"Dr. Robert Malone: \u200b\u200b\u201eUr\u010dit\u011b existuje o\u010dkovac\u00ed spiknut\u00ed"},"content":{"rendered":"<div id=\"fb-root\"><\/div>\n<p>V ned\u00e1vno zve\u0159ejn\u011bn\u00e9m rozhovoru Dr. Robert Malone o tom, co naz\u00fdv\u00e1 \u201eVaccine Cabal\u201c \u2013 skupina v\u011bdc\u016f a instituc\u00ed, o nich\u017e se domn\u00edv\u00e1, \u017ee jsou uv\u011bzn\u011bni v ideologick\u00e9\u00a0<strong>skupin\u011b<\/strong>\u00a0, kter\u00e1 si mysl\u00ed, \u017ee\u00a0<strong>vakc\u00edny mohou vy\u0159e\u0161it v\u0161echny infek\u010dn\u00ed nemoci<\/strong>\u00a0. Kritizuje zejm\u00e9na virologa\u00a0<strong>Petera Hoteze<\/strong>\u00a0, kter\u00e9ho pova\u017euje za jednoho z hlavn\u00edch p\u0159edstavitel\u016f tohoto my\u0161lenkov\u00e9ho sm\u011bru.<\/p>\n<div class=\"twitter-tweet twitter-tweet-rendered\"><iframe id=\"twitter-widget-0\" class=\"\" title=\"X Post\" src=\"https:\/\/platform.twitter.com\/embed\/Tweet.html?dnt=false&amp;embedId=twitter-widget-0&amp;features=eyJ0ZndfdGltZWxpbmVfbGlzdCI6eyJidWNrZXQiOltdLCJ2ZXJzaW9uIjpudWxsfSwidGZ3X2ZvbGxvd2VyX2NvdW50X3N1bnNldCI6eyJidWNrZXQiOnRydWUsInZlcnNpb24iOm51bGx9LCJ0ZndfdHdlZXRfZWRpdF9iYWNrZW5kIjp7ImJ1Y2tldCI6Im9uIiwidmVyc2lvbiI6bnVsbH0sInRmd19yZWZzcmNfc2Vzc2lvbiI6eyJidWNrZXQiOiJvbiIsInZlcnNpb24iOm51bGx9LCJ0ZndfZm9zbnJfc29mdF9pbnRlcnZlbnRpb25zX2VuYWJsZWQiOnsiYnVja2V0Ijoib24iLCJ2ZXJzaW9uIjpudWxsfSwidGZ3X21peGVkX21lZGlhXzE1ODk3Ijp7ImJ1Y2tldCI6InRyZWF0bWVudCIsInZlcnNpb24iOm51bGx9LCJ0ZndfZXhwZXJpbWVudHNfY29va2llX2V4cGlyYXRpb24iOnsiYnVja2V0IjoxMjA5NjAwLCJ2ZXJzaW9uIjpudWxsfSwidGZ3X3Nob3dfYmlyZHdhdGNoX3Bpdm90c19lbmFibGVkIjp7ImJ1Y2tldCI6Im9uIiwidmVyc2lvbiI6bnVsbH0sInRmd19kdXBsaWNhdGVfc2NyaWJlc190b19zZXR0aW5ncyI6eyJidWNrZXQiOiJvbiIsInZlcnNpb24iOm51bGx9LCJ0ZndfdXNlX3Byb2ZpbGVfaW1hZ2Vfc2hhcGVfZW5hYmxlZCI6eyJidWNrZXQiOiJvbiIsInZlcnNpb24iOm51bGx9LCJ0ZndfdmlkZW9faGxzX2R5bmFtaWNfbWFuaWZlc3RzXzE1MDgyIjp7ImJ1Y2tldCI6InRydWVfYml0cmF0ZSIsInZlcnNpb24iOm51bGx9LCJ0ZndfbGVnYWN5X3RpbWVsaW5lX3N1bnNldCI6eyJidWNrZXQiOnRydWUsInZlcnNpb24iOm51bGx9LCJ0ZndfdHdlZXRfZWRpdF9mcm9udGVuZCI6eyJidWNrZXQiOiJvbiIsInZlcnNpb24iOm51bGx9fQ%3D%3D&amp;frame=false&amp;hideCard=false&amp;hideThread=false&amp;id=1892662487335764289&amp;lang=cs&amp;maxWidth=560px&amp;origin=https%3A%2F%2Funcutnews.ch%2Fdr-robert-malone-es-gibt-definitiv-eine-impfverschwoerung%2F&amp;sessionId=1b8eeff2856e370b09687604ea12faedb8e959bc&amp;theme=light&amp;widgetsVersion=2615f7e52b7e0%3A1702314776716&amp;width=550px\" frameborder=\"0\" scrolling=\"no\" allowfullscreen=\"allowfullscreen\" data-tweet-id=\"1892662487335764289\" data-mce-fragment=\"1\"><\/iframe><\/div>\n<p>Malone tvrd\u00ed, \u017ee o\u010dkov\u00e1n\u00ed\u00a0by se nem\u011blo pou\u017e\u00edvat\u00a0<strong>uprost\u0159ed prob\u00edhaj\u00edc\u00ed pandemie , zejm\u00e9na u\u00a0<\/strong><strong>vysoce mutuj\u00edc\u00edch RNA vir\u016f,<\/strong>\u00a0jako jsou koronaviry. Tyto viry, mezi kter\u00e9 pat\u0159\u00ed SARS-CoV-2, se rychle m\u011bn\u00ed a p\u0159izp\u016fsobuj\u00ed. Pokud vakc\u00edny nemaj\u00ed\u00a0<strong>zcela steriliza\u010dn\u00ed<\/strong>\u00a0\u00fa\u010dinek \u2013 tedy nebr\u00e1n\u00ed viru v dal\u0161\u00edm \u0161\u00ed\u0159en\u00ed \u2013 pak vyv\u00edjej\u00ed evolu\u010dn\u00ed tlak na virus, kter\u00fd zp\u016fsobuje mutaci a st\u00e1v\u00e1 se odoln\u011bj\u0161\u00ed v\u016f\u010di vakc\u00edn\u00e1m.<\/p>\n<p>Vysv\u011btluje, \u017ee zat\u00edmco koncept\u00a0<strong>st\u00e1dn\u00ed imunity<\/strong>\u00a0se pou\u017e\u00edv\u00e1 jako argument pro povinn\u00e9 o\u010dkov\u00e1n\u00ed, u vysoce infek\u010dn\u00edch rychle mutuj\u00edc\u00edch vir\u016f\u00a0<strong>nefunguje spolehliv\u011b<\/strong>\u00a0. Pokud virus ji\u017e v populaci cirkuluje a infikoval velk\u00e9 \u010d\u00e1sti, je\u00a0<strong>t\u00e9m\u011b\u0159 nemo\u017en\u00e9 jeho \u0161\u00ed\u0159en\u00ed zastavit o\u010dkov\u00e1n\u00edm<\/strong>\u00a0. Nam\u00edsto toho\u00a0<strong>\u010d\u00e1ste\u010dn\u011b \u00fa\u010dinn\u00e1 vakcinace vede k tomu, \u017ee se virus p\u0159izp\u016fsob\u00ed<\/strong>\u00a0a obch\u00e1z\u00ed ochranu o\u010dkov\u00e1n\u00ed \u2013 p\u0159esn\u011b to se stalo u\u00a0<strong>SARS-CoV-2<\/strong>\u00a0a nyn\u00ed by se to mohlo opakovat s\u00a0<strong>o\u010dkov\u00e1n\u00edm proti pta\u010d\u00ed ch\u0159ipce u dr\u016fbe\u017ee<\/strong>\u00a0.<\/p>\n<p>Podle Malonea je p\u0159edpoklad, \u017ee \u201enikdo nen\u00ed chr\u00e1n\u011bn, dokud nejsou chr\u00e1n\u011bni v\u0161ichni\u201c , u vysoce infek\u010dn\u00edch vir\u016f\u00a0<strong>absurdn\u00ed<\/strong>\u00a0, proto\u017ee vakc\u00edny nejsou dostate\u010dn\u011b siln\u00e9, aby \u00fa\u010dinn\u011b zabr\u00e1nily \u0161\u00ed\u0159en\u00ed. Nav\u00edc se uk\u00e1zalo, \u017ee \u00fa\u010dinnost vakc\u00edn proti COVID-19\u00a0v pr\u016fb\u011bhu \u010dasu\u00a0<strong>v\u00fdrazn\u011b klesla pod 50 %<\/strong>\u00a0a v n\u011bkter\u00fdch p\u0159\u00edpadech dokonce\u00a0<strong>na nulu<\/strong>\u00a0.<\/p>\n<p>Varuje, \u017ee sou\u010dasn\u00fd p\u0159\u00edstup pot\u00edr\u00e1n\u00ed infek\u010dn\u00edch vln pomoc\u00ed o\u010dkov\u00e1n\u00ed je nejen ne\u00fa\u010dinn\u00fd, ale\u00a0<strong>mohl by probl\u00e9m je\u0161t\u011b zhor\u0161it<\/strong>\u00a0vytv\u00e1\u0159en\u00edm nov\u00fdch variant vir\u016f. Stalo se to nejen v p\u0159\u00edpad\u011b\u00a0<strong>COVID-19<\/strong>\u00a0, ale nyn\u00ed se o to pokou\u0161\u00ed i\u00a0<strong>pta\u010d\u00ed ch\u0159ipka<\/strong>\u00a0\u2013 s potenci\u00e1ln\u011b podobn\u00fdmi n\u00e1sledky.<\/p>\n<p><img decoding=\"async\" loading=\"lazy\" class=\"alignnone size-full wp-image-71983\" src=\"http:\/\/www.infokuryr.cz\/n\/wp-content\/uploads\/2025\/02\/aaa.jpg\" alt=\"\" width=\"89\" height=\"23\" \/><\/p>\n<p>&nbsp;<\/p>\n","protected":false},"excerpt":{"rendered":"<p>V ned\u00e1vno zve\u0159ejn\u011bn\u00e9m rozhovoru Dr. Robert Malone o tom, co naz\u00fdv\u00e1 \u201eVaccine Cabal\u201c \u2013 skupina&#8230;<\/p>\n","protected":false},"author":2,"featured_media":73303,"comment_status":"closed","ping_status":"closed","sticky":false,"template":"","format":"standard","meta":[],"categories":[7],"tags":[593,213,988,651],"_links":{"self":[{"href":"https:\/\/www.infokuryr.cz\/n\/wp-json\/wp\/v2\/posts\/73301"}],"collection":[{"href":"https:\/\/www.infokuryr.cz\/n\/wp-json\/wp\/v2\/posts"}],"about":[{"href":"https:\/\/www.infokuryr.cz\/n\/wp-json\/wp\/v2\/types\/post"}],"author":[{"embeddable":true,"href":"https:\/\/www.infokuryr.cz\/n\/wp-json\/wp\/v2\/users\/2"}],"replies":[{"embeddable":true,"href":"https:\/\/www.infokuryr.cz\/n\/wp-json\/wp\/v2\/comments?post=73301"}],"version-history":[{"count":1,"href":"https:\/\/www.infokuryr.cz\/n\/wp-json\/wp\/v2\/posts\/73301\/revisions"}],"predecessor-version":[{"id":73302,"href":"https:\/\/www.infokuryr.cz\/n\/wp-json\/wp\/v2\/posts\/73301\/revisions\/73302"}],"wp:featuredmedia":[{"embeddable":true,"href":"https:\/\/www.infokuryr.cz\/n\/wp-json\/wp\/v2\/media\/73303"}],"wp:attachment":[{"href":"https:\/\/www.infokuryr.cz\/n\/wp-json\/wp\/v2\/media?parent=73301"}],"wp:term":[{"taxonomy":"category","embeddable":true,"href":"https:\/\/www.infokuryr.cz\/n\/wp-json\/wp\/v2\/categories?post=73301"},{"taxonomy":"post_tag","embeddable":true,"href":"https:\/\/www.infokuryr.cz\/n\/wp-json\/wp\/v2\/tags?post=73301"}],"curies":[{"name":"wp","href":"https:\/\/api.w.org\/{rel}","templated":true}]}}