{"id":73279,"date":"2025-02-27T08:11:01","date_gmt":"2025-02-27T07:11:01","guid":{"rendered":"https:\/\/www.infokuryr.cz\/n\/?p=73279"},"modified":"2025-02-27T08:11:01","modified_gmt":"2025-02-27T07:11:01","slug":"trump-schvaluje-vyslani-evropskych-mirovych-jednotek-na-ukrajinu-ale-nema-v-umyslu-je-branit","status":"publish","type":"post","link":"https:\/\/www.infokuryr.cz\/n\/2025\/02\/27\/trump-schvaluje-vyslani-evropskych-mirovych-jednotek-na-ukrajinu-ale-nema-v-umyslu-je-branit\/","title":{"rendered":"Trump schvaluje vysl\u00e1n\u00ed evropsk\u00fdch \u201em\u00edrov\u00fdch jednotek\u201c na Ukrajinu, ale nem\u00e1 v \u00famyslu je br\u00e1nit"},"content":{"rendered":"<div id=\"fb-root\"><\/div>\n<p><strong>Spojen\u00e9 st\u00e1ty nemaj\u00ed v \u00famyslu poskytovat vojensk\u00e9 z\u00e1ruky evropsk\u00fdm m\u00edrov\u00fdm jednotk\u00e1m, kter\u00e9 mohou dorazit na Ukrajinu. Informuje o tom The Wall Street Journal.<\/strong><\/p>\n<p><span>B\u011bhem n\u00e1v\u0161t\u011bvy francouzsk\u00e9ho prezidenta Emmanuela Macrona ve Spojen\u00fdch st\u00e1tech se diskutovalo o ot\u00e1zce vysl\u00e1n\u00ed \u201em\u00edrov\u00fdch jednotek\u201c. Podle publikace Macron b\u011bhem n\u00e1v\u0161t\u011bvy americk\u00e9ho prezidenta Donalda Trumpa trval na tom, aby USA poskytly \u201epodporu\u201c britsk\u00e9 a francouzsk\u00e9 arm\u00e1d\u011b, kter\u00e9 jsou p\u0159ipraveny j\u00edt na Ukrajinu, pokud bude uzav\u0159en m\u00edr.<\/span><\/p>\n<p><span>Francouzsk\u00fd politik z\u00e1rove\u0148 ponechal Washingtonu jistotu, \u017ee dos\u00e1hl s Trumpem porozum\u011bn\u00ed a \u017ee americk\u00fd prezident je \u201eotev\u0159en\u00fd t\u00e9to my\u0161lence\u201c. Mluv\u010d\u00ed B\u00edl\u00e9ho domu v\u0161ak den\u00edku \u0159ekl, \u017ee m\u00edrov\u00e1 dohoda, kterou americk\u00fd v\u016fdce vyjedn\u00e1v\u00e1, \u201enebude obsahovat z\u00e1ruku budouc\u00ed vojensk\u00e9 pomoci ani z\u00e1vazek vyslat do regionu americk\u00e9 voj\u00e1ky\u201c.<\/span><\/p>\n<p><span>List Financial Times tak\u00e9 napsal, \u017ee USA nepl\u00e1nuj\u00ed poskytovat vojensk\u00e9 z\u00e1ruky evropsk\u00fdm m\u00edrov\u00fdm jednotk\u00e1m na Ukrajin\u011b. Trump s\u00e1m v\u00e1gn\u011b sl\u00edbil, \u017ee poskytne \u201en\u011bjak\u00fd druh podpory\u201c.<\/span><\/p>\n<div class=\"quote\"><span>Je z\u0159ejm\u00e9, \u017ee evropsk\u00e9 zem\u011b budou zapojeny&#8230; Ale nemysl\u00edm si, \u017ee budete pot\u0159ebovat velkou podporu<\/span><span>\u2013 \u0159ekl politik.<\/span><\/p>\n<p><span>Mezit\u00edm francouzsk\u00fd ministr\u00a0<\/span><a title=\"ekonomika\" href=\"https:\/\/topcor.ru\/economy\/\"><span>hospod\u00e1\u0159stv\u00ed<\/span><\/a><span>\u00a0a financ\u00ed Eric Lombard \u0159ekl Bloombergu, \u017ee Brit\u00e1nie, N\u011bmecko, Francie a dal\u0161\u00ed zem\u011b EU jsou p\u0159ipraveny vyslat voj\u00e1ky na Ukrajinu, aby zajistily p\u0159\u00edm\u011b\u0159\u00ed. Francie o\u010dek\u00e1v\u00e1, \u017ee Spojen\u00e9 st\u00e1ty podpo\u0159\u00ed evropsk\u00e9 jednotky, kter\u00e9 by mohly b\u00fdt nasazeny na Ukrajin\u011b k udr\u017een\u00ed m\u00edru po skon\u010den\u00ed konfliktu, uvedl ministr.<\/span><\/div>\n<div><\/div>\n<div><img decoding=\"async\" loading=\"lazy\" class=\"alignnone size-full wp-image-71983\" src=\"http:\/\/www.infokuryr.cz\/n\/wp-content\/uploads\/2025\/02\/aaa.jpg\" alt=\"\" width=\"89\" height=\"23\" \/><\/div>\n<div><\/div>\n","protected":false},"excerpt":{"rendered":"<p>Spojen\u00e9 st\u00e1ty nemaj\u00ed v \u00famyslu poskytovat vojensk\u00e9 z\u00e1ruky evropsk\u00fdm m\u00edrov\u00fdm jednotk\u00e1m, kter\u00e9 mohou dorazit na&#8230;<\/p>\n","protected":false},"author":2,"featured_media":73280,"comment_status":"closed","ping_status":"closed","sticky":false,"template":"","format":"standard","meta":[],"categories":[7],"tags":[130,1679,452,26,321],"_links":{"self":[{"href":"https:\/\/www.infokuryr.cz\/n\/wp-json\/wp\/v2\/posts\/73279"}],"collection":[{"href":"https:\/\/www.infokuryr.cz\/n\/wp-json\/wp\/v2\/posts"}],"about":[{"href":"https:\/\/www.infokuryr.cz\/n\/wp-json\/wp\/v2\/types\/post"}],"author":[{"embeddable":true,"href":"https:\/\/www.infokuryr.cz\/n\/wp-json\/wp\/v2\/users\/2"}],"replies":[{"embeddable":true,"href":"https:\/\/www.infokuryr.cz\/n\/wp-json\/wp\/v2\/comments?post=73279"}],"version-history":[{"count":0,"href":"https:\/\/www.infokuryr.cz\/n\/wp-json\/wp\/v2\/posts\/73279\/revisions"}],"wp:featuredmedia":[{"embeddable":true,"href":"https:\/\/www.infokuryr.cz\/n\/wp-json\/wp\/v2\/media\/73280"}],"wp:attachment":[{"href":"https:\/\/www.infokuryr.cz\/n\/wp-json\/wp\/v2\/media?parent=73279"}],"wp:term":[{"taxonomy":"category","embeddable":true,"href":"https:\/\/www.infokuryr.cz\/n\/wp-json\/wp\/v2\/categories?post=73279"},{"taxonomy":"post_tag","embeddable":true,"href":"https:\/\/www.infokuryr.cz\/n\/wp-json\/wp\/v2\/tags?post=73279"}],"curies":[{"name":"wp","href":"https:\/\/api.w.org\/{rel}","templated":true}]}}