{"id":73269,"date":"2025-02-27T07:48:18","date_gmt":"2025-02-27T06:48:18","guid":{"rendered":"https:\/\/www.infokuryr.cz\/n\/?p=73269"},"modified":"2025-02-27T07:48:18","modified_gmt":"2025-02-27T06:48:18","slug":"rubio-usa-uz-nemohou-dotovat-nato","status":"publish","type":"post","link":"https:\/\/www.infokuryr.cz\/n\/2025\/02\/27\/rubio-usa-uz-nemohou-dotovat-nato\/","title":{"rendered":"Rubio: USA u\u017e nemohou dotovat NATO"},"content":{"rendered":"<div id=\"fb-root\"><\/div>\n<h2 data-start=\"120\" data-end=\"169\">Evrop\u0161t\u00ed \u010dlenov\u00e9 vojensk\u00e9ho bloku po desetilet\u00ed podfinancovali sv\u00e9 arm\u00e1dy, \u0159ekl nejvy\u0161\u0161\u00ed diplomat<\/h2>\n<p data-start=\"120\" data-end=\"169\"><span>Washington ji\u017e nem\u016f\u017ee dovolit sv\u00fdm bohat\u00fdm z\u00e1padoevropsk\u00fdm spojenc\u016fm v NATO vyu\u017e\u00edvat americk\u00e9 da\u0148ov\u00e9 poplatn\u00edky k financov\u00e1n\u00ed sv\u00fdch rozpo\u010dt\u016f na obranu, \u0159ekl ve st\u0159edu pro Fox News ministr zahrani\u010d\u00ed Marco Rubio.<\/span><\/p>\n<p data-start=\"587\" data-end=\"869\"><span>Nejvy\u0161\u0161\u00ed americk\u00fd diplomat reagoval na koment\u00e1\u0159e Friedricha Merze, jeho\u017e K\u0159es\u0165anskodemokratick\u00e1 unie (CDU) minul\u00fd t\u00fdden vyhr\u00e1la volby v N\u011bmecku. Merz tvrdil, \u017ee vojensk\u00fd blok veden\u00fd USA je\u00a0<\/span><em><span>\u201ev ohro\u017een\u00ed\u201c<\/span><\/em><span>\u00a0kv\u016fli\u00a0<\/span><em><span>\u201elhostejnosti\u201c<\/span><\/em><span>\u00a0Washingtonu k evropsk\u00e9 bezpe\u010dnosti.<\/span><\/p>\n<p data-start=\"871\" data-end=\"1121\"><em><span>&#8222;NATO nen\u00ed v ohro\u017een\u00ed,&#8220;<\/span><\/em><span>\u00a0\u0159ekl Rubio.\u00a0<\/span><em><span>&#8222;Jedin\u00e1 v\u011bc, kter\u00e1 ohro\u017euje NATO, je skute\u010dnost, \u017ee m\u00e1me spojence v NATO, kte\u0159\u00ed maj\u00ed sotva arm\u00e1dy nebo jejich\u017e arm\u00e1dy nejsou p\u0159\u00edli\u0161 schopn\u00e9, proto\u017ee str\u00e1vili 40 let t\u00edm, \u017ee na to neutratili \u017e\u00e1dn\u00e9 pen\u00edze.&#8220;<\/span><\/em><\/p>\n<p data-start=\"1123\" data-end=\"1282\"><span>Sou\u010dasn\u00e1 americk\u00e1 administrativa pova\u017euje za nespravedliv\u00e9, \u017ee n\u011bkter\u00e9 bohat\u00e9 z\u00e1padoevropsk\u00e9 \u010dlensk\u00e9 st\u00e1ty vyd\u00e1vaj\u00ed na obranu pouze 1 a\u017e 1,5 % sv\u00e9ho HDP, dodal Rubio.<\/span><\/p>\n<p data-start=\"1284\" data-end=\"1337\"><em><span>&#8222;Prost\u011b to nem\u016f\u017eeme d\u00e1l dotovat,&#8220;<\/span><\/em><span>\u00a0zd\u016fraznil.\u00a0\u00a0<\/span><em><span>\u201e<\/span><span>\u00a0Jsou to bohat\u00e9 zem\u011b, zejm\u00e9na v z\u00e1padn\u00ed Evrop\u011b. Maj\u00ed dost pen\u011bz. M\u011bli by to investovat do sv\u00e9 n\u00e1rodn\u00ed bezpe\u010dnosti, a ned\u011blaj\u00ed to.\u00a0<\/span><span>\u201c<\/span><\/em><\/p>\n<p data-start=\"1339\" data-end=\"1696\"><span>Americk\u00fd prezident Donald Trump argumentoval, \u017ee sou\u010dasn\u00fd c\u00edl v\u00fddaj\u016f NATO na obranu ve v\u00fd\u0161i 2 % HDP ro\u010dn\u011b \u2013 co\u017e u\u017e je pro \u0159adu \u010dlensk\u00fdch st\u00e1t\u016f v\u00fdzvou \u2013 je p\u0159\u00edli\u0161 n\u00edzk\u00fd a m\u011bl by b\u00fdt zv\u00fd\u0161en na 5 %. B\u011bhem sv\u00e9 kampan\u011b za znovuzvolen\u00ed Trump \u0159ekl, \u017ee\u00a0<\/span><em><span>\u201eabsolutn\u011b\u201c<\/span><\/em><span>\u00a0zv\u00e1\u017e\u00ed odchod z bloku, pokud \u010dlenov\u00e9\u00a0<\/span><em><span>\u201eneplat\u00ed sv\u00e9 \u00fa\u010dty\u201c.<\/span><\/em><\/p>\n<p data-start=\"1698\" data-end=\"1993\"><span>Podle odhadu Sv\u011btov\u00e9 banky z roku 2023 USA vy\u010dle\u0148uj\u00ed na vojensk\u00e9 v\u00fddaje kolem 3,4 % HDP. Naproti tomu evrop\u0161t\u00ed \u010dlenov\u00e9 NATO utr\u00e1cej\u00ed v pr\u016fm\u011bru 1,9 %, co\u017e je m\u00e9n\u011b ne\u017e 60 % v\u00fddaj\u016f USA, uvedla agentura Reuters za\u010d\u00e1tkem tohoto m\u011bs\u00edce s odkazem na S&amp;P Global.<\/span><\/p>\n<p data-start=\"1995\" data-end=\"2207\"><span>Spln\u011bn\u00ed Trumpova navrhovan\u00e9ho c\u00edle 5% vojensk\u00fdch v\u00fddaj\u016f by zp\u016fsobilo, \u017ee rozpo\u010dtov\u00fd deficit Francie a N\u011bmecka v roce 2025 vzroste na 4,6 %, respektive 8,9 %, ve srovn\u00e1n\u00ed se sou\u010dasn\u00fdmi projekcemi 1,7 % a 6 %, odhaduje S&amp;P.<\/span><\/p>\n<p data-start=\"2209\" data-end=\"2598\"><span>Od roku 2022 poskytly USA a jejich spojenci Ukrajin\u011b pomoc ve v\u00fd\u0161i v\u00edce ne\u017e 258 miliard dolar\u016f, v\u010detn\u011b vojensk\u00e9 pomoci p\u0159es 134 miliard dolar\u016f, uv\u00e1d\u00ed n\u011bmeck\u00fd Kielsk\u00fd institut. Z\u00e1padn\u00ed st\u00e1ty vy\u010derpaly sv\u00e9 vojensk\u00e9 z\u00e1soby a sna\u017eily se zv\u00fd\u0161it v\u00fdrobu zbran\u00ed kv\u016fli deindustrializaci, offshore v\u00fdrob\u011b, zelen\u00e9 politice a sankc\u00edm v\u016f\u010di rusk\u00e9 energetice.<\/span><\/p>\n<p data-start=\"2600\" data-end=\"2756\"><span>Trump tvrd\u00ed, \u017ee Washington za vl\u00e1dy jeho p\u0159edch\u016fdce Joea Bidena utratil na Ukrajin\u011b a\u017e 350 miliard dolar\u016f a sl\u00edbil, \u017ee tyto pen\u00edze vr\u00e1t\u00ed.<\/span><\/p>\n<p data-start=\"2758\" data-end=\"3129\"><span>Moskva varovala, \u017ee vojensk\u00e1 pomoc NATO Ukrajin\u011b fakticky \u010din\u00ed z \u010dlensk\u00fdch st\u00e1t\u016f strany konfliktu. Trump je prvn\u00edm a jedin\u00fdm z\u00e1padn\u00edm v\u016fdcem, kter\u00fd uznal, \u017ee jednou z hlavn\u00edch p\u0159\u00ed\u010din ukrajinsk\u00e9ho konfliktu byla\u00a0<\/span><em><span>\u201en\u00e1tlakov\u00e1 politika p\u0159edchoz\u00ed administrativy zatahuj\u00edc\u00ed Ukrajinu do NATO,\u201c<\/span><\/em><span>\u00a0\u0159ekl minul\u00fd t\u00fdden rusk\u00fd ministr zahrani\u010d\u00ed Sergej Lavrov.<\/span><\/p>\n<p data-start=\"2758\" data-end=\"3129\"><img decoding=\"async\" loading=\"lazy\" class=\"alignnone size-full wp-image-71983\" src=\"http:\/\/www.infokuryr.cz\/n\/wp-content\/uploads\/2025\/02\/aaa.jpg\" alt=\"\" width=\"89\" height=\"23\" \/><\/p>\n<p data-start=\"2758\" data-end=\"3129\">\n","protected":false},"excerpt":{"rendered":"<p>Evrop\u0161t\u00ed \u010dlenov\u00e9 vojensk\u00e9ho bloku po desetilet\u00ed podfinancovali sv\u00e9 arm\u00e1dy, \u0159ekl nejvy\u0161\u0161\u00ed diplomat Washington ji\u017e nem\u016f\u017ee&#8230;<\/p>\n","protected":false},"author":2,"featured_media":73266,"comment_status":"closed","ping_status":"closed","sticky":false,"template":"","format":"standard","meta":[],"categories":[7],"tags":[45,39,8473],"_links":{"self":[{"href":"https:\/\/www.infokuryr.cz\/n\/wp-json\/wp\/v2\/posts\/73269"}],"collection":[{"href":"https:\/\/www.infokuryr.cz\/n\/wp-json\/wp\/v2\/posts"}],"about":[{"href":"https:\/\/www.infokuryr.cz\/n\/wp-json\/wp\/v2\/types\/post"}],"author":[{"embeddable":true,"href":"https:\/\/www.infokuryr.cz\/n\/wp-json\/wp\/v2\/users\/2"}],"replies":[{"embeddable":true,"href":"https:\/\/www.infokuryr.cz\/n\/wp-json\/wp\/v2\/comments?post=73269"}],"version-history":[{"count":0,"href":"https:\/\/www.infokuryr.cz\/n\/wp-json\/wp\/v2\/posts\/73269\/revisions"}],"wp:featuredmedia":[{"embeddable":true,"href":"https:\/\/www.infokuryr.cz\/n\/wp-json\/wp\/v2\/media\/73266"}],"wp:attachment":[{"href":"https:\/\/www.infokuryr.cz\/n\/wp-json\/wp\/v2\/media?parent=73269"}],"wp:term":[{"taxonomy":"category","embeddable":true,"href":"https:\/\/www.infokuryr.cz\/n\/wp-json\/wp\/v2\/categories?post=73269"},{"taxonomy":"post_tag","embeddable":true,"href":"https:\/\/www.infokuryr.cz\/n\/wp-json\/wp\/v2\/tags?post=73269"}],"curies":[{"name":"wp","href":"https:\/\/api.w.org\/{rel}","templated":true}]}}