{"id":73156,"date":"2025-02-26T04:36:32","date_gmt":"2025-02-26T03:36:32","guid":{"rendered":"https:\/\/www.infokuryr.cz\/n\/?p=73156"},"modified":"2025-02-26T04:36:32","modified_gmt":"2025-02-26T03:36:32","slug":"izrael-zahajil-nalety-s-cilem-demilitarizovat-syrii","status":"publish","type":"post","link":"https:\/\/www.infokuryr.cz\/n\/2025\/02\/26\/izrael-zahajil-nalety-s-cilem-demilitarizovat-syrii\/","title":{"rendered":"Izrael zah\u00e1jil n\u00e1lety s c\u00edlem \u201edemilitarizovat\u201c S\u00fdrii"},"content":{"rendered":"<div id=\"fb-root\"><\/div>\n<p><span style=\"font-size: 18pt;\"><strong>Izraelsk\u00fd ministr obrany pohrozil, \u017ee se st\u0159etne s nov\u00fdmi \u201es\u00edlami syrsk\u00e9ho re\u017eimu\u201c palbou<\/strong><\/span><\/p>\n<p data-start=\"201\" data-end=\"365\"><span>Izraelsk\u00e1 v\u00e1le\u010dn\u00e1 letadla provedla n\u00e1lety na vojensk\u00e9 c\u00edle v ji\u017en\u00ed S\u00fdrii, v\u010detn\u011b oblast\u00ed pobl\u00ed\u017e Dama\u0161ku a provincie Deraa, po po\u017eadavku premi\u00e9ra Benjamina Netanjahua na \u00faplnou demilitarizaci regionu.<\/span><\/p>\n<p data-start=\"609\" data-end=\"942\"><span>V \u00fater\u00fd ve\u010der izraelsk\u00e9 obrann\u00e9 s\u00edly (IDF) zas\u00e1hly n\u011bkolik syrsk\u00fdch\u00a0<\/span><em><span>\u201evelic\u00edch center\u201c<\/span><\/em><span>\u00a0a\u00a0<\/span><em><span>\u201em\u00edst obsahuj\u00edc\u00edch zbran\u011b\u201c<\/span><\/em><span>\u00a0ve m\u011bst\u011b Kiswah ji\u017en\u011b od Dama\u0161ku a v ji\u017en\u00ed provincii Deraa s argumentem, \u017ee p\u0159\u00edtomnost\u00a0<\/span><em><span>\u201evojensk\u00fdch sil a prost\u0159edk\u016f v ji\u017en\u00ed \u010d\u00e1sti S\u00fdrie p\u0159edstavuje hrozbu pro ob\u010dany Izraele\u201c.<\/span><\/em><\/p>\n<p data-start=\"944\" data-end=\"1160\"><span>Mluv\u010d\u00ed izraelsk\u00e9ho ministra obrany Israel Katz v prohl\u00e1\u0161en\u00ed potvrdil, \u017ee izraelsk\u00e9 letectvo\u00a0<\/span><em><span>\u201esiln\u011b \u00fato\u010d\u00ed v ji\u017en\u00ed S\u00fdrii v r\u00e1mci nov\u00e9 politiky, kterou jsme definovali pro uklidn\u011bn\u00ed ji\u017en\u00ed S\u00fdrie\u201c.<\/span><\/em><\/p>\n<p data-start=\"1162\" data-end=\"1345\"><em><span>\u201eJak\u00fdkoli pokus sil syrsk\u00e9ho re\u017eimu a teroristick\u00fdch organizac\u00ed zem\u011b usadit se v bezpe\u010dnostn\u00ed z\u00f3n\u011b na jihu S\u00fdrie bude zasa\u017een palbou,\u201c<\/span><\/em><span>\u00a0dodal Katz.<\/span><\/p>\n<p data-start=\"1347\" data-end=\"1632\"><span>Islamistick\u00e1 skupina Hayat Tahrir al-Sham (HTS) p\u0159evzala moc v Dama\u0161ku v prosinci po v\u00edce ne\u017e deseti letech boj\u016f proti prezidentu Ba\u0161\u00e1ru al-Asadovi. IDF vyu\u017eily p\u0159\u00edle\u017eitosti postoupit za sv\u00e9 p\u0159edchoz\u00ed pozice na Golansk\u00fdch v\u00fd\u0161in\u00e1ch a zmocnit se strategick\u00e9 hory Hermon.<\/span><\/p>\n<p data-start=\"1634\" data-end=\"1771\"><span>Netanjahu v ned\u011bli prohl\u00e1sil, \u017ee Izrael nedovol\u00ed HTS nebo nov\u00e9 formovan\u00e9 syrsk\u00e9 arm\u00e1d\u011b\u00a0<\/span><em><span>\u201evstoupit do oblasti ji\u017en\u011b od Dama\u0161ku\u201c.<\/span><\/em><\/p>\n<p data-start=\"1773\" data-end=\"2070\"><em><span>&#8222;Po\u017eadujeme \u00faplnou demilitarizaci ji\u017en\u00ed S\u00fdrie v provinci\u00edch Qunejtra, Deraa a Suweida od sil nov\u00e9ho re\u017eimu,&#8220;<\/span><\/em><span>\u00a0uvedl izraelsk\u00fd premi\u00e9r v projevu k vojensk\u00fdm kadet\u016fm.\u00a0<\/span><em><span>&#8222;Stejn\u011b tak nebudeme tolerovat \u017e\u00e1dn\u00e9 ohro\u017een\u00ed dr\u00fazsk\u00e9 komunity v ji\u017en\u00ed S\u00fdrii.&#8220;<\/span><\/em><\/p>\n<p data-start=\"2072\" data-end=\"2483\"><span>Izrael poprv\u00e9 z\u00edskal kontrolu nad Golansk\u00fdmi v\u00fd\u0161inami v roce 1967 pot\u00e9, co porazil S\u00fdrii a Egypt v \u0161estidenn\u00ed v\u00e1lce. Dama\u0161ek nedok\u00e1zal znovu dob\u00fdt strategickou oblast v roce 1973. Z\u00e1padn\u00ed Jeruzal\u00e9m ofici\u00e1ln\u011b anektoval \u00fazem\u00ed v roce 1981, a\u010dkoli tento krok nebyl mezin\u00e1rodn\u011b uzn\u00e1n. N\u00e1razn\u00edkovou z\u00f3nu mezi \u00fazem\u00edm kontrolovan\u00fdm Izraelem a S\u00fdri\u00ed dlouhodob\u011b obsazuj\u00ed pozorovatelsk\u00e9 s\u00edly OSN (UNDOF).<\/span><\/p>\n<p data-start=\"2485\" data-end=\"2731\"><span>Kdy\u017e se HTS zmocnila kontroly nad Dama\u0161kem, IDF se p\u0159esunuly do n\u00e1razn\u00edkov\u00e9 z\u00f3ny a v n\u011bkter\u00fdch p\u0159\u00edpadech postoupily hloub\u011bji na syrsk\u00e9 \u00fazem\u00ed. Netanjahu nav\u0161t\u00edvil voj\u00e1ky IDF na ho\u0159e Hermon v polovin\u011b prosince a ozna\u010dil to za\u00a0<\/span><em><span>\u201evzru\u0161uj\u00edc\u00ed historick\u00fd okam\u017eik\u201c.<\/span><\/em><\/p>\n<div class=\"article__cover\">\n<div class=\"media\"><picture><source srcset=\"https:\/\/mf.b37mrtl.ru\/files\/2025.02\/original\/67be6ed385f54062753906f4.jpg\" sizes=\"991px\" data-srcset=\"https:\/\/mf.b37mrtl.ru\/files\/2025.02\/original\/67be6ed385f54062753906f4.jpg\" \/><img decoding=\"async\" loading=\"lazy\" class=\"read-more__cover lazyautosizes lazyloaded aligncenter\" src=\"https:\/\/mf.b37mrtl.ru\/files\/2025.02\/original\/67be6ed385f54062753906f4.jpg\" sizes=\"991px\" alt=\"RT\" width=\"855\" height=\"597\" data-sizes=\"auto\" data-src=\"https:\/\/mf.b37mrtl.ru\/files\/2025.02\/original\/67be6ed385f54062753906f4.jpg\" \/><\/picture>\n<div class=\"media__footer media__footer_bottom \">\n<div class=\"media__title media__title_footer\" style=\"text-align: center;\"><em>\u00a9 Mehmet Yaren Bozgun \/ Anadolu p\u0159es Getty Images<\/em><\/div>\n<\/div>\n<\/div>\n<\/div>\n<p data-start=\"2733\" data-end=\"3077\"><span>Na Golansk\u00fdch v\u00fd\u0161in\u00e1ch, kter\u00e9 jsou tak\u00e9 domovem podobn\u00e9ho po\u010dtu syrsk\u00fdch dr\u00faz\u016f, v sou\u010dasnosti \u017eije kolem 20 000 \u017eidovsk\u00fdch osadn\u00edk\u016f. P\u0159ibli\u017en\u011b 30 \u017eidovsk\u00fdch osad v oblasti je podle mezin\u00e1rodn\u00edho pr\u00e1va pova\u017eov\u00e1no za neleg\u00e1ln\u00ed. Washington ofici\u00e1ln\u011b uznal Golansk\u00e9 v\u00fd\u0161iny jako pod izraelskou suverenitou v roce 2019 za prezidenta Donalda Trumpa.<\/span><\/p>\n<p data-start=\"3079\" data-end=\"3295\"><span>Nov\u00e1 syrsk\u00e1 vl\u00e1da opakovan\u011b po\u017eadovala sta\u017een\u00ed izraelsk\u00fdch jednotek a nal\u00e9hala na rozm\u00edst\u011bn\u00ed sil OSN v n\u00e1razn\u00edkov\u00e9 z\u00f3n\u011b \u2013\u00a0<\/span><strong>\u00a0<\/strong><span>naposledy v \u00fater\u00fd, jen n\u011bkolik hodin p\u0159edt\u00edm, ne\u017e Izrael zah\u00e1jil n\u00e1lety.<\/span><\/p>\n<p data-start=\"3079\" data-end=\"3295\"><img decoding=\"async\" loading=\"lazy\" class=\"alignnone size-full wp-image-71983\" src=\"http:\/\/www.infokuryr.cz\/n\/wp-content\/uploads\/2025\/02\/aaa.jpg\" alt=\"\" width=\"89\" height=\"23\" \/><\/p>\n<p data-start=\"3079\" data-end=\"3295\">\n","protected":false},"excerpt":{"rendered":"<p>Izraelsk\u00fd ministr obrany pohrozil, \u017ee se st\u0159etne s nov\u00fdmi \u201es\u00edlami syrsk\u00e9ho re\u017eimu\u201c palbou Izraelsk\u00e1 v\u00e1le\u010dn\u00e1&#8230;<\/p>\n","protected":false},"author":2,"featured_media":63294,"comment_status":"closed","ping_status":"closed","sticky":false,"template":"","format":"standard","meta":[],"categories":[7],"tags":[107,3535,147],"_links":{"self":[{"href":"https:\/\/www.infokuryr.cz\/n\/wp-json\/wp\/v2\/posts\/73156"}],"collection":[{"href":"https:\/\/www.infokuryr.cz\/n\/wp-json\/wp\/v2\/posts"}],"about":[{"href":"https:\/\/www.infokuryr.cz\/n\/wp-json\/wp\/v2\/types\/post"}],"author":[{"embeddable":true,"href":"https:\/\/www.infokuryr.cz\/n\/wp-json\/wp\/v2\/users\/2"}],"replies":[{"embeddable":true,"href":"https:\/\/www.infokuryr.cz\/n\/wp-json\/wp\/v2\/comments?post=73156"}],"version-history":[{"count":0,"href":"https:\/\/www.infokuryr.cz\/n\/wp-json\/wp\/v2\/posts\/73156\/revisions"}],"wp:featuredmedia":[{"embeddable":true,"href":"https:\/\/www.infokuryr.cz\/n\/wp-json\/wp\/v2\/media\/63294"}],"wp:attachment":[{"href":"https:\/\/www.infokuryr.cz\/n\/wp-json\/wp\/v2\/media?parent=73156"}],"wp:term":[{"taxonomy":"category","embeddable":true,"href":"https:\/\/www.infokuryr.cz\/n\/wp-json\/wp\/v2\/categories?post=73156"},{"taxonomy":"post_tag","embeddable":true,"href":"https:\/\/www.infokuryr.cz\/n\/wp-json\/wp\/v2\/tags?post=73156"}],"curies":[{"name":"wp","href":"https:\/\/api.w.org\/{rel}","templated":true}]}}