{"id":73154,"date":"2025-02-26T04:33:42","date_gmt":"2025-02-26T03:33:42","guid":{"rendered":"https:\/\/www.infokuryr.cz\/n\/?p=73154"},"modified":"2025-02-26T04:33:42","modified_gmt":"2025-02-26T03:33:42","slug":"icc-vyzvan-k-zahajeni-bidenovo-vysetrovani","status":"publish","type":"post","link":"https:\/\/www.infokuryr.cz\/n\/2025\/02\/26\/icc-vyzvan-k-zahajeni-bidenovo-vysetrovani\/","title":{"rendered":"ICC vyzv\u00e1n k zah\u00e1jen\u00ed Bidenovo vy\u0161et\u0159ov\u00e1n\u00ed"},"content":{"rendered":"<div id=\"fb-root\"><\/div>\n<p><span style=\"font-size: 18pt;\"><strong>Nejvy\u0161\u0161\u00ed p\u0159edstavitel\u00e9 p\u0159edchoz\u00ed americk\u00e9 administrativy se pod\u00edleli na izraelsk\u00fdch zv\u011brstvech v Gaze, tvrd\u00ed americk\u00e1 neziskov\u00e1 organizace<\/strong><\/span><\/p>\n<p><span>Nevl\u00e1dn\u00ed organizace se s\u00eddlem v USA vyzvala Mezin\u00e1rodn\u00ed trestn\u00ed soud (ICC) se s\u00eddlem v Haagu, aby pro\u0161et\u0159il b\u00fdval\u00e9ho americk\u00e9ho prezidenta Joea Bidena a dva nejvy\u0161\u0161\u00ed p\u0159edstavitele jeho administrativy a obvinil je z toho, \u017ee se hr\u00e1li jako spolu\u00fa\u010dast na izraelsk\u00fdch v\u00e1le\u010dn\u00fdch zlo\u010dinech v Gaze.<\/span><\/p>\n<p><span>Podle pond\u011bln\u00ed\u00a0<\/span><a href=\"https:\/\/dawnmena.org\/international-criminal-court-investigate-biden-blinken-and-austin-for-aiding-and-abetting-israeli-crimes-in-gaza\/\" target=\"_blank\" rel=\"noopener noreferrer\"><span>tiskov\u00e9 zpr\u00e1vy<\/span><\/a><span>\u00a0neziskov\u00e9 organizace Democracy for the Arab World Now (DAWN) podala minul\u00fd m\u011bs\u00edc svou \u017e\u00e1dost \u017ealobci ICC Karim Khanovi.\u00a0V lo\u0148sk\u00e9m roce zajistil Khan zatyka\u010de na izraelsk\u00e9ho premi\u00e9ra Benjamina Netanjahua a jeho b\u00fdval\u00e9ho ministra obrany Yoava Gallanta a tak\u00e9 na t\u0159i postavy ve veden\u00ed Hamasu kv\u016fli \u00fadajn\u00fdm v\u00e1le\u010dn\u00fdm zlo\u010din\u016fm sp\u00e1chan\u00fdm v enkl\u00e1v\u011b.<\/span><\/p>\n<p><span>Biden, b\u00fdval\u00fd ministr zahrani\u010d\u00ed Antony Blinken a b\u00fdval\u00fd ministr obrany Lloyd Austin u\u010dinili\u00a0<\/span><em><span>\u201e\u00famysln\u00e1 a \u00fa\u010deln\u00e1 rozhodnut\u00ed\u201c<\/span><\/em><span>\u00a0s c\u00edlem\u00a0<\/span><em><span>\u201eposkytnout vojenskou, politickou a ve\u0159ejnou podporu pro usnadn\u011bn\u00ed izraelsk\u00fdch zlo\u010din\u016f v Gaze,\u201c<\/span><\/em><span>\u00a0uvedla tiskov\u00e1 zpr\u00e1va.<\/span><\/p>\n<p><span>Podle neziskov\u00e9 organizace 172str\u00e1nkov\u00e9\u00a0<\/span><a href=\"https:\/\/dawnmena.org\/wp-content\/uploads\/2025\/02\/DAWN-ICC-Jan-2025-final.pdf\" target=\"_blank\" rel=\"noopener noreferrer\"><span>sd\u011blen\u00ed<\/span><\/a><span>\u00a0DAWN Khanovi obsahovalo pr\u00e1vn\u00ed zd\u016fvodn\u011bn\u00ed vytvo\u0159en\u00e9 s pomoc\u00ed pr\u00e1vn\u00edk\u016f registrovan\u00fdch v ICC a odborn\u00edk\u016f na v\u00e1le\u010dn\u00e9 zlo\u010diny.<\/span><\/p>\n<p><em><span>&#8222;Existuj\u00ed pevn\u00e9 d\u016fvody pro vy\u0161et\u0159ov\u00e1n\u00ed Joe Bidena, Antonyho Blinkena a Lloyda Austina za spolu\u00fa\u010dast na izraelsk\u00fdch zlo\u010dinech,&#8220;<\/span><\/em><span>\u00a0uvedl v tiskov\u00e9 zpr\u00e1v\u011b \u010dlen p\u0159edstavenstva DAWN a pr\u00e1vn\u00edk pro v\u00e1le\u010dn\u00e9 zlo\u010diny Reed Brody.\u00a0<\/span><em><span>&#8222;Bomby svr\u017een\u00e9 na palestinsk\u00e9 nemocnice, \u0161koly a domy jsou americk\u00e9 bomby, kampa\u0148 vra\u017ed a pron\u00e1sledov\u00e1n\u00ed byla provedena s americkou podporou,&#8220;<\/span><\/em><span>\u00a0dodal.<\/span><\/p>\n<p><span>Izraelsk\u00e1 vojensk\u00e1 operace v Gaze podle m\u00edstn\u00edch zdravotnick\u00fdch \u00fa\u0159ad\u016f \u0159\u00edzen\u00fdch Hamasem enkl\u00e1vu zdevastovala a zabila v\u00edce ne\u017e 48 000 Palestinc\u016f. EU, OSN a Sv\u011btov\u00e1 banka ve spole\u010dn\u00e9m prohl\u00e1\u0161en\u00ed minul\u00fd t\u00fdden odhadly, \u017ee obnova Gazy bude v p\u0159\u00ed\u0161t\u00edm desetilet\u00ed vy\u017eadovat v\u00edce ne\u017e 53 miliard dolar\u016f.<\/span><\/p>\n<p><span>Americk\u00fd prezident Donald Trump od sv\u00e9 inaugurace minul\u00fd m\u011bs\u00edc posv\u011btil ICC a Khana kv\u016fli zatyka\u010d\u016fm na Netanjahua a Gallanta a obvinil soud, \u017ee vytvo\u0159il\u00a0<\/span><em><span>\u201enebezpe\u010dn\u00fd precedens\u201c<\/span><\/em><span>\u00a0a vystavil izraelsk\u00fd a americk\u00fd person\u00e1l nebezpe\u010d\u00ed\u00a0<\/span><em><span>\u201eobt\u011b\u017eov\u00e1n\u00ed, zneu\u017e\u00edv\u00e1n\u00ed a mo\u017en\u00e9ho zat\u010den\u00ed\u201c.<\/span><\/em><\/p>\n<p><span>Izrael ani USA nejsou signat\u00e1\u0159i \u0158\u00edmsk\u00e9ho statutu, a proto neuzn\u00e1vaj\u00ed jurisdikci ICC.<\/span><\/p>\n<p><span>Trump by mohl b\u00fdt podle smlouvy odpov\u011bdn\u00fd za ma\u0159en\u00ed spravedlnosti, napsal DAWN ve sv\u00e9 tiskov\u00e9 zpr\u00e1v\u011b. N\u00e1vrh americk\u00e9ho prezidenta vys\u00eddlit Palestince a ovl\u00e1dnout Gazu\u00a0<\/span><em><span>\u201eby tak\u00e9 vystavil prezidenta Trumpa individu\u00e1ln\u00ed odpov\u011bdnosti za v\u00e1le\u010dn\u00e9 zlo\u010diny,\u201c<\/span><\/em><span>\u00a0dodala neziskov\u00e1 organizace.<\/span><\/p>\n<p><span>Za\u010d\u00e1tkem \u00fanora Trump ozn\u00e1mil, \u017ee\u00a0<\/span><em><span>\u201eUSA p\u0159evezmou p\u00e1smo Gazy\u201c,<\/span><\/em><span>\u00a0srovnaj\u00ed zni\u010den\u00e9 budovy se zem\u00ed a rozvinou je. Palestinci by byli vys\u00eddleni do\u00a0<\/span><em><span>\u201esousedn\u00edch zem\u00ed velk\u00e9ho bohatstv\u00ed\u201c,<\/span><\/em><span>\u00a0navrhl Trump.<\/span><\/p>\n<p><span>Trump se setkal s p\u0159\u00edm\u00fdm odm\u00edtnut\u00edm ze strany arabsk\u00fdch st\u00e1t\u016f a zd\u016fraznil, \u017ee\u00a0pl\u00e1n\u00a0<\/span><em><span>\u201enevynucuje\u201c .<\/span><\/em><\/p>\n<p><em><span>&#8222;Mysl\u00edm, \u017ee to je pl\u00e1n, kter\u00fd opravdu funguje, ale nenut\u00edm ho.&#8220; Jen se posad\u00edm a doporu\u010d\u00edm to,\u201c<\/span><\/em><span>\u00a0\u0159ekl minul\u00fd t\u00fdden v rozhovoru pro r\u00e1dio Fox News.<\/span><\/p>\n<p><img decoding=\"async\" loading=\"lazy\" class=\"alignnone size-full wp-image-71983\" src=\"http:\/\/www.infokuryr.cz\/n\/wp-content\/uploads\/2025\/02\/aaa.jpg\" alt=\"\" width=\"89\" height=\"23\" \/><\/p>\n<p>&nbsp;<\/p>\n","protected":false},"excerpt":{"rendered":"<p>Nejvy\u0161\u0161\u00ed p\u0159edstavitel\u00e9 p\u0159edchoz\u00ed americk\u00e9 administrativy se pod\u00edleli na izraelsk\u00fdch zv\u011brstvech v Gaze, tvrd\u00ed americk\u00e1 neziskov\u00e1&#8230;<\/p>\n","protected":false},"author":2,"featured_media":73155,"comment_status":"closed","ping_status":"closed","sticky":false,"template":"","format":"standard","meta":[],"categories":[7],"tags":[72,178,4625,107,538],"_links":{"self":[{"href":"https:\/\/www.infokuryr.cz\/n\/wp-json\/wp\/v2\/posts\/73154"}],"collection":[{"href":"https:\/\/www.infokuryr.cz\/n\/wp-json\/wp\/v2\/posts"}],"about":[{"href":"https:\/\/www.infokuryr.cz\/n\/wp-json\/wp\/v2\/types\/post"}],"author":[{"embeddable":true,"href":"https:\/\/www.infokuryr.cz\/n\/wp-json\/wp\/v2\/users\/2"}],"replies":[{"embeddable":true,"href":"https:\/\/www.infokuryr.cz\/n\/wp-json\/wp\/v2\/comments?post=73154"}],"version-history":[{"count":0,"href":"https:\/\/www.infokuryr.cz\/n\/wp-json\/wp\/v2\/posts\/73154\/revisions"}],"wp:featuredmedia":[{"embeddable":true,"href":"https:\/\/www.infokuryr.cz\/n\/wp-json\/wp\/v2\/media\/73155"}],"wp:attachment":[{"href":"https:\/\/www.infokuryr.cz\/n\/wp-json\/wp\/v2\/media?parent=73154"}],"wp:term":[{"taxonomy":"category","embeddable":true,"href":"https:\/\/www.infokuryr.cz\/n\/wp-json\/wp\/v2\/categories?post=73154"},{"taxonomy":"post_tag","embeddable":true,"href":"https:\/\/www.infokuryr.cz\/n\/wp-json\/wp\/v2\/tags?post=73154"}],"curies":[{"name":"wp","href":"https:\/\/api.w.org\/{rel}","templated":true}]}}