{"id":73153,"date":"2025-02-26T04:30:17","date_gmt":"2025-02-26T03:30:17","guid":{"rendered":"https:\/\/www.infokuryr.cz\/n\/?p=73153"},"modified":"2025-02-26T05:56:33","modified_gmt":"2025-02-26T04:56:33","slug":"jiri-paroubek-valecnicke-zamery-pomalu-konciciho-premiera-fialy","status":"publish","type":"post","link":"https:\/\/www.infokuryr.cz\/n\/2025\/02\/26\/jiri-paroubek-valecnicke-zamery-pomalu-konciciho-premiera-fialy\/","title":{"rendered":"Ji\u0159\u00ed Paroubek: V\u00e1le\u010dnick\u00e9 z\u00e1m\u011bry pomalu kon\u010d\u00edc\u00edho premi\u00e9ra Fialy"},"content":{"rendered":"<div id=\"fb-root\"><\/div>\n<p><strong>V\u010dera premi\u00e9r Fiala vyhl\u00e1sil, jako hlavn\u00ed c\u00edl sv\u00e9 vl\u00e1dy ve vojensk\u00e9 oblasti, rychl\u00e9 nav\u00fd\u0161en\u00ed vojensk\u00fdch v\u00fddaj\u016f republiky ze dvou na t\u0159i procenta hrub\u00e9ho dom\u00e1c\u00edho produktu (HDP). Tento krok na jednu stranu nen\u00ed ne\u010dekan\u00fd, proto\u017ee Fialova administrativa se v\u017edy cht\u011bla zavd\u011b\u010dit na\u0161im americk\u00fdm spojenc\u016fm.<\/strong><\/p>\n<p>P\u0159ipom\u00edn\u00e1m, \u017ee prezident Trump mezi \u0159adou v\u00fdte\u010dn\u00fdch z\u00e1m\u011br\u016f sm\u011b\u0159uj\u00edc\u00edch zejm\u00e9na k\u00a0urovn\u00e1n\u00ed vztah\u016f s\u00a0Ruskem a ukon\u010den\u00ed v\u00e1lky na Ukrajin\u011b, m\u00e1 \u0159adu n\u00e1pad\u016f, kter\u00e9 jako by vypadly z\u00a0d\u00edlny Jaroslava Ha\u0161ka. Bohu\u017eel, tak\u00e9 tu a tam st\u0159\u00edl\u00ed od boku a tu a tam, kdy\u017e n\u011bkter\u00fd slab\u00fd mozek v\u00a0\u0159ad\u00e1ch evropsk\u00fdch politik\u016f podlehne jeho slovn\u00ed pyrotechnice, m\u016f\u017ee doj\u00edt v rozpo\u010dtov\u00e9 oblasti k nedoz\u00edrn\u00fdm n\u00e1sledk\u016fm. Ve vojensk\u00fdch v\u00fddaj\u00edch nast\u0159elil D. Trump svou p\u0159edstavu, \u017ee by se evrop\u0161t\u00ed spojenci m\u011bli dostat se sv\u00fdmi v\u00fddaji a\u017e na 5% HDP. To by v na\u0161ich podm\u00ednk\u00e1ch znamenalo vynakl\u00e1dat na zbrojen\u00ed ka\u017edoro\u010dn\u011b zhruba 400 a\u017e 440 mld. korun. A to v\u0161e je\u0161t\u011b v\u00a0situaci, kdy p\u0159ed necel\u00fdmi deseti lety byl rozpo\u010det \u010desk\u00e9ho ministerstva obrany na b\u011b\u017en\u00fd rok do 50 mld. K\u010d. A arm\u00e1da nem\u011bla absorp\u010dn\u00ed kapacitu tyto objemy pen\u011bz v\u016fbec vst\u0159ebat, ka\u017ed\u00fd rok tak vznikaly \u201e\u00faspory\u201c rozpo\u010dtu v\u00a0t\u00e9to oblasti. Po n\u00e1stupu vl\u00e1dy pravost\u0159edov\u00fdch stran p\u0159ed 3 roky vzrostl rozpo\u010det na obranu a\u017e na sou\u010dasn\u00e9 2% HDP. To je\u00a0 v rozpo\u010dtu ministerstva obrany \u010d\u00e1stka p\u0159evy\u0161uj\u00edc\u00ed 150 mld. K\u010d. A je z\u0159ejm\u00e9, \u017ee p\u0159i stagnaci \u010desk\u00e9ho n\u00e1rodn\u00edho hospod\u00e1\u0159stv\u00ed je mo\u017en\u00e9 zajistit \u010d\u00e1stky navy\u0161uj\u00edc\u00ed rozpo\u010det jen za cenu \u010dasto bezohledn\u00fdch \u201e\u00faspor\u201c v\u00a0jin\u00fdch oblastech st\u00e1tn\u00edho rozpo\u010dtu. Jsou to p\u0159edev\u0161\u00edm ve\u0159ejn\u00e9 slu\u017eby, po\u010d\u00ednaje zdravotnictv\u00edm, \u0161kolstv\u00edm, soci\u00e1ln\u00ed oblast\u00ed, ale tak\u00e9 v\u00fddaji na v\u011bdu, v\u00fdzkum, inovace, d\u00e1le pak kulturu, dopravu atd. atd.<\/p>\n<p>V\u00a0tomto roce se vl\u00e1da holedbala, \u017ee meziro\u010dn\u00ed r\u016fst HDP dos\u00e1hne 2,7%. U\u017e v\u00a0tuto chv\u00edli n\u011bkter\u00e9 instituce st\u00e1tu (\u010cNB) toto \u010d\u00edslo hospod\u00e1\u0159sk\u00e9ho r\u016fstu sni\u017euj\u00ed a budou sni\u017eovat d\u00e1le. Zejm\u00e9na pot\u00e9, co budou zavedena dodate\u010dn\u00e1 cla ve Spojen\u00fdch st\u00e1tech, co\u017e bude m\u00edt samoz\u0159ejm\u011b za n\u00e1sledek pokles odbytu evropsk\u00e9ho zbo\u017e\u00ed, zejm\u00e9na automobil\u016f do Spojen\u00fdch st\u00e1t\u016f. A to se nem\u016f\u017ee neprojevit na \u010desk\u00e9m automobilov\u00e9m pr\u016fmyslu, kter\u00fd je u n\u00e1s nosn\u00fdm pr\u016fmyslov\u00fdm odv\u011btv\u00edm a tak\u00e9 nosn\u00fdm exportn\u00edm odv\u011btv\u00edm.<\/p>\n<p>Krom\u011b toho, n\u011bmeck\u00e1 ekonomika nen\u00ed z\u0159ejm\u011b schopna se rychle vzpamatovat ze sou\u010dasn\u00e9 stagnace, nebo\u0165 politick\u00e9 \u0161pi\u010dky N\u011bmecka si zat\u00edm nep\u0159ipou\u0161t\u011bj\u00ed, \u017ee t\u00edm hlavn\u00edm d\u016fvodem ztr\u00e1ty dynamiky n\u011bmeck\u00e9ho hospod\u00e1\u0159stv\u00ed a n\u011bmeck\u00e9ho pr\u016fmyslu je zejm\u00e9na \u00a0nahrazen\u00ed dod\u00e1vek levn\u00fdch rusk\u00fdch surovin, a\u0165 u\u017e energetick\u00fdch, anebo pokud jde o pr\u016fmyslov\u00e9 kovy, dra\u017e\u0161\u00edmi produkty z\u00a0jin\u00fdch oblast\u00ed sv\u011bta. \u0158ekn\u011bme si otev\u0159en\u011b, \u017ee prosperita n\u011bmeck\u00e9ho a \u010desk\u00e9ho pr\u016fmyslu byla po l\u00e9ta z\u00e1visl\u00e1 rozhoduj\u00edc\u00ed m\u011brou na dod\u00e1vk\u00e1ch levn\u00fdch rusk\u00fdch surovin a samoz\u0159ejm\u011b \u2013 pokud jde o odbyt n\u011bmeck\u00e9ho zbo\u017e\u00ed \u2013 zejm\u00e9na na ob\u0159\u00edm \u010d\u00ednsk\u00e9m trhu. Uvid\u00edme, jak se budou vyv\u00edjet vztahy s\u00a0\u010c\u00ednou. Zat\u00edm \u010c\u00edna reagovala na cla, kter\u00e1 stanovila Evropsk\u00e1 komise na dovoz \u010d\u00ednsk\u00fdch elektromobil\u016f velmi um\u00edrn\u011bn\u011b. A \u010d\u00edn\u0161t\u00ed p\u0159edstavitel\u00e9 hovo\u0159\u00ed o tom, \u017ee vid\u00ed v\u00a0EU p\u0159edev\u0161\u00edm partnera. Bylo by dobr\u00e9, aby tuto podanou ruku p\u0159edstavitel\u00e9 Evropsk\u00e9 unie neodm\u00edtli. Je to mimo jin\u00e9 d\u016fle\u017eit\u00e9 pro odbyt evropsk\u00e9ho zbo\u017e\u00ed na \u010d\u00ednsk\u00e9m trhu.<\/p>\n<p>Ale zp\u00e1tky do \u010cesk\u00e9 republiky a k\u00a0fantaskn\u00edm militaristick\u00fdm z\u00e1m\u011br\u016fm premi\u00e9ra Fialy. Z\u00a0dne\u0161n\u00edho rozpo\u010dtu v\u00fddaj\u016f na arm\u00e1du v\u00a0rozsahu m\u00edrn\u011b p\u0159evy\u0161uj\u00edc\u00edm 150 mld. korun by se m\u011blo \u010cesko v\u00a0kr\u00e1tk\u00e9 dob\u011b dostat na v\u00fddaje v\u00a0rozsahu 240 mld. K\u010d ro\u010dn\u011b. Tedy nejm\u00e9n\u011b na tuto \u010d\u00e1stku.<\/p>\n<p>Mysl\u00edm, \u017ee by politick\u00e1 reprezentace \u010ceska m\u011bla vy\u010dkat na v\u00fdsledky jedn\u00e1n\u00ed mezi Spojen\u00fdmi st\u00e1ty a Ruskem, kter\u00e9 nejsp\u00ed\u0161e povedou k\u00a0ukon\u010den\u00ed v\u00e1lky na Ukrajin\u011b a tak\u00e9 k\u00a0ukon\u010den\u00ed politick\u00e9 izolace Ruska ze strany Z\u00e1padu. V\u00a0tomto p\u0159\u00edpad\u011b se jedn\u00e1 zhruba o 40 zem\u00ed, kter\u00e9 se p\u0159edh\u00e1n\u011bj\u00ed ve stanovov\u00e1n\u00ed nejr\u016fzn\u011bj\u0161\u00edch sankc\u00ed, p\u0159edev\u0161\u00edm ekonomick\u00e9ho charakteru ve vztahu k\u00a0Rusku. Ty ostatn\u00ed st\u00e1ty s Ruskem vesele obchoduj\u00ed a udr\u017euj\u00ed vztahy&#8230;.<\/p>\n<p>Je ot\u00e1zka, jak\u00e9 budou dal\u0161\u00ed Trumpovy kroky. Zda to byl jen n\u00e1hodn\u00fd v\u00fdst\u0159el, kdy\u017e hovo\u0159il o tom, \u017ee Spojen\u00e9 st\u00e1ty budou prosazovat sn\u00ed\u017een\u00ed vojensk\u00fdch v\u00fddaj\u016f sv\u00fdch, ale tak\u00e9 \u010c\u00edny a Ruska. Neum\u00edm si p\u0159edstavit, \u017ee by do\u0161lo ke sn\u00ed\u017een\u00ed vojensk\u00fdch v\u00fddaj\u016f v\u00fdchodn\u00edch velmoc\u00ed a Spojen\u00fdch st\u00e1t\u016f a evropsk\u00e9 zem\u011b NATO by vesele zbrojily.<\/p>\n<p>To ned\u00e1v\u00e1 smysl a mysl\u00edm, \u017ee bychom se m\u011bli sp\u00ed\u0161e zam\u011b\u0159it na zm\u011bnu vojensk\u00e9 koncepce republiky, sm\u011brem k n\u00e1kup\u016fm obrann\u00fdch, nikoliv \u00fato\u010dn\u00fdch zbran\u00ed.<\/p>\n<p>Uvedu to na p\u0159\u00edkladu. Asi bych dal p\u0159ednost vytvo\u0159en\u00ed protiraketov\u00e9ho syst\u00e9mu typu izraelsk\u00e9mu Iron Dome za des\u00edtky miliard, p\u0159ed n\u00e1kupem \u00fato\u010dn\u00fdch americk\u00fdch st\u00edha\u010dek F35 za stamiliardy korun. Ale to u\u017e je asi v\u011bc p\u0159\u00ed\u0161t\u00ed vl\u00e1dy, kter\u00e1 se bude mo\u017en\u00e1 ji\u017e pohybovat v\u00a0jin\u00e9m politick\u00e9m prost\u0159ed\u00ed a nebude tak siln\u011b ideologicky determinov\u00e1na, jako vl\u00e1da sou\u010dasn\u00e1.<\/p>\n<p><a href=\"https:\/\/vasevec.info\/komentare\/valecnicke-zamery-pomalu-konciciho-premiera-fialy\">Ji\u0159\u00ed Paroubek<\/a><\/p>\n<p><img decoding=\"async\" loading=\"lazy\" class=\"alignnone size-medium wp-image-2342\" src=\"http:\/\/www.infokuryr.cz\/n\/wp-content\/uploads\/2021\/06\/paroubek-300x208.jpg\" alt=\"\" width=\"300\" height=\"208\" srcset=\"https:\/\/www.infokuryr.cz\/n\/wp-content\/uploads\/2021\/06\/paroubek-300x208.jpg 300w, https:\/\/www.infokuryr.cz\/n\/wp-content\/uploads\/2021\/06\/paroubek.jpg 318w\" sizes=\"(max-width: 300px) 100vw, 300px\" \/><\/p>\n<p>&nbsp;<\/p>\n<p><img decoding=\"async\" loading=\"lazy\" class=\"wp-image-73173 aligncenter\" src=\"http:\/\/www.infokuryr.cz\/n\/wp-content\/uploads\/2025\/02\/demonstrace-08-05-2025-209x300.jpg\" alt=\"\" width=\"758\" height=\"1088\" srcset=\"https:\/\/www.infokuryr.cz\/n\/wp-content\/uploads\/2025\/02\/demonstrace-08-05-2025-209x300.jpg 209w, https:\/\/www.infokuryr.cz\/n\/wp-content\/uploads\/2025\/02\/demonstrace-08-05-2025-713x1024.jpg 713w, https:\/\/www.infokuryr.cz\/n\/wp-content\/uploads\/2025\/02\/demonstrace-08-05-2025-768x1103.jpg 768w, https:\/\/www.infokuryr.cz\/n\/wp-content\/uploads\/2025\/02\/demonstrace-08-05-2025.jpg 891w\" sizes=\"(max-width: 758px) 100vw, 758px\" \/><\/p>\n<p>&nbsp;<\/p>\n","protected":false},"excerpt":{"rendered":"<p>V\u010dera premi\u00e9r Fiala vyhl\u00e1sil, jako hlavn\u00ed c\u00edl sv\u00e9 vl\u00e1dy ve vojensk\u00e9 oblasti, rychl\u00e9 nav\u00fd\u0161en\u00ed vojensk\u00fdch&#8230;<\/p>\n","protected":false},"author":2,"featured_media":11148,"comment_status":"closed","ping_status":"closed","sticky":false,"template":"","format":"standard","meta":[],"categories":[6],"tags":[2718,1503,535,40],"_links":{"self":[{"href":"https:\/\/www.infokuryr.cz\/n\/wp-json\/wp\/v2\/posts\/73153"}],"collection":[{"href":"https:\/\/www.infokuryr.cz\/n\/wp-json\/wp\/v2\/posts"}],"about":[{"href":"https:\/\/www.infokuryr.cz\/n\/wp-json\/wp\/v2\/types\/post"}],"author":[{"embeddable":true,"href":"https:\/\/www.infokuryr.cz\/n\/wp-json\/wp\/v2\/users\/2"}],"replies":[{"embeddable":true,"href":"https:\/\/www.infokuryr.cz\/n\/wp-json\/wp\/v2\/comments?post=73153"}],"version-history":[{"count":0,"href":"https:\/\/www.infokuryr.cz\/n\/wp-json\/wp\/v2\/posts\/73153\/revisions"}],"wp:featuredmedia":[{"embeddable":true,"href":"https:\/\/www.infokuryr.cz\/n\/wp-json\/wp\/v2\/media\/11148"}],"wp:attachment":[{"href":"https:\/\/www.infokuryr.cz\/n\/wp-json\/wp\/v2\/media?parent=73153"}],"wp:term":[{"taxonomy":"category","embeddable":true,"href":"https:\/\/www.infokuryr.cz\/n\/wp-json\/wp\/v2\/categories?post=73153"},{"taxonomy":"post_tag","embeddable":true,"href":"https:\/\/www.infokuryr.cz\/n\/wp-json\/wp\/v2\/tags?post=73153"}],"curies":[{"name":"wp","href":"https:\/\/api.w.org\/{rel}","templated":true}]}}