{"id":73144,"date":"2025-02-26T00:29:50","date_gmt":"2025-02-25T23:29:50","guid":{"rendered":"https:\/\/www.infokuryr.cz\/n\/?p=73144"},"modified":"2025-02-25T17:35:53","modified_gmt":"2025-02-25T16:35:53","slug":"nemecka-bundesbank-vykazala-nejvetsi-ztratu-ve-sve-historii","status":"publish","type":"post","link":"https:\/\/www.infokuryr.cz\/n\/2025\/02\/26\/nemecka-bundesbank-vykazala-nejvetsi-ztratu-ve-sve-historii\/","title":{"rendered":"N\u011bmeck\u00e1 Bundesbank vyk\u00e1zala nejv\u011bt\u0161\u00ed ztr\u00e1tu ve sv\u00e9 historii"},"content":{"rendered":"<div id=\"fb-root\"><\/div>\n<p><span style=\"font-size: 18pt;\"><strong>Centr\u00e1ln\u00ed banka zem\u011b ozn\u00e1mila, \u017ee jej\u00ed rezervy byly zcela vy\u010derp\u00e1ny po ohromuj\u00edc\u00ed ztr\u00e1t\u011b 20 miliard dolar\u016f v roce 2024<\/strong><\/span><\/p>\n<p><span>N\u011bmeck\u00e1 centr\u00e1ln\u00ed banka vyk\u00e1zala nejv\u011bt\u0161\u00ed finan\u010dn\u00ed ztr\u00e1tu od sv\u00e9ho zalo\u017een\u00ed v roce 1957, p\u0159i\u010dem\u017e rekordn\u00ed deficit 20 miliard dolar\u016f p\u0159ipsala prudce rostouc\u00edm \u00farokov\u00fdm sazb\u00e1m v EU.<\/span><\/p>\n<p><span>Evropsk\u00e1 centr\u00e1ln\u00ed banka (ECB) zah\u00e1jila sv\u016fj nejagresivn\u011bj\u0161\u00ed cyklus zvy\u0161ov\u00e1n\u00ed sazeb v \u010dervenci 2022 pot\u00e9, co sankce souvisej\u00edc\u00ed s Ukrajinou uvalen\u00e9 na Rusko zp\u016fsobily raketov\u00fd r\u016fst cen plynu a podkopaly v\u011bt\u0161inu obchodu mezi Moskvou a blokem. Opat\u0159en\u00ed byla navr\u017eena tak, aby bojovala s prudce rostouc\u00ed inflac\u00ed zp\u016fsobenou nekontrolovateln\u00fdmi cenami energie, hnojiv a obil\u00ed.<\/span><\/p>\n<p><span>\u00datern\u00ed prohl\u00e1\u0161en\u00ed Bundesbank potvrdilo, \u017ee jej\u00ed rozvaha za minul\u00fd rok odr\u00e1\u017e\u00ed schodek 19,2 miliardy eur (20,10 miliardy dolar\u016f). P\u0159esto\u017ee banka ji\u017e n\u011bjakou dobu varovala p\u0159ed deficity, sou\u010dasn\u00e1 ztr\u00e1ta vymazala jej\u00ed rezervy, co\u017e znamen\u00e1, \u017ee nebude schopna vypl\u00e1cet dividendy n\u011bmeck\u00e9 vl\u00e1d\u011b.<\/span><\/p>\n<p><em><span>&#8222;O\u010dek\u00e1v\u00e1me, \u017ee nebudeme schopni rozd\u011blovat zisky po dlouhou dobu,&#8220;<\/span><\/em><span>\u00a0citoval Bild prezidenta Bundesbank Joachima Nagela.<\/span><\/p>\n<p><span>O\u010dek\u00e1v\u00e1 se, \u017ee deficity budou p\u0159etrv\u00e1vat i v n\u00e1sleduj\u00edc\u00edch letech, i kdy\u017e Bundesbank p\u0159edpokl\u00e1d\u00e1, \u017ee ztr\u00e1ty budou ni\u017e\u0161\u00ed ne\u017e v roce 2024.<\/span><\/p>\n<p><span>Tento v\u00fdvoj p\u0159ich\u00e1z\u00ed v dob\u011b, kdy nejvy\u0161\u0161\u00ed ekonomika EU trp\u00ed tvrdohlav\u00fdm poklesem. V roce 2024 se n\u011bmeck\u00e1 ekonomika propadla podruh\u00e9 za sebou, poprv\u00e9 za v\u00edce ne\u017e dv\u011b desetilet\u00ed.<\/span><\/p>\n<p><span>Ofici\u00e1ln\u00ed \u00fadaje zve\u0159ejn\u011bn\u00e9 minul\u00fd m\u011bs\u00edc uk\u00e1zaly, \u017ee hrub\u00fd dom\u00e1c\u00ed produkt loni klesl o 0,2 % po poklesu o 0,3 % v roce 2023.<\/span><\/p>\n<p><span>Nejv\u011bt\u0161\u00ed ekonomika euroz\u00f3ny v posledn\u00edch letech zaost\u00e1v\u00e1 za sv\u00fdmi prot\u011bj\u0161ky, p\u0159edev\u0161\u00edm kv\u016fli dlouhodob\u00e9mu poklesu v\u00fdroby. P\u0159echod zem\u011b od cenov\u011b dostupn\u00e9ho rusk\u00e9ho plynu k dra\u017e\u0161\u00edmu zkapaln\u011bn\u00e9mu zemn\u00edmu plynu (LNG) z USA zv\u00fd\u0161il n\u00e1klady na energii, co\u017e m\u00e1 v\u00e1\u017en\u00fd dopad na v\u00fdrobce a mal\u00e9 podniky.<\/span><\/p>\n<p><img decoding=\"async\" loading=\"lazy\" class=\"alignnone size-full wp-image-71983\" src=\"http:\/\/www.infokuryr.cz\/n\/wp-content\/uploads\/2025\/02\/aaa.jpg\" alt=\"\" width=\"89\" height=\"23\" \/><\/p>\n<p>&nbsp;<\/p>\n","protected":false},"excerpt":{"rendered":"<p>Centr\u00e1ln\u00ed banka zem\u011b ozn\u00e1mila, \u017ee jej\u00ed rezervy byly zcela vy\u010derp\u00e1ny po ohromuj\u00edc\u00ed ztr\u00e1t\u011b 20 miliard&#8230;<\/p>\n","protected":false},"author":2,"featured_media":73145,"comment_status":"closed","ping_status":"closed","sticky":false,"template":"","format":"standard","meta":[],"categories":[7],"tags":[528,8637,84,3034],"_links":{"self":[{"href":"https:\/\/www.infokuryr.cz\/n\/wp-json\/wp\/v2\/posts\/73144"}],"collection":[{"href":"https:\/\/www.infokuryr.cz\/n\/wp-json\/wp\/v2\/posts"}],"about":[{"href":"https:\/\/www.infokuryr.cz\/n\/wp-json\/wp\/v2\/types\/post"}],"author":[{"embeddable":true,"href":"https:\/\/www.infokuryr.cz\/n\/wp-json\/wp\/v2\/users\/2"}],"replies":[{"embeddable":true,"href":"https:\/\/www.infokuryr.cz\/n\/wp-json\/wp\/v2\/comments?post=73144"}],"version-history":[{"count":0,"href":"https:\/\/www.infokuryr.cz\/n\/wp-json\/wp\/v2\/posts\/73144\/revisions"}],"wp:featuredmedia":[{"embeddable":true,"href":"https:\/\/www.infokuryr.cz\/n\/wp-json\/wp\/v2\/media\/73145"}],"wp:attachment":[{"href":"https:\/\/www.infokuryr.cz\/n\/wp-json\/wp\/v2\/media?parent=73144"}],"wp:term":[{"taxonomy":"category","embeddable":true,"href":"https:\/\/www.infokuryr.cz\/n\/wp-json\/wp\/v2\/categories?post=73144"},{"taxonomy":"post_tag","embeddable":true,"href":"https:\/\/www.infokuryr.cz\/n\/wp-json\/wp\/v2\/tags?post=73144"}],"curies":[{"name":"wp","href":"https:\/\/api.w.org\/{rel}","templated":true}]}}