{"id":73137,"date":"2025-02-26T00:26:15","date_gmt":"2025-02-25T23:26:15","guid":{"rendered":"https:\/\/www.infokuryr.cz\/n\/?p=73137"},"modified":"2025-02-25T15:54:47","modified_gmt":"2025-02-25T14:54:47","slug":"miroslav-petr-stav-ruskeho-jaderneho-arzenalu","status":"publish","type":"post","link":"https:\/\/www.infokuryr.cz\/n\/2025\/02\/26\/miroslav-petr-stav-ruskeho-jaderneho-arzenalu\/","title":{"rendered":"Miroslav Petr: Stav rusk\u00e9ho jadern\u00e9ho arzen\u00e1lu"},"content":{"rendered":"<div id=\"fb-root\"><\/div>\n<p><strong>Nelze srovn\u00e1vat \u00farove\u0148 konven\u010dn\u00edch a jadern\u00fdch sil Rusk\u00e9 federace. Rusk\u00e9 jadern\u00e9 s\u00edly jsou p\u0159ipraveny okam\u017eit\u011b reagovat. Jsou s USA jedinou jadernou supervelmoc\u00ed na sv\u011bt\u011b. Tyto dv\u011b jadern\u00e9 supervelmoci dr\u017e\u00ed 90% v\u0161ech jadern\u00fdch zbran\u00ed sv\u011bta. Rusk\u00e1 federace m\u00e1 ve vlastn\u00ed v\u00fdzbroji suver\u00e9nn\u00ed nejni\u010div\u011bj\u0161\u00ed zbra\u0148 sv\u011bta. To je raketa Vojvoda, v k\u00f3dov\u00e9m ozna\u010den\u00ed NATO, je to SS-18 SATAN. Tato raketa nese deset hlavic. Ka\u017ed\u00e1 o s\u00edle 750 kilotun. Je schopna n\u00e9st dal\u0161\u00edch 40 klamn\u00fdch c\u00edl\u016f, tak\u017ee jsme v situaci, kdy jedna raketa pot\u0159ebuje pades\u00e1t antiraket, aby v\u016fbec byla schopn\u00e1 b\u00fdt zne\u0161kodn\u011bna.<\/strong><\/p>\n<p>Je schopna tyto hlavice na c\u00edl dopravit s p\u0159esnost\u00ed na 300- 400 metr\u016f. Perimetr a ty hlavice rozeset na perimetru 1 000&#215;2 000 km. Tak\u017ee tato raketa by byla schopna za ur\u010dit\u00fdch okolnost\u00ed zlikvidovat \u017eivot ve st\u0159edn\u00ed Evrop\u011b. Abychom to srovnali, kdy\u017e Hiro\u0161ima m\u011bla &#8222;pouh\u00fdch&#8220; 15 kilotun. Tak\u017ee tato jedin\u00e1 raketa m\u00e1 500x ni\u010div\u011bj\u0161\u00ed s\u00edlu, jedna jedin\u00e1, ne\u017e m\u011bla Hiro\u0161ima. \u010cili vid\u00edme, jak\u00fd ni\u010div\u00fd potenci\u00e1l Rusk\u00e1 federace ve sv\u00fdch zbra\u0148ov\u00fdch syst\u00e9mech m\u00e1. Nicm\u00e9n\u011b, my dnes jsme v situaci, kdy m\u00e1me pocit, \u017ee dnes hroz\u00ed pou\u017eit\u00ed jadern\u00fdch zbran\u00ed nejv\u00edc v d\u011bjin\u00e1ch lidstva. Situace byla \u00fadajn\u011b v\u00fdznamn\u011b hor\u0161\u00ed, kdy\u017e byla kub\u00e1nsk\u00e1 raketov\u00e1 krize.<\/p>\n<p>USA p\u0159edlo\u017e\u00ed OSN rezoluci, kter\u00e1 neozna\u010duje Rusko za agresora. Evropsk\u00fdm loutk\u00e1m st\u00e1le nedoch\u00e1z\u00ed, \u017ee jejich hra na voj\u00e1ky definitivn\u011b kon\u010d\u00ed. Zahradil v\u010das p\u0159evl\u00e9kl kab\u00e1t. USA cht\u011bj\u00ed odej\u00edt z OSN. Nev\u00edm o tom, \u017ee by tato absolutn\u011b zbyte\u010dn\u00e1 organizace zabr\u00e1nila aspo\u0148 v jednom p\u0159\u00edpad\u011b v\u00e1lce, kter\u00e9 USA prov\u00e1d\u00ed u\u017e 200 rok\u016f non stop.<\/p>\n<p>Donald a Putin cht\u011bj\u00ed co nejrychleji ukon\u010dit lok\u00e1ln\u00ed konflikt, pardon, v\u00e1lku na Ukrajin\u011b. P\u0159edseda Evropsk\u00e9 rady chce pokra\u010dovat ve vra\u017ed\u011bn\u00ed tis\u00edce Ukrajinc\u016f a stovky Rus\u016f ka\u017ed\u00fd den&#8230;.<\/p>\n<p>Donald bude vy\u0161et\u0159ovat, pro\u010d \u010dernoch, pardon, afroameri\u010dan Alabama zajistil odchod pape\u017ee Benedikta.<\/p>\n<p>Donald p\u0159ipravuje z\u00e1kon, \u017ee existuj\u00ed jen dv\u011b pohlav\u00ed. Kam to ten &#8222;zlat\u00fd&#8220; Z\u00e1pad, na kter\u00fd pr\u00fd pat\u0159\u00edme, dosp\u011bl, \u017ee na zcela b\u011b\u017enou, norm\u00e1ln\u00ed p\u0159\u00edrodn\u00ed samoz\u0159ejmost mus\u00ed b\u00fdt z\u00e1kon? &#8222;Pohlav\u00ed je nem\u011bnn\u00e1 biologick\u00e1 klasifikace osoby jako mu\u017ee a \u017eeny&#8220;. U n\u00e1s Loupe\u017en\u00edci d\u011blaj\u00ed prav\u00fd opak, z\u0159ejm\u011b je mezi nimi hodn\u011b trans&#8230;<\/p>\n<p>EU chce zak\u00e1zat k\u00e1vu, proto\u017ee pr\u00fd \u0161kod\u00ed zdrav\u00ed. Americk\u00fd v\u00fdzkum zjistil prav\u00fd opak. EU p\u00e1ch\u00e1 harakiri za b\u00edl\u00e9ho dne.<\/p>\n<p>USA chce odsoudit Zelen\u00e1\u010de, kter\u00fd nechal zavra\u017edit americk\u00e9ho novin\u00e1\u0159e.<\/p>\n<p>Soudru\u017eka Courov\u00e1 chce b\u00fdt prezidentkou \u010cR. Asi se d\u00e1m na modlen\u00ed.<\/p>\n<p>Svaz\u00e1k v ODS mlad\u00fdch, n\u011bjak\u00fd Buchta chce zalo\u017eit pozitivn\u00ed vlnu a uk\u00e1zat, \u017ee &#8222;spr\u00e1vn\u00ed&#8220; lid\u00e9 fand\u00ed proz\u00e1padn\u00ed politice a &#8222;slu\u0161nosti&#8220;. Odkdy jsou svin\u011b slu\u0161nou politikou? Tento svaz\u00e1k d\u00e1le tvrd\u00ed: &#8222;Mus\u00edme se n\u011bjak pokusit p\u0159esv\u011bd\u010dit lidi, \u017ee ten kolaps ve\u0159ejn\u00fdch financ\u00ed, rekordn\u00ed dan\u011b a ekonomick\u00e1 miz\u00e9rie\u00a0 jsou vlastn\u011b jen &#8222;drobn\u00e9&#8220; nehody na cest\u011b k z\u00e1\u0159n\u00fdm z\u00edt\u0159k\u016fm&#8220;. Proslov p\u0159esn\u011b okop\u00edrovan\u00fd z pades\u00e1t\u00fdch let. Ze svaz\u00e1ka brzo bude prav\u00fd kovan\u00fd komunista. D\u00e1le pokra\u010duje- &#8222;Jak\u00fd je pl\u00e1n d\u00e1l zaplnit ji\u017en\u00ed Moravu dal\u0161\u00edmi a ide\u00e1ln\u011b zavr\u0161it to velk\u00fdm m\u00edtinkem. Stoj\u00edme za tebou, Pet\u0159e Fialo.&#8220; U\u017e ch\u00e1pete, pro\u010d psychiat\u0159i nest\u00edhaj\u00ed? Tato generace tlesk\u00e1 astronomick\u00e9mu zadlu\u017een\u00ed \u010cR, drahot\u011b, ekonomick\u00e9 krizi zp\u016fsobenou tuto vl\u00e1dou&#8230;Tomu \u0159\u00edk\u00e1, \u017ee jde o &#8222;drobn\u00e9 nehody&#8220;. B\u016fh je milosrdn\u00fd, kdyby blbost bolela, nikdy by neusnul. Chocholou\u0161ku&#8230;<\/p>\n<p>Agresivitu mlad\u00fdch podle jak\u00e9hosi takzvan\u00e9ho &#8222;psychologa&#8220; pr\u00fd zavinil Zeman sv\u00fdmi vulg\u00e1rn\u00edmi v\u00fdrazy. Ve skute\u010dnosti \u0161lo o pouh\u00fd doslovn\u00fd p\u0159eklad jist\u00e9 aktivistick\u00e9 skupiny. Nic v\u00edc, nic m\u00e9n\u011b. Ve skute\u010dnosti agresivitu podporuj\u00ed svou ka\u017edodenn\u00ed nen\u00e1vist\u00ed politici a presstituti jako je Fujt\u00fdn a Novotn\u00fd.<\/p>\n<p>V\u00edte, \u017ee na kol\u00ednsk\u00e9m setk\u00e1n\u00ed s Mafi\u00e1nem p\u0159i\u0161lo m\u00e9n\u011b ne\u017e 10, slovy deset vol\u016f, pardon, voli\u010d\u016f? P\u0159esto v\u011b\u0159\u00ed, \u017ee bude premi\u00e9rem. V\u00fdjime\u010dn\u011b jsem sledoval ned\u011bln\u00ed Partii na Prim\u011b. Byl jsem \u0161okov\u00e1n, \u017ee \u00fadajn\u00fd u\u010ditel d\u011bjepisu nezn\u00e1 ani z\u00e1klady \/!\/ historie Ruska a Ukrajiny&#8230;P\u0159irovn\u00e1val zat\u010den\u00ed zlo\u010dinc\u016f k politick\u00e9m proces\u016fm v pades\u00e1t\u00fdch letech&#8230;Nebyl schopen pochopit, \u017ee fa\u0161ista a terorista Zelen\u00e1\u010d je dikt\u00e1tor, kter\u00fd odm\u00edt\u00e1 jednat s k\u00fdmkoli. P\u0159itom si \u0159\u00edk\u00e1 u\u010ditel d\u011bjepisu&#8230;<\/p>\n<p>&#8222;Krut\u00fd dikt\u00e1tor&#8220; se chyst\u00e1 po v\u00e1lce potrestat v\u0161echny, kte\u0159\u00ed spolupracuj\u00ed s Kyjevem proti Rusku. Na Sibi\u0159i je m\u00edsta dost i pro na\u0161e politiky.<\/p>\n<p>V\u011btrn\u00e9 elektr\u00e1rny bez dotac\u00ed krachuj\u00ed tak jako prodej elektroautomobil\u016f. Zelen\u00fd socialismus sm\u011b\u0159uje ke dnu.<\/p>\n<p>Vid\u011bli jste aspo\u0148 jednou Zelen\u00e1\u010de v obleku a kravat\u011b? Pardon zapomn\u011bl jsem, \u017ee jde o b\u00fdval\u00e9ho komika a sou\u010dasnou loutku b\u00fdval\u00e9 USA&#8230;<\/p>\n<p>Jak\u00fd je rozd\u00edl mezi Nutellou a Donaldem? \u017d\u00e1dn\u00fd, oba pracuj\u00ed pro USA.<\/p>\n<p>Ka\u017ed\u00fd z n\u00e1s dal ze sv\u00fdch dan\u00ed p\u0159es 23 000 K\u010d na lok\u00e1ln\u00ed konflikt na Ukrajin\u011b. Nen\u00ed to m\u00e1lo, Antone Pavlovi\u010di?<\/p>\n<p><a href=\"https:\/\/www.czechfreepress.cz\/dalsi-blogy\/stav-ruskeho-jaderneho-arzenalu.html\">Miroslav Petr<\/a><\/p>\n<p>&nbsp;<\/p>\n","protected":false},"excerpt":{"rendered":"<p>Nelze srovn\u00e1vat \u00farove\u0148 konven\u010dn\u00edch a jadern\u00fdch sil Rusk\u00e9 federace. Rusk\u00e9 jadern\u00e9 s\u00edly jsou p\u0159ipraveny okam\u017eit\u011b&#8230;<\/p>\n","protected":false},"author":2,"featured_media":15722,"comment_status":"closed","ping_status":"closed","sticky":false,"template":"","format":"standard","meta":[],"categories":[6],"tags":[1069,1503,122,22],"_links":{"self":[{"href":"https:\/\/www.infokuryr.cz\/n\/wp-json\/wp\/v2\/posts\/73137"}],"collection":[{"href":"https:\/\/www.infokuryr.cz\/n\/wp-json\/wp\/v2\/posts"}],"about":[{"href":"https:\/\/www.infokuryr.cz\/n\/wp-json\/wp\/v2\/types\/post"}],"author":[{"embeddable":true,"href":"https:\/\/www.infokuryr.cz\/n\/wp-json\/wp\/v2\/users\/2"}],"replies":[{"embeddable":true,"href":"https:\/\/www.infokuryr.cz\/n\/wp-json\/wp\/v2\/comments?post=73137"}],"version-history":[{"count":0,"href":"https:\/\/www.infokuryr.cz\/n\/wp-json\/wp\/v2\/posts\/73137\/revisions"}],"wp:featuredmedia":[{"embeddable":true,"href":"https:\/\/www.infokuryr.cz\/n\/wp-json\/wp\/v2\/media\/15722"}],"wp:attachment":[{"href":"https:\/\/www.infokuryr.cz\/n\/wp-json\/wp\/v2\/media?parent=73137"}],"wp:term":[{"taxonomy":"category","embeddable":true,"href":"https:\/\/www.infokuryr.cz\/n\/wp-json\/wp\/v2\/categories?post=73137"},{"taxonomy":"post_tag","embeddable":true,"href":"https:\/\/www.infokuryr.cz\/n\/wp-json\/wp\/v2\/tags?post=73137"}],"curies":[{"name":"wp","href":"https:\/\/api.w.org\/{rel}","templated":true}]}}