{"id":73135,"date":"2025-02-26T00:19:10","date_gmt":"2025-02-25T23:19:10","guid":{"rendered":"https:\/\/www.infokuryr.cz\/n\/?p=73135"},"modified":"2025-02-25T15:45:58","modified_gmt":"2025-02-25T14:45:58","slug":"miroslav-kulhavy-pomyleny-rakusan-stejne-tak-prezident-a-slaba-konecna","status":"publish","type":"post","link":"https:\/\/www.infokuryr.cz\/n\/2025\/02\/26\/miroslav-kulhavy-pomyleny-rakusan-stejne-tak-prezident-a-slaba-konecna\/","title":{"rendered":"Miroslav Kulhav\u00fd: Pom\u00fdlen\u00fd Raku\u0161an, stejn\u011b tak prezident a slab\u00e1 Kone\u010dn\u00e1"},"content":{"rendered":"<div id=\"fb-root\"><\/div>\n<p><strong>Nem\u00e1m probl\u00e9m sd\u00edlet sv\u016fj n\u00e1zor, ale nen\u00ed mn\u011b vlastn\u00ed b\u00fdt takto adresn\u00fd. Kate\u0159inu Kone\u010dnou a V\u00edta Raku\u0161ana jsem vyposlechl na Prim\u011b v Partii a prezidenta Pavla v kr\u00e1tk\u00e9m vystoupen\u00ed na Starom\u011bstsk\u00e9m n\u00e1m\u011bst\u00ed. Ti dva p\u00e1nov\u00e9 se p\u0159i komentov\u00e1n\u00ed konfliktu na Ukrajin\u011b uch\u00fdlili ke srovn\u00e1n\u00ed s na\u0161\u00edm v 38. rokem, tedy s odstoupen\u00ed Sudet. Kone\u010dn\u00e1 nedok\u00e1zala Raku\u0161anovi argumenta\u010dn\u011b oponovat s t\u00edm, \u017ee podobnost je hodn\u011b nep\u0159esn\u00e1 a\u017e naivn\u00ed. Pro po\u0159\u00e1dek mus\u00edm zm\u00ednit, \u017ee m\u00e1m ve zvyku, kdy\u017e jsem takto osobn\u00ed, tak kritiku, tedy tento text jmenovan\u00fdm za\u0161lu.<\/strong><\/p>\n<p>Ministr Raku\u0161an opakovan\u011b s\u00a0pat\u0159i\u010dn\u00fdm d\u016frazem hl\u00e1sal \u201eRusko je agresor\u201c a p\u0159i dal\u0161\u00edm vstupu : \u201e Rusko je agresor\u201c a pak znova \u2013 celkem 10x. A d\u00e1le pou\u017eit\u00edm teze, \u017ee obdarov\u00e1n\u00edm agresora se m\u00edr nezajist\u00ed a \u2026 znova, \u017ee m\u00e1me tu zku\u0161enost se Sudety. Na to jen jednou a obecn\u011b konstatovala pan\u00ed Kone\u010dn\u00e1, \u017ee tomu p\u0159edch\u00e1zely jin\u00e9 ud\u00e1losti \u2013 a to je na pouk\u00e1z\u00e1n\u00ed na z\u00e1sadn\u00ed rozd\u00edl m\u00e1lo.<\/p>\n<p>Tak speci\u00e1ln\u011b pro u\u010ditele d\u011bjepisu pana Raku\u0161ana po lopat\u011b: V Sudetech \u00fato\u010dil agresor na \u010desk\u00e9 domorod\u00e9 obyvatelstvo \u2013 i hrdeln\u00edmi zlo\u010diny. Na Ukrajin\u011b naopak \u00fato\u010dila dlouhodob\u011b majorita, \u010dasto reprezentovan\u00e1 novodob\u00fdmi ukrajinsk\u00fdmi fa\u0161isty v\u00a0hitlerovsk\u00e9m h\u00e1vu a to nejen na Dombase a Luhansku. Na koho? &#8211; je zcela jasn\u00e9: na men\u0161inu rusk\u00e9 n\u00e1rodnosti. Pikantn\u00ed na tom je, \u017ee p\u0159i adorov\u00e1n\u00ed hitlerovsk\u00fdch pohlav\u00e1r\u016f + Bandery, nechaj\u00ed vzadu v\u00a0\u0161upl\u00edku ty tis\u00edce mrtv\u00fdch spoluob\u010dan\u016f, kter\u00e9 ve \u010dty\u0159ic\u00e1t\u00fdch letech hitlerovsk\u00e1 bota za\u0161lapala do zem\u011b. Vid\u011bt no\u010dn\u00ed pr\u016fvod ukrajinsk\u00fdch novofa\u0161ist\u016f a jejich p\u0159\u00edznivc\u016f s\u00a0pochodn\u011bmi, jak provol\u00e1vaj\u00ed jm\u00e9no Hesse a dal\u0161\u00edch (video m\u00e1m), tak se mus\u00edm pod\u00edvat do kalend\u00e1\u0159e, jestli se n\u00e1hodou nep\u00ed\u0161e rok 1933 nebo a\u017e 1939.<\/p>\n<p>Separace od Kyjeva a vyhl\u00e1\u0161en\u00ed samostatn\u00fdch \u00fazemn\u00edch celk\u016f Don\u011bcka a Luhanska byl neust\u00e1l\u00fdmi \u00fatoky vynucen\u00fd krok, kdy m.j. m\u00edstn\u00ed policie moc nekonala. Ob\u011b tyto aglomerace byly tak\u00e9 p\u0159edm\u011btem t.z. m\u00edrov\u00fdch dohod Minsk 1 a Mins 2, ale ty se t\u00e9m\u011b\u0159 v\u016fbec nenaplnily. Korunu tomu nasadil v\u00a0r.2019 jazykov\u00fd z\u00e1kon. K\u00a0tomuto v\u00fd\u010dtu p\u0159id\u00e1m je\u0161t\u011b Krym, kter\u00fd m\u011bl i podle ukrajinsk\u00e9 \u00fastavy zvl\u00e1\u0161tn\u00ed postaven\u00ed s\u00a0vlastn\u00edm veden\u00edm a tak\u00e9 s\u00a0pr\u00e1vem na sebeur\u010den\u00ed. A pr\u00e1v\u011b o takov\u00e9 postaven\u00ed zpo\u010d\u00e1tku ob\u011b samozvan\u00e9 republiky usilovaly, ale t\u0159eba jen zastaven\u00ed vypl\u00e1cen\u00ed d\u016fchod\u016f tot\u00e1ln\u00ed odtr\u017een\u00ed podtrhlo.<\/p>\n<p>Stra\u0161\u00e1ck\u00e9 n\u00e1zory sen\u00e1torky N\u011bmcov\u00e9 (co ta osoba od postu knihovnice p\u0159es politiku dok\u00e1zala\u2026. to pantofle \u2026 pardon klobouk dol\u016f) nemaj\u00ed \u017e\u00e1dn\u00fd relevantn\u00ed z\u00e1klad. Netvrd\u00edm, \u017ee akce Ruska jsou mn\u011b po chuti, nesouhlas\u00edm s\u00a0v\u00e1le\u010dn\u00fdm stavem a u Ruska mn\u011b chyb\u011bl politick\u00fd po\u010din, jak se v\u00e1lce vyhnout (je nesmysl ov\u0161em ud\u00e1vat jako p\u0159\u00edklad, jak to bylo za Bre\u017en\u011bva a argumentovat t\u00edm dnes, co m\u016f\u017eeme od Ruska \u010dekat), ale to, co N\u011bmcov\u00e1 \u00famysln\u011b ned\u011bl\u00e1 je podstatn\u00e9: pod\u00edvat se na to, co n\u00e1siln\u00fdm akc\u00edm p\u0159edch\u00e1zelo!! Konkr\u00e9tn\u011b v\u00a0diskutovan\u00e9m t\u00e9matu chyb\u00ed zm\u00ednka, v\u00a0jak\u00e9 postaven\u00ed se nach\u00e1zela ukrajinsk\u00e1 arm\u00e1da. T\u00e9m\u011b\u0159 v\u0161ichni, zvl\u00e1\u0161t\u011b ty \u201estra\u0161ilky\u201c jako je N\u011bmcov\u00e1, se tomu konkr\u00e9tn\u00edmu \u00fadaji vyh\u00fdbaj\u00ed.<\/p>\n<p>Je sice m\u00e1lo informac\u00ed, ale z popisu z \u00fanora 1922 o pr\u016fb\u011bhu zah\u00e1jen\u00ed rusk\u00fdch v\u00e1le\u010dn\u00fdch operac\u00ed vypl\u00fdv\u00e1, \u017ee ukrajinsk\u00e1 arm\u00e1da byla ve stavu aktivace k \u00fatoku na samozvance \u2013 tedy \u010dasov\u011b kdo z koho a samoz\u0159ejm\u011b prvn\u00ed m\u00e1 v\u00fdhodu. U\u017e jsem n\u011bkde vzpom\u00ednal, podobn\u00e1 situace jako u jedn\u00e9 z nejv\u011bt\u0161\u00edch tankov\u00fdch bitev v \u201eKurdsk\u00e9m oblouku\u201c, kde Rud\u00e1 arm\u00e1da N\u011bmce p\u0159ekvapila. Kdyby za\u010dali Ukrajinci, tak mrtv\u00fdch by nebylo m\u00e9n\u011b, jen na opa\u010dn\u00e9, tedy na Don\u011bcku a Luhansku a samoz\u0159ejm\u011b mezi civiln\u00edm obyvatelstvem.<\/p>\n<p>Realit\u011b nejbl\u00ed\u017ee byly a jsou n\u00e1zory pana Vondr\u00e1\u010dka, kter\u00fd nezavrhuje pos\u00edlen\u00ed arm\u00e1dy a v\u016fbec zv\u00fd\u0161en\u00ed bezpe\u010dnosti vn\u011b i uvnit\u0159 st\u00e1tu, ale v\u0161e mus\u00ed b\u00fdt \u00fam\u011brn\u00e9 p\u0159edev\u0161\u00edm ekonomick\u00e9mu r\u016fstu, kter\u00fd alfou a omegou nejen bezpe\u010dnostn\u00edch aktivit. A k\u00a0v\u011bci \u2013 stejn\u011b jako pan Vondr\u00e1\u010dek, nevid\u00edm v\u00a0st\u0159edn\u011bdob\u00e9m horizontu d\u016fvod \u00fatoku Ruska na st\u0159edn\u00ed Evropu, tak jak to dramaticky avizuje sen\u00e1torka N\u011bmcov\u00e1.<\/p>\n<p>Tedy na z\u00e1v\u011br ot\u00e1zka na pana Raku\u0161ana: l\u00edbil by se V\u00e1m stav, p\u0159i kter\u00e9m byste nemohl ozna\u010dit Rusko jako agresora, ale p\u0159i kter\u00e9m by byly v\u011bt\u0161\u00ed ztr\u00e1ty na \u017eivotech p\u0159i situaci, kdy by ukrajinsk\u00e1 arm\u00e1da za\u00fato\u010dila jako prvn\u00ed? T\u011bch mnohem v\u00edce mrtv\u00fdch civil\u016f rusk\u00e9 n\u00e1rodnosti by V\u00e1m nebylo l\u00edto? A pan\u00ed Kone\u010dn\u00e1: dosti vysoko hodnot\u00edm Va\u0161i schopnost c\u00edlen\u011b argumentovat p\u0159i sledov\u00e1n\u00ed linky spravedlnosti a lidskosti; v\u00a0t\u00e9to Partii jste v\u0161ak byla slab\u00e1. Tvrd\u0161\u00ed kritikov\u00e9 by se uch\u00fdlili k\u00a0verzi, \u017ee jste selhala v\u00a0zam\u00fd\u0161len\u00e9m d\u016fvodu, pro\u010d jste sed\u011bla proti \u010desk\u00e9mu \u201ejest\u0159\u00e1bovi\u201c Raku\u0161anovi.<\/p>\n<p><a href=\"https:\/\/vasevec.info\/blogy\/pomyleny-rakusan-stejne-tak-prezident-slaba-konecna\">Miroslav Kulhav\u00fd<\/a><\/p>\n<p>&nbsp;<\/p>\n","protected":false},"excerpt":{"rendered":"<p>Nem\u00e1m probl\u00e9m sd\u00edlet sv\u016fj n\u00e1zor, ale nen\u00ed mn\u011b vlastn\u00ed b\u00fdt takto adresn\u00fd. Kate\u0159inu Kone\u010dnou a&#8230;<\/p>\n","protected":false},"author":2,"featured_media":20824,"comment_status":"closed","ping_status":"closed","sticky":false,"template":"","format":"standard","meta":[],"categories":[6],"tags":[1503,1689,1032],"_links":{"self":[{"href":"https:\/\/www.infokuryr.cz\/n\/wp-json\/wp\/v2\/posts\/73135"}],"collection":[{"href":"https:\/\/www.infokuryr.cz\/n\/wp-json\/wp\/v2\/posts"}],"about":[{"href":"https:\/\/www.infokuryr.cz\/n\/wp-json\/wp\/v2\/types\/post"}],"author":[{"embeddable":true,"href":"https:\/\/www.infokuryr.cz\/n\/wp-json\/wp\/v2\/users\/2"}],"replies":[{"embeddable":true,"href":"https:\/\/www.infokuryr.cz\/n\/wp-json\/wp\/v2\/comments?post=73135"}],"version-history":[{"count":0,"href":"https:\/\/www.infokuryr.cz\/n\/wp-json\/wp\/v2\/posts\/73135\/revisions"}],"wp:featuredmedia":[{"embeddable":true,"href":"https:\/\/www.infokuryr.cz\/n\/wp-json\/wp\/v2\/media\/20824"}],"wp:attachment":[{"href":"https:\/\/www.infokuryr.cz\/n\/wp-json\/wp\/v2\/media?parent=73135"}],"wp:term":[{"taxonomy":"category","embeddable":true,"href":"https:\/\/www.infokuryr.cz\/n\/wp-json\/wp\/v2\/categories?post=73135"},{"taxonomy":"post_tag","embeddable":true,"href":"https:\/\/www.infokuryr.cz\/n\/wp-json\/wp\/v2\/tags?post=73135"}],"curies":[{"name":"wp","href":"https:\/\/api.w.org\/{rel}","templated":true}]}}