{"id":73131,"date":"2025-02-26T00:16:34","date_gmt":"2025-02-25T23:16:34","guid":{"rendered":"https:\/\/www.infokuryr.cz\/n\/?p=73131"},"modified":"2025-02-25T15:42:01","modified_gmt":"2025-02-25T14:42:01","slug":"petr-pokorny-valka-na-ukrajine-zacala-v-roce-2022-jak-je-mozne-ze-na-prezidenta-byl-dosazen-takovy-opovrzenihodny-clovek","status":"publish","type":"post","link":"https:\/\/www.infokuryr.cz\/n\/2025\/02\/26\/petr-pokorny-valka-na-ukrajine-zacala-v-roce-2022-jak-je-mozne-ze-na-prezidenta-byl-dosazen-takovy-opovrzenihodny-clovek\/","title":{"rendered":"Petr Pokorn\u00fd: V\u00e1lka na Ukrajin\u011b za\u010dala v roce 2022? Jak je mo\u017en\u00e9, \u017ee na prezidenta byl dosazen takov\u00fd opovr\u017een\u00edhodn\u00fd \u010dlov\u011bk?"},"content":{"rendered":"<div id=\"fb-root\"><\/div>\n<p><span style=\"font-size: 14pt;\"><strong>Do \u010dela \u010cesk\u00e9 republiky byla dosazena osoba, ne\u0161t\u00edt\u00edc\u00ed se ni\u010deho. Co je to za rodinu, \u017ee se dok\u00e1\u017ee d\u00edvat lidem do o\u010d\u00ed? To je \u0161\u00edlen\u00e9, do jak\u00e9 hanby se na\u0161e zem dostala!<\/strong><\/span><\/p>\n<div style=\"width: 512px;\" class=\"wp-video\"><!--[if lt IE 9]><script>document.createElement('video');<\/script><![endif]-->\n<video class=\"wp-video-shortcode\" id=\"video-73131-1\" width=\"512\" height=\"288\" preload=\"metadata\" controls=\"controls\"><source type=\"video\/mp4\" src=\"http:\/\/www.infokuryr.cz\/n\/wp-content\/uploads\/2025\/02\/ukrajina-valka-2014.mp4?_=1\" \/><a href=\"http:\/\/www.infokuryr.cz\/n\/wp-content\/uploads\/2025\/02\/ukrajina-valka-2014.mp4\">http:\/\/www.infokuryr.cz\/n\/wp-content\/uploads\/2025\/02\/ukrajina-valka-2014.mp4<\/a><\/video><\/div>\n<p>&nbsp;<\/p>\n<p>\u00davodn\u00ed \u00faryvek z francouzsk\u00e9ho dokumentu, kdy slova teroristy Poro\u0161enka najdete i dnes po l\u00e9tech na MAINSTREAMOV\u00ddCH WEBECH!\u00a0 P\u0159esto tato osoba (b\u00fdval\u00fd komunista agent P\u00e1vek) bude i d\u011btem tvrdit do o\u010d\u00ed, \u017ee vrazi jsou zmasakrovan\u00e9 d\u011bti bez rukou a nohou stv\u016frou Poro\u0161enka. Dokonce se zachoval nacistick\u00fd \u00fatok Poro\u0161enka proti rusky mluv\u00edc\u00edm d\u011btem, mamink\u00e1m, babi\u010dk\u00e1m a tato nacistick\u00e1 stv\u016fra je vychvalov\u00e1na v\u00e1le\u010dn\u00fdm b\u011bsem dosazen\u00fdch politik\u016f.<\/p>\n<p>Poslechn\u011bte si autentick\u00e1 slova: je to hr\u016fza a ty \u017eeny v dokumentu to v\u00edc zoufale \u0159\u00edci ani nemohou.\u00a0 A tyto dokumenty, poch\u00e1zej\u00edc\u00ed z francouzsk\u00e9ho origin\u00e1lu usv\u011bd\u010duj\u00ed v\u00e1le\u010dn\u00e9 zlo\u010dince ze zlo\u010dinu proti lidskosti.<\/p>\n<p>Sedm m\u011bs\u00edc\u016f dr\u017eel Poro\u0161enko rusky mluv\u00edc\u00ed ob\u010dany v katakomb\u00e1ch, v krytech, nem\u011bli pr\u00e1vo na o\u0161et\u0159en\u00ed, um\u00edrali v podzem\u00ed a to je sv\u011bt, kter\u00fd n\u00e1m je vnucov\u00e1n?<\/p>\n<p><img decoding=\"async\" loading=\"lazy\" class=\"aligncenter\" src=\"https:\/\/www.skrytapravda.cz\/images\/2025\/pavek2025webp.webp\" alt=\"pavek2025webp\" width=\"705\" height=\"417\" \/><\/p>\n<p><span style=\"font-size: 14pt;\"><strong>A sami se rozhodn\u011bte ve sv\u00e9m nitru, na \u010d\u00ed stran\u011b je mor\u00e1ln\u00ed, i trestn\u00ed pr\u00e1vo.<\/strong><\/span><\/p>\n<p><a href=\"https:\/\/www.skrytapravda.cz\/ze-zahranici\/2415-valka-na-ukrajine-zacala-v-roce-2022-jak-je-mozne-ze-na-prezidenta-byl-dosazen-takovy-opovrzenihodny-clovek\">Petr Pokorn\u00fd<\/a><\/p>\n<p>&nbsp;<\/p>\n","protected":false},"excerpt":{"rendered":"<p>Do \u010dela \u010cesk\u00e9 republiky byla dosazena osoba, ne\u0161t\u00edt\u00edc\u00ed se ni\u010deho. Co je to za rodinu,&#8230;<\/p>\n","protected":false},"author":2,"featured_media":73133,"comment_status":"closed","ping_status":"closed","sticky":false,"template":"","format":"standard","meta":[],"categories":[6],"tags":[1503,1173,26,40,889],"_links":{"self":[{"href":"https:\/\/www.infokuryr.cz\/n\/wp-json\/wp\/v2\/posts\/73131"}],"collection":[{"href":"https:\/\/www.infokuryr.cz\/n\/wp-json\/wp\/v2\/posts"}],"about":[{"href":"https:\/\/www.infokuryr.cz\/n\/wp-json\/wp\/v2\/types\/post"}],"author":[{"embeddable":true,"href":"https:\/\/www.infokuryr.cz\/n\/wp-json\/wp\/v2\/users\/2"}],"replies":[{"embeddable":true,"href":"https:\/\/www.infokuryr.cz\/n\/wp-json\/wp\/v2\/comments?post=73131"}],"version-history":[{"count":1,"href":"https:\/\/www.infokuryr.cz\/n\/wp-json\/wp\/v2\/posts\/73131\/revisions"}],"predecessor-version":[{"id":73134,"href":"https:\/\/www.infokuryr.cz\/n\/wp-json\/wp\/v2\/posts\/73131\/revisions\/73134"}],"wp:featuredmedia":[{"embeddable":true,"href":"https:\/\/www.infokuryr.cz\/n\/wp-json\/wp\/v2\/media\/73133"}],"wp:attachment":[{"href":"https:\/\/www.infokuryr.cz\/n\/wp-json\/wp\/v2\/media?parent=73131"}],"wp:term":[{"taxonomy":"category","embeddable":true,"href":"https:\/\/www.infokuryr.cz\/n\/wp-json\/wp\/v2\/categories?post=73131"},{"taxonomy":"post_tag","embeddable":true,"href":"https:\/\/www.infokuryr.cz\/n\/wp-json\/wp\/v2\/tags?post=73131"}],"curies":[{"name":"wp","href":"https:\/\/api.w.org\/{rel}","templated":true}]}}