{"id":73130,"date":"2025-02-26T00:13:46","date_gmt":"2025-02-25T23:13:46","guid":{"rendered":"https:\/\/www.infokuryr.cz\/n\/?p=73130"},"modified":"2025-02-26T05:55:58","modified_gmt":"2025-02-26T04:55:58","slug":"erik-best-fialova-vize-falesneho-odstrasovani","status":"publish","type":"post","link":"https:\/\/www.infokuryr.cz\/n\/2025\/02\/26\/erik-best-fialova-vize-falesneho-odstrasovani\/","title":{"rendered":"Erik Best: Fialova vize fale\u0161n\u00e9ho odstra\u0161ov\u00e1n\u00ed"},"content":{"rendered":"<div id=\"fb-root\"><\/div>\n<p>Odbor strategick\u00e9 komunikace st\u00e1tu zaslal 20. \u00fanora koali\u010dn\u00edm politik\u016fm\u00a0<a href=\"https:\/\/www.echo24.cz\/g\/HEust\/zpravy-domaci-foltyn-odbor-komunikacni-karty-ukrajina-trump\/3\" target=\"_blank\" rel=\"noopener\">komunika\u010dn\u00ed kartu<\/a>, v\u00a0n\u00ed\u017e je vyb\u00edz\u00ed k\u00a0pou\u017eit\u00ed argumentu, \u017ee \u201eevropsk\u00e9 st\u00e1ty mus\u00ed zv\u00fd\u0161it sv\u00e9 \u00fasil\u00ed ve v\u00fddaj\u00edch na obranu podle po\u017eadavk\u016f USA, ale z\u00e1rove\u0148 jednat nez\u00e1visle na postoj\u00edch Spojen\u00fdch st\u00e1t\u016f\u201c.<\/p>\n<p><a href=\"https:\/\/www.ceskatelevize.cz\/porady\/10101491767-studio-ct24\/225411058030224\/\" target=\"_blank\" rel=\"noopener\">Premi\u00e9r Petr Fiala<\/a>\u00a0tomu v\u010dera vyhov\u011bl, kdy\u017e zm\u011bny v\u00a0politice USA za Donalda Trumpa ozna\u010dil jako\u00a0<a href=\"https:\/\/vlada.gov.cz\/cz\/vlada\/clenove-vlady\/premier\/projevy\/projev-premiera-petra-fialy-k-aktualni-mezinarodni-situaci-218447\/\" target=\"_blank\" rel=\"noopener\">p\u0159\u00edle\u017eitost<\/a>\u00a0a\u00a0zd\u016fraznil pot\u0159ebu z\u00e1sadn\u011b nav\u00fd\u0161it v\u00fddaje na vlastn\u00ed obranu na minim\u00e1ln\u011b t\u0159i procenta HDP b\u011bhem n\u011bkolika dal\u0161\u00edch let. N\u00e1\u010deln\u00edk Gener\u00e1ln\u00edho \u0161t\u00e1bu A\u010cR\u00a0<a href=\"https:\/\/www.fsfinalword.cz\/?page=archive&amp;show=1&amp;day=2024-11-27\" target=\"_blank\" rel=\"noopener\">Karel \u0158ehka<\/a>\u00a0u\u017e v\u00a0listopadu minul\u00e9ho roku nazna\u010dil, \u017ee n\u00e1bor profesion\u00e1ln\u00edch voj\u00e1k\u016f prob\u00edh\u00e1 tak \u0161patn\u011b, \u017ee \u010desk\u00e1 arm\u00e1da nezadr\u017eiteln\u011b sm\u011b\u0159uje ke stavu, kdy bude m\u00edt novou vojenskou techniku, ale nebude ji m\u00edt kdo obsluhovat.<\/p>\n<p>Pro Fialu je n\u00e1kup dal\u0161\u00edho vojensk\u00e9ho vybaven\u00ed zp\u016fsob, jak vyj\u00edt vst\u0159\u00edc<strong>\u00a0<\/strong>Trumpovi a\u00a0z\u00e1rove\u0148 podpo\u0159it \u010desk\u00fd obrann\u00fd pr\u016fmysl a\u00a0zv\u00fd\u0161it odstra\u0161en\u00ed p\u0159ed ruskou hrozbou. Jen\u017ee tanky a\u00a0st\u00edha\u010dky bez voj\u00e1k\u016f, kte\u0159\u00ed by je obsluhovali, jsou fale\u0161n\u00fdm odstra\u0161ov\u00e1n\u00edm. Je to takov\u00fd vojensk\u00fd ekvivalent Pot\u011bmkinovy vesnice.<\/p>\n<p><a href=\"https:\/\/www.fsfinalword.cz\/?page=archive&amp;day=2025-02-25&amp;utm_source=utm_source%3Dnewsletter&amp;utm_medium=utm_medium%3De-mail&amp;utm_campaign=utm_campaign%3Dfinal_word_25.2.2025\">Erik Best<\/a><\/p>\n<p><img decoding=\"async\" loading=\"lazy\" class=\"alignnone wp-image-1179\" src=\"http:\/\/www.infokuryr.cz\/n\/wp-content\/uploads\/2021\/04\/erik-best.jpg\" alt=\"\" width=\"146\" height=\"164\" \/><\/p>\n<p><img decoding=\"async\" loading=\"lazy\" class=\"wp-image-73173 aligncenter\" src=\"http:\/\/www.infokuryr.cz\/n\/wp-content\/uploads\/2025\/02\/demonstrace-08-05-2025-209x300.jpg\" alt=\"\" width=\"692\" height=\"993\" srcset=\"https:\/\/www.infokuryr.cz\/n\/wp-content\/uploads\/2025\/02\/demonstrace-08-05-2025-209x300.jpg 209w, https:\/\/www.infokuryr.cz\/n\/wp-content\/uploads\/2025\/02\/demonstrace-08-05-2025-713x1024.jpg 713w, https:\/\/www.infokuryr.cz\/n\/wp-content\/uploads\/2025\/02\/demonstrace-08-05-2025-768x1103.jpg 768w, https:\/\/www.infokuryr.cz\/n\/wp-content\/uploads\/2025\/02\/demonstrace-08-05-2025.jpg 891w\" sizes=\"(max-width: 692px) 100vw, 692px\" \/><\/p>\n","protected":false},"excerpt":{"rendered":"<p>Odbor strategick\u00e9 komunikace st\u00e1tu zaslal 20. \u00fanora koali\u010dn\u00edm politik\u016fm\u00a0komunika\u010dn\u00ed kartu, v\u00a0n\u00ed\u017e je vyb\u00edz\u00ed k\u00a0pou\u017eit\u00ed argumentu,&#8230;<\/p>\n","protected":false},"author":2,"featured_media":66245,"comment_status":"closed","ping_status":"closed","sticky":false,"template":"","format":"standard","meta":[],"categories":[6],"tags":[1503,535,710,338],"_links":{"self":[{"href":"https:\/\/www.infokuryr.cz\/n\/wp-json\/wp\/v2\/posts\/73130"}],"collection":[{"href":"https:\/\/www.infokuryr.cz\/n\/wp-json\/wp\/v2\/posts"}],"about":[{"href":"https:\/\/www.infokuryr.cz\/n\/wp-json\/wp\/v2\/types\/post"}],"author":[{"embeddable":true,"href":"https:\/\/www.infokuryr.cz\/n\/wp-json\/wp\/v2\/users\/2"}],"replies":[{"embeddable":true,"href":"https:\/\/www.infokuryr.cz\/n\/wp-json\/wp\/v2\/comments?post=73130"}],"version-history":[{"count":1,"href":"https:\/\/www.infokuryr.cz\/n\/wp-json\/wp\/v2\/posts\/73130\/revisions"}],"predecessor-version":[{"id":73175,"href":"https:\/\/www.infokuryr.cz\/n\/wp-json\/wp\/v2\/posts\/73130\/revisions\/73175"}],"wp:featuredmedia":[{"embeddable":true,"href":"https:\/\/www.infokuryr.cz\/n\/wp-json\/wp\/v2\/media\/66245"}],"wp:attachment":[{"href":"https:\/\/www.infokuryr.cz\/n\/wp-json\/wp\/v2\/media?parent=73130"}],"wp:term":[{"taxonomy":"category","embeddable":true,"href":"https:\/\/www.infokuryr.cz\/n\/wp-json\/wp\/v2\/categories?post=73130"},{"taxonomy":"post_tag","embeddable":true,"href":"https:\/\/www.infokuryr.cz\/n\/wp-json\/wp\/v2\/tags?post=73130"}],"curies":[{"name":"wp","href":"https:\/\/api.w.org\/{rel}","templated":true}]}}