{"id":7313,"date":"2022-01-05T03:30:07","date_gmt":"2022-01-05T02:30:07","guid":{"rendered":"http:\/\/www.infokuryr.cz\/n\/?p=7313"},"modified":"2022-01-05T03:30:07","modified_gmt":"2022-01-05T02:30:07","slug":"kam-zmizeli-migranti-z-hranic-beloruska","status":"publish","type":"post","link":"https:\/\/www.infokuryr.cz\/n\/2022\/01\/05\/kam-zmizeli-migranti-z-hranic-beloruska\/","title":{"rendered":"Kam zmizeli migranti z hranic B\u011bloruska?"},"content":{"rendered":"<div id=\"fb-root\"><\/div>\n<p style=\"font-weight: 400;\"><b><strong>Pamatujete si na ka\u017edodenn\u00ed zpr\u00e1vy o migrantech na hranic\u00edch mezi B\u011bloruskem a Polskem? V\u0161imli jste si, \u017ee tyto zpr\u00e1vy se nar\u00e1z z m\u00e9di\u00ed vytratily? Pro\u010d?<\/strong><\/b><\/p>\n<p style=\"font-weight: 400;\">P\u0159\u00e1tel\u00e9. Jeden m\u016fj zn\u00e1m\u00fd, se kter\u00fdm hrajeme pravideln\u011b \u0161achy, mne upozornil na jednu zaj\u00edmavost. Pamatujete si na ka\u017edodenn\u00ed zpr\u00e1vy o migrantech na hranic\u00edch mezi B\u011bloruskem a Polskem, a p\u0159edt\u00edm Litvou? Ka\u017ed\u00fd den jsme byli informov\u00e1ni o tom, jak Luka\u0161enk\u016fv re\u017eim importuje na hranice s EU migranty ze st\u0159edn\u00edho v\u00fdchodu. Jak tito jsou v podstat\u011b uzav\u0159eni v p\u00e1smu nikoho mezi B\u011bloruskem a Polskem. (P\u0159ed t\u00edm Litvou \u010di Loty\u0161skem.) Jak b\u011blorusk\u00e9 s\u00edly tla\u010d\u00ed migranty na hranici, a naopak s\u00edly polsk\u00e9 je vracej\u00ed sm\u011brem zp\u011bt na B\u011blorusko.<\/p>\n<p style=\"font-weight: 400;\">Jak trp\u00ed migranti zimou, jak v\u011bt\u0161ina polsk\u00fdch ob\u010dan\u016f ud\u00e1v\u00e1 policii, kdy\u017e se n\u011bjak\u00fd migrant v okol\u00ed jejich domu objev\u00ed a jak naopak n\u011bkte\u0159\u00ed pol\u0161t\u00ed ob\u010dan\u00e9(v\u00fdrazn\u00e1 men\u0161ina) tajn\u011b migrant\u016fm, kte\u0159\u00ed se dostanou p\u0159es hranici, pom\u00e1h\u00e1.<\/p>\n<p style=\"font-weight: 400;\">Posledn\u00ed zpr\u00e1va, kter\u00e9 jsem si v m\u00e9di\u00edch v\u0161iml byla 12. prosince. Od t\u00e9 doby ani \u0165uk. (Nebo jste snad n\u011bkdo od 12.12. n\u011bkde na toto t\u00e9ma n\u011bco \u010detl \u010di \u010detla?). Tento zaj\u00edmav\u00fd poznatek m\u00e9ho \u0161achov\u00e9ho sparingpartnera mne samotn\u00e9ho p\u0159ekvapil. Prost\u011b i mn\u011b uniklo, \u017ee najednou se migranti z hranic B\u011bloruska vypa\u0159ili. \u010clov\u011bk si toho, v p\u0159ehr\u0161li zpr\u00e1v o rozhovorech z \u201eakv\u00e1ria\u201c ani nev\u0161iml. Ale proto\u017ee je m\u016fj kamar\u00e1d ve h\u0159e v\u017edy lep\u0161\u00ed a m\u00e1 p\u0159ehled o cel\u00e9m \u0161achov\u00e9m poli, tak to jemu neuniklo.<\/p>\n<p style=\"font-weight: 400;\">Kam migranti zmizeli? Nebyli snad v tichosti dopraveni do jejich vysn\u011bn\u00e9ho c\u00edle, do N\u011bmecka. Pokud ano, pro\u010d o tom m\u00e9dia neinformuj\u00ed. Nebo byli um\u00edst\u011bni do r\u016fzn\u00fdch st\u00e1t\u016f EU v\u010detn\u011b \u010cR? Nebo naopak b\u011blorusk\u00fd re\u017eim st\u00e1hl migranty zp\u011bt a ubytoval je ve sv\u00fdch ubytovac\u00edch kapacit\u00e1ch, \u010di jim ulo\u017eil povinnost vr\u00e1tit se do destinac\u00ed, odkud p\u0159il\u00e9tli?<\/p>\n<p style=\"font-weight: 400;\">Nev\u00edme prost\u011b nic. Kde jste, medi\u00e1ln\u00ed investigativci. Jak to, \u017ee do 12.12 ka\u017ed\u00fd den hory zpr\u00e1v a pak nic? Nen\u00ed v\u00e1m to divn\u00e9? Mn\u011b tedy ano, ale mohl jsem se m\u00fdlit, mo\u017en\u00e1, \u017ee se to v jin\u00fdch m\u00e9di\u00edch, ne\u017e \u010dtu j\u00e1, objevovalo. A \u017ee j\u00e1 t\u011bch m\u00e9di\u00ed pro\u010dtu haldy.<\/p>\n<p style=\"font-weight: 400;\">Petr Hannig, p\u0159edseda Rozumn\u00fdch<\/p>\n<p>&nbsp;<\/p>\n","protected":false},"excerpt":{"rendered":"<p>Pamatujete si na ka\u017edodenn\u00ed zpr\u00e1vy o migrantech na hranic\u00edch mezi B\u011bloruskem a Polskem? V\u0161imli jste&#8230;<\/p>\n","protected":false},"author":2,"featured_media":823,"comment_status":"closed","ping_status":"closed","sticky":false,"template":"","format":"standard","meta":[],"categories":[6],"tags":[150,119,29,31],"_links":{"self":[{"href":"https:\/\/www.infokuryr.cz\/n\/wp-json\/wp\/v2\/posts\/7313"}],"collection":[{"href":"https:\/\/www.infokuryr.cz\/n\/wp-json\/wp\/v2\/posts"}],"about":[{"href":"https:\/\/www.infokuryr.cz\/n\/wp-json\/wp\/v2\/types\/post"}],"author":[{"embeddable":true,"href":"https:\/\/www.infokuryr.cz\/n\/wp-json\/wp\/v2\/users\/2"}],"replies":[{"embeddable":true,"href":"https:\/\/www.infokuryr.cz\/n\/wp-json\/wp\/v2\/comments?post=7313"}],"version-history":[{"count":0,"href":"https:\/\/www.infokuryr.cz\/n\/wp-json\/wp\/v2\/posts\/7313\/revisions"}],"wp:featuredmedia":[{"embeddable":true,"href":"https:\/\/www.infokuryr.cz\/n\/wp-json\/wp\/v2\/media\/823"}],"wp:attachment":[{"href":"https:\/\/www.infokuryr.cz\/n\/wp-json\/wp\/v2\/media?parent=7313"}],"wp:term":[{"taxonomy":"category","embeddable":true,"href":"https:\/\/www.infokuryr.cz\/n\/wp-json\/wp\/v2\/categories?post=7313"},{"taxonomy":"post_tag","embeddable":true,"href":"https:\/\/www.infokuryr.cz\/n\/wp-json\/wp\/v2\/tags?post=7313"}],"curies":[{"name":"wp","href":"https:\/\/api.w.org\/{rel}","templated":true}]}}