{"id":73115,"date":"2025-02-26T00:18:43","date_gmt":"2025-02-25T23:18:43","guid":{"rendered":"https:\/\/www.infokuryr.cz\/n\/?p=73115"},"modified":"2025-02-25T15:02:29","modified_gmt":"2025-02-25T14:02:29","slug":"trump-podepisuje-smernici-proti-pokusum-o-zahranicni-cenzuru-a-na-obranu-svobody-projevu-na-internetu","status":"publish","type":"post","link":"https:\/\/www.infokuryr.cz\/n\/2025\/02\/26\/trump-podepisuje-smernici-proti-pokusum-o-zahranicni-cenzuru-a-na-obranu-svobody-projevu-na-internetu\/","title":{"rendered":"Trump podepisuje sm\u011brnici proti pokus\u016fm o zahrani\u010dn\u00ed cenzuru a na obranu svobody projevu na internetu"},"content":{"rendered":"<div id=\"fb-root\"><\/div>\n<h1 class=\"elementor-heading-title elementor-size-default\"><span>EU a Spojen\u00e9 kr\u00e1lovstv\u00ed v hled\u00e1\u010dku<\/span><\/h1>\n<div class=\"elementor-element elementor-element-1fb4c2c elementor-widget elementor-widget-theme-post-content\" data-id=\"1fb4c2c\" data-element_type=\"widget\" data-widget_type=\"theme-post-content.default\">\n<div class=\"elementor-widget-container\">\n<p><span>Prezident Donald Trump se stav\u00ed proti dan\u00edm z digit\u00e1ln\u00edch slu\u017eeb (DST) uvalen\u00fdm zahrani\u010dn\u00edmi vl\u00e1dami a varuje, \u017ee nejen diskriminuj\u00ed americk\u00e9 spole\u010dnosti, ale tak\u00e9 ohro\u017euj\u00ed svobodu slova po cel\u00e9m sv\u011bt\u011b.<\/span><\/p>\n<p><span>Nov\u00e1 sm\u011brnice, kterou Trump podepsal, m\u00e1 chr\u00e1nit americk\u00e9 spole\u010dnosti p\u0159ed \u201evyd\u00edr\u00e1n\u00edm ze z\u00e1mo\u0159\u00ed\u201c. B\u00edl\u00fd d\u016fm tak obnovuje sv\u00e9 \u00fasil\u00ed zpochybnit zahrani\u010dn\u00ed p\u0159edpisy DST, o kter\u00fdch se americk\u00e1 vl\u00e1da domn\u00edv\u00e1, \u017ee z\u00e1m\u011brn\u011b znev\u00fdhod\u0148uj\u00ed americk\u00e9 technologick\u00e9 spole\u010dnosti.<\/span><\/p>\n<p><span>\u201ePrezident Trump nedovol\u00ed zahrani\u010dn\u00edm vl\u00e1d\u00e1m, aby si p\u0159ivlastnily americk\u00fd da\u0148ov\u00fd z\u00e1klad ve sv\u016fj vlastn\u00ed prosp\u011bch,\u201c uvedl B\u00edl\u00fd d\u016fm a znovu potvrdil sv\u016fj z\u00e1vazek v\u016f\u010di ekonomick\u00fdm z\u00e1jm\u016fm USA.<\/span><\/p>\n<h2 class=\"wp-block-heading\"><strong><span>Nov\u00e9 zam\u011b\u0159en\u00ed na obchodn\u00ed spory a mo\u017en\u00e1 protiopat\u0159en\u00ed<\/span><\/strong><\/h2>\n<p><span>Sm\u011brnice na\u0159izuje obchodn\u00edmu z\u00e1stupci Spojen\u00fdch st\u00e1t\u016f (USTR).<\/span><\/p>\n<ul>\n<li><span>obnovit vy\u0161et\u0159ov\u00e1n\u00ed DST podle odd\u00edlu 301,<\/span><\/li>\n<li><span>znovu prozkoumat p\u0159\u00edpady, kter\u00e9 ji\u017e byly zah\u00e1jeny za Trumpa,<\/span><\/li>\n<li><span>sledovat dal\u0161\u00ed zem\u011b s podobn\u00fdmi da\u0148ov\u00fdmi p\u0159edpisy.<\/span><\/li>\n<\/ul>\n<p><span>V hled\u00e1\u010dku jsou tak\u00e9 Evropsk\u00e1 unie a Spojen\u00e9 kr\u00e1lovstv\u00ed. Americk\u00e1 vl\u00e1da pl\u00e1nuje bl\u00ed\u017ee prozkoumat sv\u00e9 digit\u00e1ln\u00ed politiky \u2013 zejm\u00e9na z\u00e1kon o digit\u00e1ln\u00edch trz\u00edch a z\u00e1kon o digit\u00e1ln\u00edch slu\u017eb\u00e1ch. Tyto p\u0159edpisy by mohly donutit americk\u00e9 spole\u010dnosti, aby podnikly kroky, kter\u00e9 p\u0159isp\u00edvaj\u00ed k cenzu\u0159e nebo omezuj\u00ed svobodu projevu.<\/span><\/p>\n<p><span>B\u00edl\u00fd d\u016fm ozn\u00e1mil mo\u017en\u00e1 protiopat\u0159en\u00ed, v\u010detn\u011b cel, pokud se tato pravidla uk\u00e1\u017e\u00ed jako \u0161kodliv\u00e1 pro americkou ekonomiku.<\/span><\/p>\n<h2 class=\"wp-block-heading\"><strong><span>DST: C\u00edlen\u00fd \u00fatok na americk\u00e9 technologick\u00e9 spole\u010dnosti?<\/span><\/strong><\/h2>\n<p><span>Podle Trumpovy administrativy zahrani\u010dn\u00ed vl\u00e1dy vyu\u017e\u00edvaj\u00ed da\u0148 z digit\u00e1ln\u00edch slu\u017eeb k z\u00edsk\u00e1n\u00ed p\u0159\u00edjm\u016f od \u00fasp\u011b\u0161n\u00fdch americk\u00fdch spole\u010dnost\u00ed sp\u00ed\u0161e ne\u017e k pos\u00edlen\u00ed sv\u00fdch vlastn\u00edch ekonomik.<\/span><\/p>\n<p><span>&#8222;Americk\u00e1 ekonomika nebude zdrojem p\u0159\u00edjm\u016f pro zem\u011b, kter\u00e9 nedok\u00e1zaly p\u011bstovat sv\u016fj vlastn\u00ed ekonomick\u00fd \u00fasp\u011bch.&#8220;<\/span><\/p>\n<p><span>B\u00edl\u00fd d\u016fm odhaduje, \u017ee americk\u00e9 spole\u010dnosti mohou kv\u016fli t\u011bmto dan\u00edm p\u0159ij\u00edt o miliardy dolar\u016f ro\u010dn\u011b. To by nejen potla\u010dilo americk\u00e9 inovace, ale tak\u00e9 by oslabilo glob\u00e1ln\u00ed konkurenceschopnost Spojen\u00fdch st\u00e1t\u016f.<\/span><\/p>\n<h2 class=\"wp-block-heading\"><strong><span>Technologick\u00e1 dominance USA jako z\u00e1klad ekonomiky<\/span><\/strong><\/h2>\n<p><span>Trumpova administrativa zd\u016fraz\u0148uje s\u00edlu americk\u00e9 digit\u00e1ln\u00ed ekonomiky a poukazuje na to, \u017ee p\u0159ekonala kombinovan\u00fd HDP n\u011bkolika pr\u016fmyslov\u00fdch zem\u00ed, v\u010detn\u011b Austr\u00e1lie a Kanady.<\/span><\/p>\n<p><span>Pokra\u010duj\u00edc\u00ed dominance USA v technologick\u00e9m pr\u016fmyslu je zp\u016fsobena podnikatelsk\u00fdm duchem americk\u00fdch technologick\u00fdch spole\u010dnost\u00ed \u2013 \u00fasp\u011bch, kter\u00fd chce Trump touto sm\u011brnic\u00ed obh\u00e1jit.<\/span><\/p>\n<\/div>\n<\/div>\n<div class=\"elementor-element elementor-element-8c57238 quelle dc-has-condition dc-condition-empty elementor-widget elementor-widget-heading\" data-id=\"8c57238\" data-element_type=\"widget\" data-widget_type=\"heading.default\">\n<div class=\"elementor-widget-container\">\n<h3 class=\"elementor-heading-title elementor-size-default\"><span style=\"font-size: 10pt;\"><a href=\"https:\/\/reclaimthenet.org\/trump-directive-targets-digital-taxes-free-speech-censorship-concerns\" target=\"_blank\" rel=\"nofollow noopener\">Zdroj<\/a><\/span><\/h3>\n<p>&nbsp;<\/p>\n<\/div>\n<\/div>\n","protected":false},"excerpt":{"rendered":"<p>EU a Spojen\u00e9 kr\u00e1lovstv\u00ed v hled\u00e1\u010dku Prezident Donald Trump se stav\u00ed proti dan\u00edm z digit\u00e1ln\u00edch&#8230;<\/p>\n","protected":false},"author":2,"featured_media":70737,"comment_status":"closed","ping_status":"closed","sticky":false,"template":"","format":"standard","meta":[],"categories":[7],"tags":[63,41,647,452,303],"_links":{"self":[{"href":"https:\/\/www.infokuryr.cz\/n\/wp-json\/wp\/v2\/posts\/73115"}],"collection":[{"href":"https:\/\/www.infokuryr.cz\/n\/wp-json\/wp\/v2\/posts"}],"about":[{"href":"https:\/\/www.infokuryr.cz\/n\/wp-json\/wp\/v2\/types\/post"}],"author":[{"embeddable":true,"href":"https:\/\/www.infokuryr.cz\/n\/wp-json\/wp\/v2\/users\/2"}],"replies":[{"embeddable":true,"href":"https:\/\/www.infokuryr.cz\/n\/wp-json\/wp\/v2\/comments?post=73115"}],"version-history":[{"count":0,"href":"https:\/\/www.infokuryr.cz\/n\/wp-json\/wp\/v2\/posts\/73115\/revisions"}],"wp:featuredmedia":[{"embeddable":true,"href":"https:\/\/www.infokuryr.cz\/n\/wp-json\/wp\/v2\/media\/70737"}],"wp:attachment":[{"href":"https:\/\/www.infokuryr.cz\/n\/wp-json\/wp\/v2\/media?parent=73115"}],"wp:term":[{"taxonomy":"category","embeddable":true,"href":"https:\/\/www.infokuryr.cz\/n\/wp-json\/wp\/v2\/categories?post=73115"},{"taxonomy":"post_tag","embeddable":true,"href":"https:\/\/www.infokuryr.cz\/n\/wp-json\/wp\/v2\/tags?post=73115"}],"curies":[{"name":"wp","href":"https:\/\/api.w.org\/{rel}","templated":true}]}}