{"id":73093,"date":"2025-02-25T07:19:58","date_gmt":"2025-02-25T06:19:58","guid":{"rendered":"https:\/\/www.infokuryr.cz\/n\/?p=73093"},"modified":"2025-02-25T07:19:58","modified_gmt":"2025-02-25T06:19:58","slug":"michael-svatos-dve-mapy-ukazuji-konecny-osud-ukrajiny-aneb-proc-putin-slibil-trumpovi-ruske-dodavky-levnych-surovin","status":"publish","type":"post","link":"https:\/\/www.infokuryr.cz\/n\/2025\/02\/25\/michael-svatos-dve-mapy-ukazuji-konecny-osud-ukrajiny-aneb-proc-putin-slibil-trumpovi-ruske-dodavky-levnych-surovin\/","title":{"rendered":"Michael Svato\u0161: Dv\u011b mapy ukazuj\u00ed kone\u010dn\u00fd osud Ukrajiny! Aneb, pro\u010d Putin sl\u00edbil Trumpovi rusk\u00e9 dod\u00e1vky levn\u00fdch surovin!"},"content":{"rendered":"<div id=\"fb-root\"><\/div>\n<p><span style=\"font-size: 14pt;\"><strong>Dv\u011b mapy ukazuj\u00ed kone\u010dn\u00fd osud Ukrajiny! Aneb, pro\u010d Putin sl\u00edbil Trumpovi rusk\u00e9 dod\u00e1vky levn\u00fdch surovin! Macron v\u010dera dokonale pobavil Trumpa sv\u00fdmi naivn\u00edmi p\u0159edstavami o konci v\u00e1lky na Ukrajin\u011b! A to je\u0161t\u011b na\u0161t\u011bst\u00ed nesly\u0161el nejnov\u011bj\u0161\u00ed n\u00e1pady profesora Fialy!<\/strong><\/span><\/p>\n<p>Do posledn\u00ed anal\u00fdzy jsem zapomn\u011bl vlo\u017eit odkaz na video s kolonou rusk\u00fdch ponton\u016f m\u00ed\u0159\u00edc\u00edch k 18. arm\u00e1d\u011b na Dn\u011bpru.\u00a0<a href=\"https:\/\/t.me\/swodki\/466566\">Video najdete zde<\/a>.<\/p>\n<h3>(1) Dv\u011b mapy, kter\u00e9 varuj\u00ed Kyjev, \u017ee dopadne velmi \u0161patn\u011b!<\/h3>\n<p><a href=\"https:\/\/t.me\/swodki\/467131\">Vladim\u00edr Putin v\u010dera nab\u00eddnul USA v\u00fdhodnou spolupr\u00e1ci na t\u011b\u017eb\u011b vz\u00e1cn\u00fdch miner\u00e1l\u016f nach\u00e1zej\u00edc\u00edch se na rusk\u00e9m \u00fazem\u00ed<\/a>, v\u010detn\u011b tzv. nov\u00fdch rusk\u00fdch \u00fazem\u00ed, a agentura TASS u\u017e ve 23. hodin ve\u010der mezi tato nov\u00e1 rusk\u00e1 \u00fazem\u00ed, kde by Ameri\u010dan\u00e9 mohli za\u010d\u00edt vz\u00e1cn\u00e9 miner\u00e1ly t\u011b\u017eit, zahrnula i \u00fazem\u00ed Donbasu, a\u00a0<a href=\"https:\/\/tass.ru\/politika\/23234623\">i \u00fazem\u00ed ozna\u010dovan\u00e1 term\u00ednem\u00a0<\/a><span class=\"mw-page-title-main\">\u041d\u043e\u0432\u043e\u0440\u043e\u0441\u0441\u0438\u044f. To je velmi zaj\u00edmav\u00e9, zejm\u00e9na, kdy\u017e srovn\u00e1te tyto dv\u011b n\u00e1sleduj\u00edc\u00ed mapy:\u00a0<\/span><\/p>\n<div id=\"attachment_16401\" class=\"wp-caption aligncenter\" style=\"width: 992px;\"><img decoding=\"async\" loading=\"lazy\" class=\" wp-image-16401\" src=\"https:\/\/www.michalapetr.com\/wp-content\/uploads\/2025\/02\/photo_2025-02-23_19-10-37.jpg\" sizes=\"(max-width: 1280px) 100vw, 1280px\" srcset=\"https:\/\/www.michalapetr.com\/wp-content\/uploads\/2025\/02\/photo_2025-02-23_19-10-37.jpg 1280w, https:\/\/www.michalapetr.com\/wp-content\/uploads\/2025\/02\/photo_2025-02-23_19-10-37-300x150.jpg 300w, https:\/\/www.michalapetr.com\/wp-content\/uploads\/2025\/02\/photo_2025-02-23_19-10-37-1030x513.jpg 1030w, https:\/\/www.michalapetr.com\/wp-content\/uploads\/2025\/02\/photo_2025-02-23_19-10-37-768x383.jpg 768w, https:\/\/www.michalapetr.com\/wp-content\/uploads\/2025\/02\/photo_2025-02-23_19-10-37-705x351.jpg 705w, https:\/\/www.michalapetr.com\/wp-content\/uploads\/2025\/02\/photo_2025-02-23_19-10-37-450x224.jpg 450w\" alt=\"\" width=\"992\" height=\"495\" aria-describedby=\"caption-attachment-16401\" \/><\/p>\n<p id=\"caption-attachment-16401\" class=\"wp-caption-text\" style=\"text-align: justify;\">Tuto prvn\u00ed mapu\u00a0<a href=\"https:\/\/t.me\/swodki\/466901\">publikovala v ned\u011bli rusk\u00e1 m\u00e9dia<\/a>, a plukovn\u00edk Marcus Reisner, profesor rakousk\u00e9 Terezi\u00e1nsk\u00e9 v\u00e1le\u010dn\u00e9 akademie na n\u00ed vysv\u011btluje, jak\u00e1 \u00fazem\u00ed pr\u00fd hodl\u00e1 Putin Ukrajin\u011b v r\u00e1mci m\u00edru zabavit. \u00dazem\u00ed jsou ozna\u010dena \u017elut\u011b, v\u010detn\u011b \u00fazem\u00ed Krymu, Luhanska, Don\u011bcka, Z\u00e1poro\u017e\u00ed a Chersonu, kter\u00e1, jak se rusk\u00e1 m\u00e9dia v\u010dera na Reisnera zlobila, u\u017e pat\u0159\u00ed Rusku.<\/p>\n<\/div>\n<div id=\"attachment_16403\" class=\"wp-caption aligncenter\" style=\"width: 1012px;\"><img decoding=\"async\" loading=\"lazy\" class=\" wp-image-16403\" src=\"https:\/\/www.michalapetr.com\/wp-content\/uploads\/2025\/02\/1800_Novoros_gov.jpg\" sizes=\"(max-width: 1280px) 100vw, 1280px\" srcset=\"https:\/\/www.michalapetr.com\/wp-content\/uploads\/2025\/02\/1800_Novoros_gov.jpg 1280w, https:\/\/www.michalapetr.com\/wp-content\/uploads\/2025\/02\/1800_Novoros_gov-300x233.jpg 300w, https:\/\/www.michalapetr.com\/wp-content\/uploads\/2025\/02\/1800_Novoros_gov-1030x800.jpg 1030w, https:\/\/www.michalapetr.com\/wp-content\/uploads\/2025\/02\/1800_Novoros_gov-768x596.jpg 768w, https:\/\/www.michalapetr.com\/wp-content\/uploads\/2025\/02\/1800_Novoros_gov-705x547.jpg 705w, https:\/\/www.michalapetr.com\/wp-content\/uploads\/2025\/02\/1800_Novoros_gov-450x349.jpg 450w\" alt=\"\" width=\"1012\" height=\"786\" aria-describedby=\"caption-attachment-16403\" \/><\/p>\n<p id=\"caption-attachment-16403\" class=\"wp-caption-text\" style=\"text-align: justify;\">Na t\u00e9to druh\u00e9 map\u011b p\u0159edstavuj\u00ed \u017elut\u00e1 \u00fazem\u00ed tzv. ruskou gubernii\u00a0<span class=\"mw-page-title-main\"><a href=\"https:\/\/en.wikipedia.org\/wiki\/Novorossiya\">\u041d\u043e\u0432\u043e\u0440\u043e\u0441\u0441\u0438\u044f<\/a>. Jej\u00edm hlavn\u00edm m\u011bstem byla Jekat\u011brinoslav, od roku 1926 p\u0159ejmenovan\u00e1 na Dn\u011bpropetrovsk, a od roku 2016 na Dnipro.\u00a0<\/span><\/p>\n<\/div>\n<p>Porovn\u00e1n\u00edm obou map s v\u010derej\u0161\u00edm no\u010dn\u00edm vyhl\u00e1\u0161en\u00edm agentury TASS, lze dovodit, \u017ee rusk\u00e1 diplomacie i propaganda nyn\u00ed vedou koordinovanou kampa\u0148, nejm\u00e9n\u011b \u2013 otev\u0159en\u011b varuj\u00edc\u00ed Kyjev, \u017ee krom Krymu, Luhanska, Donbasu, Chersonu a Z\u00e1poro\u017e\u00ed, m\u016f\u017ee Ukrajina nevratn\u011b p\u0159ij\u00edt i o dal\u0161\u00ed \u00fazem\u00ed, kdysi ozna\u010dovan\u00e1 jako\u00a0<span class=\"mw-page-title-main\">\u041d\u043e\u0432\u043e\u0440\u043e\u0441\u0441\u0438\u044f, pokud rychle nep\u0159istoup\u00ed na Trump-Putin\u016fv m\u00edr.\u00a0<\/span><\/p>\n<h3>(2) Putin v\u010dera navrhl, aby Rusko a USA, spole\u010dn\u011b sn\u00ed\u017eily sv\u00e9 vojensk\u00e9 v\u00fddaje o 50%, a \u010c\u00edna, aby se k iniciativ\u011b p\u0159idala! Fiala naopak v\u010dera po\u017eadoval zv\u00fd\u0161en\u00ed vojensk\u00fdch v\u00fddaj\u016f o 33%! Kdo tedy chce m\u00edr, a kdo v\u00e1lku? Trump v\u010dera \u0159ekl, \u017ee Putin \u017e\u00e1dnou dal\u0161\u00ed v\u00e1lku nechce! Ergo, Fiala se tedy pom\u00e1tl?<\/h3>\n<p>Vladim\u00edr Putin v\u010dera pronesl dv\u011b velmi d\u016fle\u017eit\u00e9 v\u011bty. Prvn\u00ed \u2013 Navrhl,\u00a0<a href=\"https:\/\/tass.ru\/politika\/23233509\">aby Rusko a USA po dohod\u011b sn\u00ed\u017eily sv\u00e9 vojensk\u00e9 v\u00fddaje o 50%<\/a>,\u00a0a aby se \u010c\u00edna ke sni\u017eov\u00e1n\u00ed vojensk\u00fdch v\u00fddaj\u016f pozd\u011bji p\u0159ipojila. A druhou \u2013<a href=\"https:\/\/tass.ru\/politika\/23234623\">\u00a0Sarkasticky poznamenal, \u017ee sou\u010dasn\u00ed evrop\u0161t\u00ed politi\u010dt\u00ed l\u00edd\u0159i se v posledn\u00edch letech s kyjevsk\u00fdm re\u017eim p\u0159esp\u0159\u00edli\u0161 zapletli, a p\u0159\u00edli\u0161 mnoho Ukrajin\u011b naslibovali, a te\u010f je pro n\u011b u\u017e zhola nemo\u017en\u00e9, aby bez ztr\u00e1ty tv\u00e1\u0159e svoji politiku zm\u011bnili<\/a>. Trump v\u010dera nav\u00edc p\u0159i debat\u011b s Macronem jasn\u011b \u0159ekl, \u017ee Putin nehled\u00e1 \u017e\u00e1dnou dal\u0161\u00ed v\u00e1lku, (<a href=\"https:\/\/www.theguardian.com\/us-news\/2025\/feb\/24\/trump-ukraine-putin-peacekeepers-macron\">he\u2019s not looking for more war<\/a>), a \u017ee dokonce p\u0159ijme evropsk\u00e9 m\u00edrov\u00e9 voj\u00e1ky na Ukrajin\u011b, pokud bude p\u0159ijata rychl\u00e1 m\u00edrov\u00e1 dohoda zohled\u0148uj\u00edc\u00ed rusk\u00e9 st\u00e1tn\u00ed z\u00e1jmy.<\/p>\n<p>\u017dijeme v \u0161\u00edlen\u00e9 dob\u011b,\u00a0<a href=\"https:\/\/thehill.com\/policy\/international\/5161197-us-votes-against-resolution-condemning-russia\/\">kdy Washington hlasuje spole\u010dn\u011b s Moskvou proti rezoluci OSN navr\u017een\u00e9 apar\u00e1t\u010d\u00edky EU k dal\u0161\u00ed podpo\u0159e v\u00e1lky na Ukrajin\u011b<\/a>, kdy Rusko navrhuje USA spole\u010dn\u011b sn\u00ed\u017eit vojensk\u00e9 v\u00fddaje, kdy USA vyjedn\u00e1vaj\u00ed m\u00edr s Ruskem na Ukrajin\u011b, akceptuj\u00edc\u00ed Putinovy p\u0159edv\u00e1le\u010dn\u00e9 po\u017eadavky, a kdy, z\u0159ejm\u011b u\u017e i posledn\u00edho zbytku smyslu pro realitu zbaven\u00fd, \u010desk\u00fd profesor Fiala n\u00e1hle vystoup\u00ed s vl\u00e1dn\u00edm prohl\u00e1\u0161en\u00edm po\u017eaduj\u00edc\u00edm okam\u017eit\u00e9 zv\u00fd\u0161en\u00ed \u010desk\u00fdch vojensk\u00fdch v\u00fddaj\u016f ze 2% na 3%, a zmaten\u011b p\u0159itom mekt\u00e1, \u017ee Rusko mus\u00ed b\u00fdt odstra\u0161eno od dal\u0161\u00edch vojensk\u00fdch \u00fatok\u016f na Evropu, kr\u00e1tce potom, co Trump ve\u0159ejn\u011b ozn\u00e1mil, \u017ee trval\u00fd a pevn\u00fd m\u00edr mezi Z\u00e1padem a Ruskem je na dosah! Je tak zaj\u00edmav\u00e9 pod\u00edvat se na Fialu bl\u00ed\u017ee Putinovou logikou o zprofanovan\u00fdch politic\u00edch, kte\u0159\u00ed u\u017e nemohou zm\u011bnit politiku sv\u00fdch zem\u00ed, neb se p\u0159esp\u0159\u00edli\u0161 zapletli.<\/p>\n<p>6. \u0159\u00edjna 2022 sezval Petr Fiala na Pra\u017esk\u00fd hrad nejd\u016fle\u017eit\u011bj\u0161\u00ed evropsk\u00e9 politiky, a tam jim v brilantn\u00edm projevu ozn\u00e1mil,\u00a0<a href=\"https:\/\/www.novinky.cz\/clanek\/domaci-fiala-promluvil-k-lidrum-evropy-ukrajina-vyhraje-pravda-je-na-jeji-strane-40410796\"><em>\u017ee Ukrajina v\u00e1lku proti Rusku vyhraje, proto\u017ee pravda v\u00edt\u011bz\u00ed<\/em>.\u00a0<em>\u017de Putinova referenda o p\u0159ipojen\u00ed k Rusku prov\u00e1d\u011bn\u00e1 na ukrajinsk\u00fdch okupovan\u00fdch \u00fazem\u00edch jsou \u0161pinav\u00fd trik, a nelze je br\u00e1t v\u00e1\u017en\u011b<\/em><\/a>. Jak se dnes ukazuje, Petr Fiala byl tehdy velmi \u0161patn\u00fdm prognostikem, a politik, kter\u00fd nedok\u00e1\u017ee odhadnout budouc\u00ed v\u00fdvoj, postr\u00e1d\u00e1 z\u00e1kladn\u00ed vlastnost politika, dok\u00e1zat lidi \u00fasp\u011b\u0161n\u011b v\u00e9st do perspektivn\u00ed budoucnosti. 6. \u0159\u00edjna 2022 Petr Fiala tak\u00e9 tvrdil,\u00a0<a href=\"https:\/\/www.novinky.cz\/clanek\/domaci-fiala-promluvil-k-lidrum-evropy-ukrajina-vyhraje-pravda-je-na-jeji-strane-40410796\"><em>\u017ee je t\u0159eba se vypo\u0159\u00e1dat s drah\u00fdmi energiemi, z\u00e1vislostmi na (levn\u00fdch) rusk\u00fdch energi\u00edch, a s p\u0159echodem na udr\u017eitelnou energetiku<\/em><\/a>. Jak to dopadlo \u2013 nejvy\u0161\u0161\u00ed ceny povolenek za \u0161pinavou energetiku na sv\u011bt\u011b\u00a0<a href=\"https:\/\/www.michalapetr.com\/map-2176-tvrda-lekce-vlady-japonska-petru-fialovi-z-25-prosince-2024-levna-elektrina-z-uhli-je-budoucnost-japonska-co-na-to-cesti-parlamentni-politici-zavrou-radeji-ceske-uhelne-elektrarny-jak-v\/\">viz prosinec 2024<\/a>, nejdra\u017e\u0161\u00ed ceny elekt\u0159iny v EU\u00a0<a href=\"https:\/\/www.facebook.com\/watch\/?v=1018639390090291\">viz Havl\u00ed\u010dek hnut\u00ed ANO leden 2025<\/a>.<\/p>\n<p><a href=\"https:\/\/www.novinky.cz\/clanek\/domaci-fiala-promluvil-k-lidrum-evropy-ukrajina-vyhraje-pravda-je-na-jeji-strane-40410796\">6. \u0159\u00edjna 2022 Petr Fiala tak\u00e9 tvrdil, \u017ee je t\u0159eba se vypo\u0159\u00e1dat s imigrac\u00ed<\/a>, a jak se vypo\u0159\u00e1dal? Zavedl za \u010desk\u00e9ho p\u0159edsednictv\u00ed EU ve druh\u00e9 polovin\u011b roku 2022 do evropsk\u00e9ho pr\u00e1va tzv. Raku\u0161an\u016fv imigra\u010dn\u00ed pakt, kter\u00fd zav\u00e1d\u00ed povinn\u00e9 p\u0159erozd\u011blov\u00e1n\u00ed imigrant\u016f\u00a0<a href=\"https:\/\/www.psp.cz\/eknih\/2021ps\/stenprot\/127schuz\/s127299.htm\">viz interpelace poslance Huberta Langa z hnut\u00ed ANO leden 2025<\/a>, nebo\u00a0<a href=\"https:\/\/ordoiuris.pl\/dzialalnosc-instytutu\/co-zawiera-pakt-migracyjny-i-jakie-beda-jego-skutki-dla-polski\">viz velmi podrobn\u011b<\/a>\u00a0polsk\u00fd vl\u00e1dn\u00ed analytik\u00a0<a href=\"https:\/\/x.com\/patryk93672?lang=cs\">Patryk Ignaszczak<\/a>\u00a0ke sta\u017een\u00ed v pol\u0161tin\u011b\u00a0<a href=\"https:\/\/ordoiuris.pl\/sites\/default\/files\/inline-files\/Pakt_Migracyjny_05112024_final.pdf\">zde v PDF<\/a>. Zat\u00edmco p\u0159edseda polsk\u00e9 vl\u00e1dy Donald Tusk tento m\u011bs\u00edc tvrd\u011b prohla\u0161uje,\u00a0<a href=\"https:\/\/www.bankier.pl\/wiadomosc\/Polska-odrzuca-Pakt-migracyjny-Tusk-Nie-bedziemy-przyjmowac-narzuconych-migrantow-8887035.html\">\u017ee \u017e\u00e1dn\u00e9 povinn\u00e9 imigranty podle Raku\u0161anova paktu do Polska nep\u0159ijme<\/a>, Fialova vl\u00e1da u\u017e v lednu potichu uchystala\u00a0<a href=\"https:\/\/www.novinky.cz\/clanek\/domaci-cesko-uz-se-chysta-na-migracni-pakt-jen-novi-zamestnanci-vyjdou-na-desitky-milionu-rocne-40503088\">prvn\u00ed bal\u00ed\u010dek 130 milion\u016f CZK pro zaji\u0161t\u011bn\u00ed p\u0159\u00edjmu nov\u00fdch imigrant\u016f podle Raku\u0161anova imigra\u010dn\u00edho paktu<\/a>. A samo sebou 50 milion\u016f z bal\u00ed\u010dku m\u00e1 j\u00edt na \u0161kolen\u00ed nov\u00fdch imigra\u010dn\u00edch \u00fa\u0159edn\u00edk\u016f, a 48 milion\u016f na nov\u00e9 zdravotn\u00edky a l\u00e9ka\u0159e, kte\u0159\u00ed budou o nov\u00e9 Fialov\u00e9 imigranty v \u010cR pe\u010dovat.<\/p>\n<p>Imigra\u010dn\u00ed kotrmelce Petra Fialy jsou k popuk\u00e1n\u00ed sm\u00edchy, tedy pokud nem\u00e1te tu sm\u016flu, \u017ee jste \u010desk\u00fd ob\u010dan. Nap\u0159\u00edklad,\u00a0<a href=\"https:\/\/www.facebook.com\/watch\/live\/?ref=watch_permalink&amp;v=1034207859993430\">podle tohoto videa z roku 2015 p\u0159i debat\u011b s ob\u010dany Brna um\u00edst\u011bn\u00e9ho na FB ve 30 minut\u00e1ch se sv\u00fdmi politick\u00fdmi spole\u010dn\u00edky z ODS sliboval, \u017ee \u017e\u00e1dn\u00e9 povinn\u00e9 kv\u00f3ty na imigraci nikdy nedopust\u00ed (!), a varoval, \u017ee imigrace 1 milionu cizinc\u016f do n\u011bjak\u00e9 zem\u011b m\u016f\u017ee velmi zm\u011bnit jej\u00ed dosavadn\u00ed zp\u016fsob pokojn\u00e9 existence<\/a>. Je\u0161t\u011b ani neuplynulo 10 let, a Petr Fiala u\u017e se sv\u00fdmi politick\u00fdmi kump\u00e1ny z ODS, STAN, TOP-09 a od Pir\u00e1t\u016f pomohl p\u0159i sv\u00e9m p\u0159edsednictv\u00ed EU v Bruselu um\u00e9st cesti\u010dku povinn\u00e9 solidarit\u011b p\u0159i p\u0159ij\u00edm\u00e1n\u00ed imigrant\u016f, a jeho dal\u0161\u00ed politick\u00fd kump\u00e1n prezident Petr Pavel 23. \u00fanora 2025 dokonce vystoupil na demonstraci za dal\u0161\u00ed podporu v\u00e1lky na Ukrajin\u011b konanou na Starom\u011bstsk\u00e9m n\u00e1m\u011bst\u00ed, a zpochyb\u0148oval na n\u00ed nejen sou\u010dasn\u00e9 m\u00edrov\u00e9 \u00fasil\u00ed Donalda Trumpa, ale zpochyb\u0148oval i jeho tvrzen\u00ed o skute\u010dn\u00fdch p\u0159\u00ed\u010din\u00e1ch v\u00e1lky na Ukrajin\u011b. P\u0159i\u010dem\u017e, aby nebyl cel\u00e9 \u010desk\u00e9 fialov\u00e9 sati\u0159e konec, demonstrace se z\u0159ejm\u011b hojn\u011b \u00fa\u010dastnili i ukrajin\u0161t\u00ed imigranti,\u00a0<a href=\"https:\/\/www.novinky.cz\/clanek\/domaci-spolecne-za-ukrajinu-staromestske-namesti-si-pripomina-vyroci-valky-40510229\">a spolupo\u0159\u00e1dala ji ukrajinsk\u00e1 organizace Evropsk\u00fd kongres Ukrajinc\u016f<\/a>, tedy v\u0161e se na Starom\u00e1ku d\u011blo p\u0159esn\u011b, jak Petr Fiala u\u017e v roce 2015 varoval, \u017ee bude hrozit zemi, do n\u00ed\u017e p\u0159i-imigruje milion cizinc\u016f, a \u017ee to nep\u0159ipust\u00ed!<\/p>\n<p>Profesor\u016f Petr\u016f Fial\u016f mus\u00ed b\u00fdt z\u0159ejm\u011b v\u00edc ne\u017e pouh\u00fd jeden exempl\u00e1\u0159, a ka\u017ed\u00fd jeden z t\u011bchto exempl\u00e1\u0159\u016f profesor\u016f Fial\u016f se p\u0159itom m\u016f\u017ee sou\u010dasn\u011b vyskytovat pouze v jednom paraleln\u00edm sv\u011bt\u011b, ale z\u00e1rove\u0148 mus\u00ed doch\u00e1zet k jejich \u010dast\u00fdm inter-dimenzion\u00e1ln\u00edm v\u00fdm\u011bn\u00e1m. Proto\u017ee jinak si nelze smyslupln\u011b p\u0159edstavit, \u017ee by jeden profesor Fiala 24. kv\u011btna 2024 mohl na FB tvrdit, \u017ee jeho vl\u00e1da se\u00a0<a href=\"https:\/\/www.facebook.com\/watch\/?v=959815715894700\">postavila proti paktu o povinn\u00e9m p\u0159erozd\u011blov\u00e1n\u00ed imigrant\u016f<\/a>,\u00a0a nepamatovat si p\u0159i tom, \u017ee to byl dozajista tak\u00e9 profesor Fiala, kdo jako p\u0159edseda vl\u00e1dy u\u017e na podzim 2022 vyslal sv\u00e9ho nohsleda Raku\u0161ana do Bruselu, aby tam ten sam\u00fd imigra\u010dn\u00ed pakt vyjednal a prosadil. Jeden z profesor\u016f Fial\u016f, kte\u0159\u00ed pravideln\u011b nav\u0161t\u011bvuj\u00ed na\u0161\u00ed dimenzi, a st\u0159\u00eddaj\u00ed se v n\u00ed,\u00a0 bude nav\u00edc extr\u00e9mn\u011b chytr\u00fd, neb podrobn\u011b zn\u00e1 v\u0161echna evropsk\u00e1 imigra\u010dn\u00ed pravidla a na\u0159\u00edzen\u00ed.<\/p>\n<p>Pod\u00edvejte se, co tento konkr\u00e9tn\u00ed exempl\u00e1\u0159 \u201cchytr\u00e9ho\u201d profesora Fialy v\u011bd\u011bl u\u017e v roce 2010:\u00a0<em>Maastrichtsk\u00e1 smlouva u\u010dinila z azylov\u00e9ho pr\u00e1va \u201cunijn\u00ed z\u00e1le\u017eitost\u201d a polo\u017eila tak z\u00e1klady institucionalizovan\u00e9 spolupr\u00e1ci v migra\u010dn\u00ed oblasti v Evropsk\u00e9 unii \u2013 vyzdvihuje Fiala<\/em>,\u00a0(<a href=\"https:\/\/dspace.cuni.cz\/bitstream\/handle\/20.500.11956\/188782\/120451373.pdf?sequence=1&amp;isAllowed=y\">zde strana 36<\/a>).\u00a0Dokonce tento exempl\u00e1\u0159 Fialy v\u011bd\u011bl, \u017ee:\u00a0<em>Amsterodamskou smlouvou do\u0161lo k tzv. komunitarizaci azylov\u00e9 politiky, tedy ke zm\u011bn\u011b imigra\u010dn\u00ed politiky EU, proto\u017ee u\u017e nad\u00e1le nebylo t\u0159eba jednohlasn\u00e9ho souhlasu s rozhodnut\u00edmi Bruselu o azylov\u00fdch na\u0159\u00edzen\u00edch (imigraci), ale pouze v\u011bt\u0161inov\u00e9ho hlasov\u00e1n\u00ed<\/em>,\u00a0(<a href=\"https:\/\/dspace.cuni.cz\/bitstream\/handle\/20.500.11956\/188782\/120451373.pdf?sequence=1&amp;isAllowed=y\">zde strana 38\/39<\/a>). A je tak nanejv\u00fd\u0161 interesantn\u00ed, \u017ee a\u010dkoli jeden Petr Fiala (z roku 2010) byl mimo\u0159\u00e1dn\u00fdm odborn\u00edkem na procesy schvalov\u00e1n\u00ed azylov\u00fdch a imigra\u010dn\u00edch pakt\u016f, a nikdo ho v Bruselu nemohl op\u00edt rohl\u00edkem. A druh\u00fd Petr Fiala (z roku 2015) sliboval, \u017ee nikdy \u017e\u00e1dn\u00e9 povinn\u00e9 kv\u00f3ty p\u0159id\u011blovan\u00fdch imigrant\u016f nep\u0159ipust\u00ed. Tak t\u0159et\u00ed Petr Fiala (z roku 2022) za sv\u00e9ho p\u0159edsednictv\u00ed EU poslal do Bruselu Raku\u0161ana, aby vyjednal v\u011bt\u0161inov\u00e9 (komunitarizovan\u00e9) schv\u00e1len\u00ed imigrace, m\u00edsto toho, aby ho pov\u011b\u0159il, aby shrom\u00e1\u017edil pod jednou vlajkou, ne p\u0159\u00edznivce, ale odp\u016frce imigrace, (Ma\u010fary, Pol\u00e1ky, a dal\u0161\u00ed), a zabr\u00e1nil tak jej\u00edmu v\u011bt\u0161inov\u00e9mu schv\u00e1len\u00ed. V z\u00e1sad\u011b tak \u010cech\u016fm nezb\u00fdv\u00e1, ne\u017e zkusit pomoc\u00ed pokro\u010dil\u00e9ho fyzik\u00e1ln\u00edho v\u00fdzkumu odhalit, jak uzav\u0159\u00edt dimension\u00e1ln\u00ed trhliny, nimi\u017e k n\u00e1m Fialov\u00e9 neust\u00e1le pronikaj\u00ed, a to nejl\u00e9pe v okam\u017eiku, kdy se v na\u0161em sv\u011bt\u011b pr\u00e1v\u011b \u017e\u00e1dn\u00fd profesor Fiala aktu\u00e1ln\u011b nevyskytuje. A nebo zvolit cestu zd\u00e1nliv\u011b jednodu\u0161\u0161\u00ed, a Fialy prost\u011b u\u017e nad\u00e1le jen nevolit, bez ohledu na dimenzi jejich p\u016fvodu.<\/p>\n<p>Petr Fiala zalo\u017eil celou svoji politiku na stra\u0161en\u00ed. Loni stra\u0161il Okamurou \u2013\u00a0<em>\u00a0<a href=\"https:\/\/www.ods.cz\/clanek\/26038-kdo-nema-co-nabidnout-krajum-strasi-lidi-migraci-rekl-premier-petr-fiala-v-partii-na-cnn-prima-news\">Kdo ale nem\u00e1 co nab\u00eddnout, tak stra\u0161\u00ed lidi migrac\u00ed a podobn\u00fdmi v\u011bcmi<\/a>.\u00a0<\/em>Pravideln\u011b stra\u0161\u00ed Babi\u0161em. A kdy\u017e zjistil, \u017ee stra\u0161en\u00ed t\u011bmito politiky u\u017e na \u010desk\u00fd lid nezab\u00edr\u00e1, a fialov\u00e9 drahoty, imigrace, a inflace, a nedostatku l\u00e9k\u016f i byt\u016f, maj\u00ed u\u017e v\u0161ichni dost, upnul se letos na stra\u0161en\u00ed Putinem a Ruskem, a v\u00e1lkou, kterou p\u0159ipravuj\u00ed t\u00edm, \u017ee s Trumpem v\u00e1\u017en\u011b jednaj\u00ed o trval\u00e9m m\u00edru, a dokonce u\u017e i o citeln\u00e9m sn\u00ed\u017een\u00ed vojensk\u00fdch v\u00fddaj\u016f. Je typick\u00e9, \u017ee ve sv\u00e9m v\u010derej\u0161\u00edm stra\u0161\u00edc\u00edm provol\u00e1n\u00ed, op\u011bt sliboval odstran\u011bn\u00ed byrokracie, tentokr\u00e1te, aby bylo na zbran\u011b. Byrokracii u\u017e p\u0159ed volbami sliboval odstranit, aby se st\u00e1t u\u017e nemusel zadlu\u017eovat. Jak to dopadlo, zadlu\u017euje st\u00e1t je\u0161t\u011b v\u00edce, a nab\u00edr\u00e1 dal\u0161\u00ed byrokraty. Byrokracii sliboval odstranit, aby se stav\u011blo v\u00edce byt\u016f. V\u00fdsledek \u2013 byty nejsou skoro \u017e\u00e1dn\u00e9, ale byrokrat\u016f je v\u0161ude jako hub po vydatn\u00e9m de\u0161ti. Nejtypi\u010dt\u011bj\u0161\u00ed je ov\u0161em, stejn\u011b jako v roce 2022, kdy na hrad\u011b shrom\u00e1\u017ed\u011bn\u00fdm Eurokrat\u016fm sliboval por\u00e1\u017eku Ruska, ani\u017e aspo\u0148 tez\u00ed nast\u00ednil, jak toho chce dos\u00e1hnout, \u017ee nyn\u00ed op\u011bt pouze hl\u00e1s\u00e1, \u017ee mus\u00edme vyd\u00e1vat v\u00edce procent HDP na zbran\u011b, ale nijak ne\u0159e\u0161\u00ed, kde je vz\u00edt, krom\u011b dal\u0161\u00edho typicky fialov\u00e9ho zadlu\u017eov\u00e1n\u00ed st\u00e1tu, a zb\u00edda\u010dov\u00e1n\u00ed na\u0161ich ob\u010dan\u016f.<\/p>\n<p>Fiala v\u010dera lana\u0159il \u010cechy, aby podpo\u0159ili jeho maniak\u00e1ln\u00ed zbrojn\u00ed v\u00fddaje ve v\u00fd\u0161i 3% HDP,\u00a0<a href=\"https:\/\/www.seznamzpravy.cz\/clanek\/domaci-politika-mimoradny-projev-premiera-petra-fialy-k-mezinarodni-situaci-270617\">sliby pod\u00edlu na 93 miliard\u00e1ch EUR<\/a>,\u00a0kter\u00e9 Bruselu je\u0161t\u011b zbyly. Ne\u0159ekl v\u0161ak p\u0159itom kolik bychom z t\u011bchto pen\u011bz dostali. Z Fondu pro obnovu po COVID\u00a0<a href=\"https:\/\/www.consilium.europa.eu\/en\/infographics\/recovery-fund-eu-delivers\/\">ve v\u00fd\u0161i 672,5 miliard EUR jsme dostali jen 7 miliard EUR<\/a>, tedy jen 1.04% z cel\u00e9 sumy, a p\u0159itom jsme m\u011bli dostat nejm\u00e9n\u011b 2 kr\u00e1t tolik, proto\u017ee takov\u00fd je n\u00e1\u0161 kombinovan\u00fd sou\u010det DPH + po\u010det obyvatel. Ze zbytku Fialova fondu bychom tak m\u011bli dostat 930 milion\u016f EUR, tedy jen necel\u00fdch 25 miliard CZK, a p\u0159itom 1% HDP, o n\u011b\u017e Fiala po\u017eaduje zv\u00fd\u0161it na\u0161e zbrojn\u00ed v\u00fddaje p\u0159edstavuje skoro 80 miliard CZK!!<\/p>\n<p>Vrcholem v\u0161eho v\u0161ak je v\u010derej\u0161\u00ed Fialovo tvrzen\u00ed, \u017ee by EU m\u011bla Rusku zabavit nejen 300 miliard EUR, kter\u00e9 jsou zmrazen\u00e9, ale i dal\u0161\u00ed rusk\u00fd majetek, a vyu\u017e\u00edt je tak\u00e9 v \u010desk\u00fd prosp\u011bch! (<a href=\"https:\/\/www.forum24.cz\/zive-mimoradny-projev-premiera-fialy-promluvi-o-aktualni-bezpecnostni-situaci\">Zde od 06:00<\/a>) Obdobn\u011b se v\u010dera ve Washingtonu vyj\u00e1d\u0159il i Macron, a velice t\u00edm pobavil Trumpa. (<a href=\"https:\/\/www.washingtontimes.com\/news\/2025\/feb\/24\/trump-macron-spar-ukraine-funding-oval-office-meeting\/\">If you believe that. It\u2019s OK with me<\/a>) Nen\u00ed v podstat\u011b rychlej\u0161\u00ed cesta, jak eskalovat v\u00e1lku, ne\u017e jakou v\u010dera sliboval Petr Fiala. V\u010dera Trump \u0159ekl Macronovi, \u017ee Putin nem\u00e1 nic proti tomu, aby EU na Ukrajin\u011b rozm\u00edstila sv\u00e9 voj\u00e1ky, aby st\u0159e\u017eili m\u00edr, ale bez americk\u00e9 ochrany. Putin s Trumpem tak z\u0159ejm\u011b vymysleli snadnou cestu, jak definitivn\u011b zlomit evropskou tvrdohlavost p\u0159i podpo\u0159e v\u00e1lky na Ukrajin\u011b, nebo trv\u00e1n\u00ed na nastolen\u00ed m\u00edru, kter\u00fd je z hlediska v\u00fdvoje v\u00e1le\u010dn\u00fdch ud\u00e1lost\u00ed naprosto nemysliteln\u00fd. Pokud se Evropan\u00e9 na Ukrajinu v\u016fbec odv\u00e1\u017e\u00ed vypravit, Pol\u00e1ci odm\u00edtaj\u00ed, bude Putinovi sta\u010dit p\u00e1r raket Ore\u0161nik, aby jejich zdecimovan\u00e9 zbytky zahnal zp\u00e1tky dom\u016f, a to bude nejen konec Ukrajiny, ale i Bruselu. Ostatn\u011b Trump si mus\u00ed s m\u00edrem posp\u00ed\u0161it, nebo z Ukrajiny nic nezbyde.<\/p>\n<h3>(3) Rusk\u00e1 ofenz\u00edva gener\u00e1la San\u010dika nabrala v\u010dera na obr\u00e1tk\u00e1ch. Rusov\u00e9 se zat\u00edm prod\u00edraj\u00ed p\u0159es extr\u00e9mn\u011b hustou ukrajinskou obranu p\u0159ekvapiv\u011b rychle a beze ztr\u00e1t.<\/h3>\n<p>Jednotky rusk\u00e9ho gener\u00e1la San\u010dika, velitele opera\u010dn\u00ed skupiny JIH, tento t\u00fdden prolomily ukrajinskou obranu, a rychle postupuj\u00ed severov\u00fdchodn\u00edm sm\u011brem od m\u011bste\u010dka Velika Novosilka, a tak ohro\u017euj\u00ed hlubok\u00fd t\u00fdl ji\u017en\u00edho boku zbytk\u016f \u00fadern\u00e9 skupiny ukrajinsk\u00e9ho gener\u00e1la Drapatyje, kter\u00fd dostal od Zelensk\u00e9ho koncem ledna na\u0159\u00edzeno prov\u00e9st se z\u00e1padn\u00edmi obrn\u011bnci sebevra\u017eedn\u00fd n\u00e1jezd proti v\u00fdchodn\u00edmu k\u0159\u00eddlu 41. rusk\u00e9 arm\u00e1dy gener\u00e1la Mordvi\u010deva, obkli\u010duj\u00edc\u00ed ze z\u00e1padu aglomeraci Pokrovsk-Myrnohrad. M\u011bste\u010dko Velik\u00e1 Novosilka, ze kter\u00e9ho San\u010dikovy jednotky vyrazily o tomto v\u00edkendu do \u00fatoku,\u00a0<a href=\"https:\/\/www.michalapetr.com\/map-2204-porazka-ukrajiny-v-bitve-velikou-novosilku-sokujici-soudni-pripad-majora-konstantyna-k-poprve-oficialne-odhalil-desive-ztraty-ukrajinske-armady-naprostou-tupost-kyjevske-generality-i-nesk\/\">bylo teprve koncem leto\u0161n\u00edho ledna vy\u010di\u0161t\u011bno od obkl\u00ed\u010den\u00fdch ukrajinsk\u00fdch obr\u00e1nc\u016f<\/a>. Podle st\u0159\u00edzliv\u00fdch zpr\u00e1v s boji\u0161t\u011b Rusov\u00e9 od soboty do v\u010derej\u0161\u00edho pond\u011bln\u00edho ve\u010dera pronikli z Velik\u00e9 Novosilky p\u0159\u00ed \u0161\u00ed\u0159ce \u00faderu 13km a\u017e do hloubky 6km, a podle hl\u00e1\u0161en\u00ed z noci na dne\u0161ek jejich \u010deln\u00ed jednotky postupuj\u00ed i nad\u00e1le \u00fasp\u011b\u0161n\u011b vp\u0159ed. Rusk\u00e9 zdroje se nezvykle holedbaj\u00ed, \u017ee San\u010dikovy kolony p\u0159i \u00fatoku neztratily ani jedin\u00e9 obrn\u011bn\u00e9 vozidlo, a \u017ee \u00fatok byl velmi dob\u0159e p\u0159ipraven.<\/p>\n<div id=\"attachment_16389\" class=\"wp-caption aligncenter\" style=\"width: 1057px;\"><img decoding=\"async\" loading=\"lazy\" class=\" wp-image-16389\" src=\"https:\/\/www.michalapetr.com\/wp-content\/uploads\/2025\/02\/photo_2025-02-24_22-18-42.jpg\" sizes=\"(max-width: 1656px) 100vw, 1656px\" srcset=\"https:\/\/www.michalapetr.com\/wp-content\/uploads\/2025\/02\/photo_2025-02-24_22-18-42.jpg 1656w, https:\/\/www.michalapetr.com\/wp-content\/uploads\/2025\/02\/photo_2025-02-24_22-18-42-300x213.jpg 300w, https:\/\/www.michalapetr.com\/wp-content\/uploads\/2025\/02\/photo_2025-02-24_22-18-42-1030x731.jpg 1030w, https:\/\/www.michalapetr.com\/wp-content\/uploads\/2025\/02\/photo_2025-02-24_22-18-42-768x545.jpg 768w, https:\/\/www.michalapetr.com\/wp-content\/uploads\/2025\/02\/photo_2025-02-24_22-18-42-1536x1091.jpg 1536w, https:\/\/www.michalapetr.com\/wp-content\/uploads\/2025\/02\/photo_2025-02-24_22-18-42-1500x1065.jpg 1500w, https:\/\/www.michalapetr.com\/wp-content\/uploads\/2025\/02\/photo_2025-02-24_22-18-42-260x185.jpg 260w, https:\/\/www.michalapetr.com\/wp-content\/uploads\/2025\/02\/photo_2025-02-24_22-18-42-705x501.jpg 705w, https:\/\/www.michalapetr.com\/wp-content\/uploads\/2025\/02\/photo_2025-02-24_22-18-42-450x320.jpg 450w\" alt=\"\" width=\"1057\" height=\"751\" aria-describedby=\"caption-attachment-16389\" \/><\/p>\n<p id=\"caption-attachment-16389\" class=\"wp-caption-text\">Mapa v\u010derej\u0161\u00edho postupu rusk\u00e9ho gener\u00e1la San\u010dika, velitele opera\u010dn\u00ed skupiny JIH.\u00a0 Zelen\u00e1 \u0161ipka = 6km, \u010dern\u00e1 \u0161ipka = 13km.<\/p>\n<\/div>\n<div id=\"attachment_16391\" class=\"wp-caption aligncenter\" style=\"width: 763px;\"><img decoding=\"async\" loading=\"lazy\" class=\" wp-image-16391\" src=\"https:\/\/www.michalapetr.com\/wp-content\/uploads\/2025\/02\/2154bbc903_gerasimov.png\" sizes=\"(max-width: 800px) 100vw, 800px\" srcset=\"https:\/\/www.michalapetr.com\/wp-content\/uploads\/2025\/02\/2154bbc903_gerasimov.png 800w, https:\/\/www.michalapetr.com\/wp-content\/uploads\/2025\/02\/2154bbc903_gerasimov-300x197.png 300w, https:\/\/www.michalapetr.com\/wp-content\/uploads\/2025\/02\/2154bbc903_gerasimov-768x504.png 768w, https:\/\/www.michalapetr.com\/wp-content\/uploads\/2025\/02\/2154bbc903_gerasimov-705x463.png 705w, https:\/\/www.michalapetr.com\/wp-content\/uploads\/2025\/02\/2154bbc903_gerasimov-450x295.png 450w\" alt=\"\" width=\"763\" height=\"501\" aria-describedby=\"caption-attachment-16391\" \/><\/p>\n<p id=\"caption-attachment-16391\" class=\"wp-caption-text\" style=\"text-align: justify;\">\u017de se u gener\u00e1la San\u010dika bude brzy d\u00edt n\u011bco v\u011bt\u0161\u00edho, uk\u00e1zala u\u017e v\u00edkendov\u00e1 vizita hlavn\u00edho Putinova gener\u00e1la Gerasimova.\u00a0<a href=\"https:\/\/vkvideo.ru\/video-23304496_456268106?list=ln-RhhwwP7fthUZmofZHr&amp;ref_domain=topwar.ru\">Na tomto ned\u011bln\u00edm videu uvid\u00edte<\/a>, kr\u00e1snou a z\u0159etelnou Gerasimovovu mimiku, j\u00ed\u017e reagoval na San\u010dik\u016fv \u0161t\u00e1bn\u00ed doklad o v\u00e1le\u010dn\u00e9 situaci v sektoru jeho skupiny JIH. Na fotce Gerasimov vlevo, San\u010dik vpravo. Na videu pozor \u2013 San\u010dik vlevo, Gerasimov vpravo, a vpravo od n\u011bj gener\u00e1lov\u00e9 San\u010dikova \u0161t\u00e1bu. Z videa je z\u0159eteln\u00e9, \u017ee San\u010dik za posledn\u00ed rok viditeln\u011b zhubnul a zest\u00e1rnul.\u00a0<a href=\"https:\/\/ru.wikipedia.org\/wiki\/%D0%A1%D0%B0%D0%BD%D1%87%D0%B8%D0%BA,_%D0%90%D0%BB%D0%B5%D0%BA%D1%81%D0%B0%D0%BD%D0%B4%D1%80_%D0%A1%D0%B5%D0%BC%D1%91%D0%BD%D0%BE%D0%B2%D0%B8%D1%87\">San\u010dikovi je 58<\/a>.<\/p>\n<\/div>\n<div id=\"attachment_16393\" class=\"wp-caption aligncenter\" style=\"width: 948px;\"><img decoding=\"async\" loading=\"lazy\" class=\" wp-image-16393\" src=\"https:\/\/www.michalapetr.com\/wp-content\/uploads\/2025\/02\/photo_2025-02-22_16-49-51.jpg\" sizes=\"(max-width: 1280px) 100vw, 1280px\" srcset=\"https:\/\/www.michalapetr.com\/wp-content\/uploads\/2025\/02\/photo_2025-02-22_16-49-51.jpg 1280w, https:\/\/www.michalapetr.com\/wp-content\/uploads\/2025\/02\/photo_2025-02-22_16-49-51-300x225.jpg 300w, https:\/\/www.michalapetr.com\/wp-content\/uploads\/2025\/02\/photo_2025-02-22_16-49-51-1030x773.jpg 1030w, https:\/\/www.michalapetr.com\/wp-content\/uploads\/2025\/02\/photo_2025-02-22_16-49-51-768x576.jpg 768w, https:\/\/www.michalapetr.com\/wp-content\/uploads\/2025\/02\/photo_2025-02-22_16-49-51-705x529.jpg 705w, https:\/\/www.michalapetr.com\/wp-content\/uploads\/2025\/02\/photo_2025-02-22_16-49-51-450x338.jpg 450w\" alt=\"\" width=\"948\" height=\"711\" aria-describedby=\"caption-attachment-16393\" \/><\/p>\n<p id=\"caption-attachment-16393\" class=\"wp-caption-text\" style=\"text-align: justify;\">Na t\u00e9to map\u011b boji\u0161t\u011b u Velik\u00e9 Novosilky vid\u00edte sch\u00e9ma podrobn\u00e9 ukrajinsk\u00e9 obrany. Modr\u00e9 zna\u010dky s \u010d\u00edslem ozna\u010duj\u00ed p\u011bchotn\u00ed op\u011brn\u00e9 body jednotliv\u00fdch \u010det ukrajinsk\u00fdch vojsk. Jak vid\u00edte, San\u010dikova vojska nyn\u00ed prolamuj\u00ed hustou ukrajinskou obranu. Ta v\u0161ak u\u017e nen\u00ed slo\u017eena z betonov\u00fdch fortifikac\u00ed, jako p\u0159edchoz\u00ed ukrajinsk\u00e9 obrann\u00e9 linie, kter\u00fdmi si Rusov\u00e9 museli loni pror\u00e1\u017eet svoji cestu vp\u0159ed.<\/p>\n<\/div>\n<p>Uf. Dnes dlouh\u00e9 a dalo pr\u00e1ci za dv\u011b anal\u00fdzy, hlavn\u011b s t\u00edm Fialou jsem se nad\u0159el. Tak snad mu to pom\u016f\u017ee do d\u016fchodu. Ve \u010dtvrtek 20. \u00fanora jsem debatoval o Ukrajin\u011b, m\u00edru, v\u00e1lce, a pl\u00e1nech, jak n\u00e1s do n\u00ed zat\u00e1hnout poprv\u00e9 i na Svobodn\u00e9m r\u00e1diu. Z\u00e1znam\u00a0<a class=\"mfp-iframe lightbox-added\" href=\"https:\/\/www.youtube.com\/watch?v=TjgVgPWai4g\">po\u0159adu najdete na YouTube zde<\/a>.\u00a013. \u00fanora jsem byl spole\u010dn\u011b s Ivanem Kratochv\u00edlem hostem na TV Bure\u0161,\u00a0<a class=\"mfp-iframe lightbox-added\" href=\"https:\/\/www.youtube.com\/watch?v=IEt7DqrH9Bg\">na\u0161i diskusi o m\u00edru na Ukrajin\u011b najdete zde<\/a>.<\/p>\n<p><a href=\"https:\/\/www.michalapetr.com\/map-2230-dve-mapy-ukazuji-konecny-osud-ukrajiny-aneb-proc-putin-slibil-trumpovi-ruske-dodavky-levnych-surovin-macron-vcera-dokonale-pobavil-trumpa-svymi-naivnimi-predstavami-o-konci-valky-na-ukraji\/\">Michael Svato\u0161<\/a><\/p>\n<p><img decoding=\"async\" loading=\"lazy\" class=\"alignnone size-full wp-image-27204\" src=\"http:\/\/www.infokuryr.cz\/n\/wp-content\/uploads\/2023\/05\/Michael_Svatos.png\" alt=\"\" width=\"180\" height=\"180\" srcset=\"https:\/\/www.infokuryr.cz\/n\/wp-content\/uploads\/2023\/05\/Michael_Svatos.png 180w, https:\/\/www.infokuryr.cz\/n\/wp-content\/uploads\/2023\/05\/Michael_Svatos-150x150.png 150w\" sizes=\"(max-width: 180px) 100vw, 180px\" \/><\/p>\n<p>&nbsp;<\/p>\n","protected":false},"excerpt":{"rendered":"<p>Dv\u011b mapy ukazuj\u00ed kone\u010dn\u00fd osud Ukrajiny! Aneb, pro\u010d Putin sl\u00edbil Trumpovi rusk\u00e9 dod\u00e1vky levn\u00fdch surovin!&#8230;<\/p>\n","protected":false},"author":2,"featured_media":42967,"comment_status":"closed","ping_status":"closed","sticky":false,"template":"","format":"standard","meta":[],"categories":[6],"tags":[1042,535,22,26,40],"_links":{"self":[{"href":"https:\/\/www.infokuryr.cz\/n\/wp-json\/wp\/v2\/posts\/73093"}],"collection":[{"href":"https:\/\/www.infokuryr.cz\/n\/wp-json\/wp\/v2\/posts"}],"about":[{"href":"https:\/\/www.infokuryr.cz\/n\/wp-json\/wp\/v2\/types\/post"}],"author":[{"embeddable":true,"href":"https:\/\/www.infokuryr.cz\/n\/wp-json\/wp\/v2\/users\/2"}],"replies":[{"embeddable":true,"href":"https:\/\/www.infokuryr.cz\/n\/wp-json\/wp\/v2\/comments?post=73093"}],"version-history":[{"count":1,"href":"https:\/\/www.infokuryr.cz\/n\/wp-json\/wp\/v2\/posts\/73093\/revisions"}],"predecessor-version":[{"id":73094,"href":"https:\/\/www.infokuryr.cz\/n\/wp-json\/wp\/v2\/posts\/73093\/revisions\/73094"}],"wp:featuredmedia":[{"embeddable":true,"href":"https:\/\/www.infokuryr.cz\/n\/wp-json\/wp\/v2\/media\/42967"}],"wp:attachment":[{"href":"https:\/\/www.infokuryr.cz\/n\/wp-json\/wp\/v2\/media?parent=73093"}],"wp:term":[{"taxonomy":"category","embeddable":true,"href":"https:\/\/www.infokuryr.cz\/n\/wp-json\/wp\/v2\/categories?post=73093"},{"taxonomy":"post_tag","embeddable":true,"href":"https:\/\/www.infokuryr.cz\/n\/wp-json\/wp\/v2\/tags?post=73093"}],"curies":[{"name":"wp","href":"https:\/\/api.w.org\/{rel}","templated":true}]}}