{"id":7309,"date":"2022-01-04T18:04:42","date_gmt":"2022-01-04T17:04:42","guid":{"rendered":"http:\/\/www.infokuryr.cz\/n\/?p=7309"},"modified":"2022-01-04T18:07:50","modified_gmt":"2022-01-04T17:07:50","slug":"velmi-velmi-velka-demonstrace-desitky-tisic-lidi-protestuji-v-nemecko-proti-politice-corony","status":"publish","type":"post","link":"https:\/\/www.infokuryr.cz\/n\/2022\/01\/04\/velmi-velmi-velka-demonstrace-desitky-tisic-lidi-protestuji-v-nemecko-proti-politice-corony\/","title":{"rendered":"&#8222;Velmi, velmi velk\u00e1 demonstrace&#8220; &#8211; des\u00edtky tis\u00edc lid\u00ed protestuj\u00ed v N\u011bmecku proti politice Corony"},"content":{"rendered":"<div id=\"fb-root\"><\/div>\n<div class=\"ArticleView-summary\">\n<div class=\"Text-root Text-type_1 \">Lid\u00e9 po cel\u00e9m N\u011bmecku se znovu a znovu shroma\u017e\u010fuj\u00ed na takzvan\u00fdch proch\u00e1zk\u00e1ch, aby protestovali proti opat\u0159en\u00edm Corona.\u00a0Po\u010det \u00fa\u010dastn\u00edk\u016f shrom\u00e1\u017ed\u011bn\u00ed, kter\u00fdm se \u0159\u00edk\u00e1 \u201eradik\u00e1ln\u00ed men\u0161ina\u201c, st\u00e1le roste.<\/div>\n<\/div>\n<div class=\"ArticleView-coverWrap\">\n<figure class=\"Cover-root\">\n<div class=\"Cover-image\"><picture class=\"Picture-root Picture-default\"><source srcset=\" https:\/\/cdni.rt.com\/deutsch\/images\/2022.01\/thumbnail\/61d439fd48fbef2ec8119328.jpg 850w, https:\/\/cdni.rt.com\/deutsch\/images\/2022.01\/article\/61d439fd48fbef2ec8119328.jpg 1960w, \" media=\"(-webkit-min-device-pixel-ratio: 2) and (min-resolution: 120dpi)\" sizes=\"1104px\" data-srcset=\" https:\/\/cdni.rt.com\/deutsch\/images\/2022.01\/thumbnail\/61d439fd48fbef2ec8119328.jpg 850w, https:\/\/cdni.rt.com\/deutsch\/images\/2022.01\/article\/61d439fd48fbef2ec8119328.jpg 1960w, \" \/><source srcset=\" https:\/\/cdni.rt.com\/deutsch\/images\/2022.01\/thumbnail\/61d439fd48fbef2ec8119328.jpg 460w, https:\/\/cdni.rt.com\/deutsch\/images\/2022.01\/article\/61d439fd48fbef2ec8119328.jpg 980w, \" sizes=\"1104px\" data-srcset=\" https:\/\/cdni.rt.com\/deutsch\/images\/2022.01\/thumbnail\/61d439fd48fbef2ec8119328.jpg 460w, https:\/\/cdni.rt.com\/deutsch\/images\/2022.01\/article\/61d439fd48fbef2ec8119328.jpg 980w, \" \/><img decoding=\"async\" class=\"Picture-root Picture-default lazyautosizes lazyloaded\" src=\"https:\/\/cdni.rt.com\/deutsch\/images\/2022.01\/thumbnail\/61d439fd48fbef2ec8119328.jpg\" sizes=\"1104px\" alt=\"&quot;Velmi, velmi velk\u00e1 demonstrace&quot; - des\u00edtky tis\u00edc lid\u00ed kr\u00e1\u010dej\u00ed proti politice Corony\" data-sizes=\"auto\" data-src=\"https:\/\/cdni.rt.com\/deutsch\/images\/2022.01\/thumbnail\/61d439fd48fbef2ec8119328.jpg\" \/><\/picture><\/div><figcaption class=\"Cover-footer\"><span class=\"Cover-caption\"><span class=\"Cover-captionItem\">V pond\u011bl\u00ed se 3. ledna 2022 po cel\u00e9m N\u011bmecku se\u0161ly desetitis\u00edce lid\u00ed na takzvan\u00e9 \u201eproch\u00e1zky\u201c.<\/span><\/span><\/figcaption><\/figure>\n<\/div>\n<div class=\"Text-root Text-type_5 ArticleView-text ViewText-root \">\n<p>Desetitis\u00edce lid\u00ed vy\u0161ly v pond\u011bl\u00ed ve\u010der po cel\u00e9 zemi do ulic proti tomu, co pova\u017eovali za nep\u0159im\u011b\u0159en\u00e1 koronavirov\u00e1 opat\u0159en\u00ed p\u0159ijat\u00e1 feder\u00e1ln\u00ed vl\u00e1dou.\u00a0Znovu a znovu se mluv\u00ed o \u201ere\u017eimu COVID\u201c.\u00a0V sou\u010dasn\u00e9 dob\u011b je to mo\u017en\u00e9 zaveden\u00ed v\u0161eobecn\u00e9ho povinn\u00e9ho o\u010dkov\u00e1n\u00ed, kter\u00e9 znepokojuje mnoh\u00e9 z \u00fa\u010dastn\u00edk\u016f, kte\u0159\u00ed jsou ozna\u010dov\u00e1ni p\u0159edev\u0161\u00edm jako \u201epop\u00edra\u010di korony\u201c, \u201ekonspira\u010dn\u00ed teoretici\u201c a \u201eantivakcina\u010dn\u00ed agenti\u201c.<\/p>\n<p>\u0158ada \u201enestacion\u00e1rn\u00edch shrom\u00e1\u017ed\u011bn\u00ed\u201c byla p\u0159edem zak\u00e1z\u00e1na.\u00a0Jen v B\u00e1densku-W\u00fcrttembersku se odhadovalo, \u017ee do ulic vyneslo svou nelibost asi 50 000 lid\u00ed.\u00a0To je \u010d\u00edslo, kter\u00e9 uvedl st\u00e1tn\u00ed ministr vnitra Thomas Strobl (CDU).\u00a0To by bylo podstatn\u011b v\u00edce lid\u00ed, ne\u017e se d\u0159\u00edve p\u0159edpokl\u00e1dalo.\u00a0Ve slu\u017eb\u011b bylo kolem 2500 policist\u016f.<\/p>\n<p>N\u011bmc\u016fm ji\u017e doch\u00e1z\u00ed porou\u010dlivost a je jen ot\u00e1zkou \u010dasu kdy za\u010dnou davy lid\u00ed \u00fato\u010dit na st\u00e1tn\u00ed apar\u00e1t.<\/p>\n<\/div>\n<p><img decoding=\"async\" loading=\"lazy\" class=\"alignnone size-full wp-image-1185\" src=\"http:\/\/www.infokuryr.cz\/n\/wp-content\/uploads\/2021\/04\/kuryr-podpis.png\" alt=\"\" width=\"84\" height=\"24\" \/><\/p>\n<p>&nbsp;<\/p>\n","protected":false},"excerpt":{"rendered":"<p>Lid\u00e9 po cel\u00e9m N\u011bmecku se znovu a znovu shroma\u017e\u010fuj\u00ed na takzvan\u00fdch proch\u00e1zk\u00e1ch, aby protestovali proti&#8230;<\/p>\n","protected":false},"author":2,"featured_media":7025,"comment_status":"closed","ping_status":"closed","sticky":false,"template":"","format":"standard","meta":[],"categories":[7],"tags":[23,84,95],"_links":{"self":[{"href":"https:\/\/www.infokuryr.cz\/n\/wp-json\/wp\/v2\/posts\/7309"}],"collection":[{"href":"https:\/\/www.infokuryr.cz\/n\/wp-json\/wp\/v2\/posts"}],"about":[{"href":"https:\/\/www.infokuryr.cz\/n\/wp-json\/wp\/v2\/types\/post"}],"author":[{"embeddable":true,"href":"https:\/\/www.infokuryr.cz\/n\/wp-json\/wp\/v2\/users\/2"}],"replies":[{"embeddable":true,"href":"https:\/\/www.infokuryr.cz\/n\/wp-json\/wp\/v2\/comments?post=7309"}],"version-history":[{"count":0,"href":"https:\/\/www.infokuryr.cz\/n\/wp-json\/wp\/v2\/posts\/7309\/revisions"}],"wp:featuredmedia":[{"embeddable":true,"href":"https:\/\/www.infokuryr.cz\/n\/wp-json\/wp\/v2\/media\/7025"}],"wp:attachment":[{"href":"https:\/\/www.infokuryr.cz\/n\/wp-json\/wp\/v2\/media?parent=7309"}],"wp:term":[{"taxonomy":"category","embeddable":true,"href":"https:\/\/www.infokuryr.cz\/n\/wp-json\/wp\/v2\/categories?post=7309"},{"taxonomy":"post_tag","embeddable":true,"href":"https:\/\/www.infokuryr.cz\/n\/wp-json\/wp\/v2\/tags?post=7309"}],"curies":[{"name":"wp","href":"https:\/\/api.w.org\/{rel}","templated":true}]}}