{"id":73085,"date":"2025-02-25T06:58:14","date_gmt":"2025-02-25T05:58:14","guid":{"rendered":"https:\/\/www.infokuryr.cz\/n\/?p=73085"},"modified":"2025-02-25T06:58:14","modified_gmt":"2025-02-25T05:58:14","slug":"miroslav-kelnar-skandalni-dvoji-pristup-ceske-policie","status":"publish","type":"post","link":"https:\/\/www.infokuryr.cz\/n\/2025\/02\/25\/miroslav-kelnar-skandalni-dvoji-pristup-ceske-policie\/","title":{"rendered":"Miroslav Kelnar: Skand\u00e1ln\u00ed dvoj\u00ed p\u0159\u00edstup \u010desk\u00e9 policie"},"content":{"rendered":"<div id=\"fb-root\"><\/div>\n<p align=\"justify\"><strong>Jak v t\u00e9to dob\u011b rezonuje v\u00a0na\u0161\u00ed spole\u010dnosti t\u00e9ma \u2013 vyd\u00e1n\u00ed p\u0159edsedy strany SPD pana Okamury policii k\u00a0vy\u0161et\u0159ov\u00e1n\u00ed za zve\u0159ejn\u011bn\u00ed \u00fadajn\u011b rasistick\u00e9ho plak\u00e1tu s \u201e\u010dern\u00fdmi chirurgy\u201c, tak bych se r\u00e1d vr\u00e1til ke dv\u011bma shrom\u00e1\u017ed\u011bn\u00edm, kter\u00e9 se konaly p\u0159ed dv\u011bma roky v\u00a0Praze, a to jednak na Letn\u00e9, a pak i na V\u00e1clavsk\u00e9m n\u00e1m\u011bst\u00ed, abych na t\u011bchto ud\u00e1lostech uk\u00e1zal dvoj\u00ed metr, kter\u00fd uplat\u0148uje \u010desk\u00e1 policie v\u016f\u010di ob\u010dan\u016fm \u010cesk\u00e9 republiky.<\/strong><\/p>\n<p align=\"justify\">Dne 25. 2. 2023 prob\u011bhlo na Letensk\u00e9 pl\u00e1ni shrom\u00e1\u017ed\u011bn\u00ed na podporu Ukrajiny, a jak je viditeln\u00e9 z videa\u00a0<a href=\"https:\/\/www.novinky.cz\/clanek\/domaci-lide-se-na-letne-sesli-na-podporu-ukrajiny-zamiri-k-ambasade-40423985.\" target=\"_blank\" rel=\"noopener\">na tomto odkazu<\/a>, tak hned od za\u010d\u00e1tku shrom\u00e1\u017ed\u011bn\u00ed se na t\u00e9to akci m\u00e1valo minim\u00e1ln\u011b jednou vlajkou spojenou s profa\u0161istickou ukrajinskou organizac\u00ed \u0160t\u011bp\u00e1na Bandery z dob 2. sv\u011btov\u00e9 v\u00e1lky (\u010derveno-\u010dern\u00e1 vlajka s trojzubcem).<\/p>\n<p align=\"justify\">V tomto obdob\u00ed konce \u00fanora 2023 prob\u011bhla na V\u00e1clavsk\u00e9m n\u00e1m\u011bst\u00ed je\u0161t\u011b dal\u0161\u00ed demonstrace se stejn\u00fdm zam\u011b\u0159en\u00edm, kde se objevily na tomto shrom\u00e1\u017ed\u011bn\u00ed vlajky zn\u00e1me ukrajinsk\u00e9 nacionalistick\u00e9 organizace AZOV. Tato skute\u010dnost o p\u0159\u00edtomnosti vlajek Ukrajinsk\u00e9 osvobozeneck\u00e9 arm\u00e1dy a Azova v roce 2023 na t\u011bchto proukrajinsk\u00fdch shrom\u00e1\u017ed\u011bn\u00edch\u00a0<a href=\"https:\/\/www.parlamentnilisty.cz\/arena\/monitor\/-Hakovy-kriz-priste-Ukrajinske-symboly-Prislo-vysvetleni-Zdrcujici-730449\" target=\"_blank\" rel=\"noopener\">je potvrzena i nap\u0159. zde<\/a>.<\/p>\n<p align=\"justify\">Jak je vid\u011bt n\u00ed\u017ee, na vlajce AZOVA je zobrazen tzv. vl\u010d\u00ed h\u00e1k, co\u017e je symbol,\u00a0je\u017e byl vyu\u017e\u00edv\u00e1n jednotkami Wehrmachtu a SS za 2. sv\u011btov\u00e9 v\u00e1lky, a jinak si ho tak\u00e9 vybrala jako sv\u016fj znak organizace WERWOLF (Vlkodlak), kter\u00e1 byla na konci 2. sv\u011btov\u00e9 v\u00e1lky \u010dinn\u00e1 v\u00a0na\u0161em\u00a0pohrani\u010d\u00ed v tzv. Sudetech. Tato fa\u0161istick\u00e1 organizace m\u011bla za c\u00edl prov\u00e1d\u011bt teroristickou \u010dinnost i proti navracej\u00edc\u00edmu se \u010desk\u00e9mu obyvatelstvu vyhnan\u00e9mu p\u0159ed 2. sv\u011btovou v\u00e1lkou z\u00a0t\u011bchto teritori\u00ed.<\/p>\n<p align=\"justify\">Mimo to, na vlajce AZOVA je zobrazeno i \u010cern\u00e9 slunce, kter\u00e9 si zvolilo Himmlerovo SS za sv\u016fj okultn\u00ed symbol pro svoji zlo\u010dineckou organizaci.<\/p>\n<p align=\"justify\">Tedy na t\u011bchto dvou shrom\u00e1\u017ed\u011bn\u00edch do\u0161lo k\u00a0propagaci symbol\u016f, kter\u00e9 je mo\u017eno bez jak\u00fdchkoliv pochybnost\u00ed vzt\u00e1hnout k\u00a0profa\u0161istick\u00fdm banderovsk\u00fdm struktur\u00e1m z\u00a0let 2. sv\u011btov\u00e9 v\u00e1lky na Ukrajin\u011b, a k\u00a0t\u011bmto symbol\u016fm se dnes hl\u00e1s\u00ed nechvaln\u011b zn\u00e1m\u00e9 nacionalistick\u00e9 organizace na Ukrajin\u011b jako je AZOV a PRAV\u00dd SEKTOR.<\/p>\n<p align=\"justify\"><img decoding=\"async\" loading=\"lazy\" class=\"aligncenter\" src=\"https:\/\/narodnidemokracie.cz\/wp-content\/uploads\/2025\/02\/azov_1.jpg\" alt=\"\" width=\"721\" height=\"428\" \/><\/p>\n<p align=\"justify\"><img decoding=\"async\" loading=\"lazy\" class=\"aligncenter\" src=\"https:\/\/narodnidemokracie.cz\/wp-content\/uploads\/2025\/02\/azov_2.jpg\" alt=\"\" width=\"683\" height=\"363\" \/><\/p>\n<p align=\"justify\"><img decoding=\"async\" loading=\"lazy\" class=\"aligncenter\" src=\"https:\/\/narodnidemokracie.cz\/wp-content\/uploads\/2025\/02\/azov_3.jpg\" alt=\"\" width=\"563\" height=\"438\" \/><\/p>\n<p align=\"justify\"><img decoding=\"async\" loading=\"lazy\" class=\"aligncenter\" src=\"https:\/\/narodnidemokracie.cz\/wp-content\/uploads\/2025\/02\/azov_4.jpg\" alt=\"\" width=\"403\" height=\"476\" \/><\/p>\n<p align=\"justify\">Tento symbol Banderovc\u016f \u2013 \u010derveno\u010dern\u00e1 vlajka s\u00a0trojzubcem \u2013 vlaje na videu z Letn\u00e9 hned od za\u010d\u00e1tku a v 6. minut\u011b je na stejn\u00e9m videu vid\u011bt i tv\u00e1\u0159 ministra Raku\u0161ana, kter\u00fd na shrom\u00e1\u017ed\u011bn\u00ed byl p\u0159\u00edtomen a musel si b\u00fdt v\u011bdom, \u017ee na t\u00e9to se\u0161losti doch\u00e1z\u00ed k propagov\u00e1n\u00ed profa\u0161istick\u00fdch symbol\u016f spojen\u00fdch s organizacemi \u0160t\u011bp\u00e1na Bandery na Ukrajin\u011b.<\/p>\n<p align=\"justify\">T\u00edm, \u017ee se t\u011bmto dv\u011bma organizac\u00edm odkazuj\u00edc\u00edm se ke zlo\u010dinci \u0160t\u011bp\u00e1nu Banderovi umo\u017e\u0148uje pod z\u00e1\u0161titou ministra vnitra Raku\u0161ana a bohu\u017eel prezidenta Pavla, se propagovat na \u010desk\u00e9 ve\u0159ejnosti, muselo b\u00fdt podle m\u00e9ho n\u00e1zoru neslu\u010diteln\u00e9 se z\u00e1kony \u010cesk\u00e9 republiky zakazuj\u00edc\u00edmi propagaci fa\u0161istick\u00fdch symbol\u016f v\u00a0\u010cR.<\/p>\n<p align=\"justify\">Podal jsem tedy v za\u010d\u00e1tku b\u0159ezna 2023 p\u00edsemn\u00fd podn\u011bt na Policejn\u00edho prezidenta k pro\u0161et\u0159en\u00ed, zdali nedo\u0161lo ze strany ministra Raku\u0161ana ke spolupod\u00edlnictv\u00ed na propagaci fa\u0161istick\u00fdch symbol\u016f v Praze. Z Policejn\u00edho prezidia mi odpov\u011bd\u011bli dopisem z 10. 3. 2023, \u017ee v\u011bc p\u0159edali na N\u00e1rodn\u00ed centr\u00e1lu proti terorismu, extremismu a kybernetick\u00e9 kriminalit\u011b a odtud mi p\u0159i\u0161el dopis s vyj\u00e1d\u0159en\u00edm, \u017ee nedo\u0161lo ke sp\u00e1ch\u00e1n\u00ed \u017e\u00e1dn\u00e9ho trestn\u00e9ho \u010dinu.<\/p>\n<p align=\"justify\">Je t\u0159eba dodat, \u017ee Letensk\u00e1 pl\u00e1\u0148, kde se toto shrom\u00e1\u017ed\u011bn\u00ed konalo, je t\u00e9m\u011b\u0159 pod okny Ministerstva vnitra, a kdy\u017e si vzpomenu, \u017ee jsme po\u0159\u00e1dali p\u0159ed 2\u20133 roky na Letensk\u00e9 pl\u00e1ni protivl\u00e1dn\u00ed shrom\u00e1\u017ed\u011bn\u00ed, tak n\u00e1m na tato na\u0161e shrom\u00e1\u017ed\u011bn\u00ed Raku\u0161an pos\u00edlal policisty v\u00a0civilu s\u00a0p\u00e1skou na ruce \u201ePOLICIE\u201c, kte\u0159\u00ed nahr\u00e1vali na kameru ka\u017ed\u00e9 slovo, kter\u00e9 tam kdo z\u00a0n\u00e1s na podiu pronesl. A zde byly propagov\u00e1ny p\u0159ed zraky policie a ministra vnitra bezosty\u0161n\u011b fa\u0161istick\u00e9 symboly z\u00a0obdob\u00ed 2. sv\u011btov\u00e9 v\u00e1lky, a podle policie to bylo v\u0161e v\u00a0naprost\u00e9m po\u0159\u00e1dku.<\/p>\n<p align=\"justify\">Douf\u00e1m, \u017ee a\u017e se ministr Raku\u0161an bude vracet ke sv\u00e9ho p\u016fvodn\u00edmu zam\u011bstn\u00e1n\u00ed, to je u\u010ditel ve \u0161kole, \u017ee s n\u00edm bude d\u00edky jeho toleranci k\u00a0propagaci fa\u0161istick\u00fdch symbol\u016f nalo\u017eeno stejn\u011b jako s\u00a0pan\u00ed u\u010ditelkou Bedn\u00e1\u0159ovou. Zde je v\u0161ak nutno dodat, \u017ee zat\u00edmco pan\u00ed u\u010ditelka Bedn\u00e1\u0159ov\u00e1 je st\u00edh\u00e1na sou\u010dasnou \u010deskou justic\u00ed nepr\u00e1vem, tak u V\u00edta Raku\u0161ana by tomu bylo pr\u00e1v\u011b naopak.<\/p>\n<p align=\"justify\">Nad t\u00edmto dvoj\u00edm p\u0159\u00edstupem \u010desk\u00e9 policie, jin\u00fd k panu Okamurovi a jin\u00fd k ministru Raku\u0161anovi toleruj\u00edc\u00edmu propagaci ukrajinsk\u00fdch fa\u0161istick\u00fdm symbol\u016fm ve sv\u00e9 p\u0159\u00edtomnosti, tak nad t\u00edm z\u016fst\u00e1v\u00e1 \u010dlov\u011bkovi opravdu rozum st\u00e1t.<\/p>\n<p align=\"justify\"><em><a href=\"https:\/\/narodnidemokracie.cz\/ing-miroslav-kelnar-skandalni-dvoji-pristup-ceske-policie\/\">Ing. Miroslav Kelnar<\/a>, \u010dlen N\u00e1rodn\u00ed demokracie<\/em><\/p>\n<p align=\"justify\"><img decoding=\"async\" loading=\"lazy\" class=\"alignnone size-full wp-image-678\" src=\"http:\/\/www.infokuryr.cz\/n\/wp-content\/uploads\/2021\/04\/narodni_demokracie_logo.jpg\" alt=\"\" width=\"300\" height=\"85\" \/><\/p>\n<p align=\"justify\">\n","protected":false},"excerpt":{"rendered":"<p>Jak v t\u00e9to dob\u011b rezonuje v\u00a0na\u0161\u00ed spole\u010dnosti t\u00e9ma \u2013 vyd\u00e1n\u00ed p\u0159edsedy strany SPD pana Okamury&#8230;<\/p>\n","protected":false},"author":2,"featured_media":73086,"comment_status":"closed","ping_status":"closed","sticky":false,"template":"","format":"standard","meta":[],"categories":[6],"tags":[2253,1317,86],"_links":{"self":[{"href":"https:\/\/www.infokuryr.cz\/n\/wp-json\/wp\/v2\/posts\/73085"}],"collection":[{"href":"https:\/\/www.infokuryr.cz\/n\/wp-json\/wp\/v2\/posts"}],"about":[{"href":"https:\/\/www.infokuryr.cz\/n\/wp-json\/wp\/v2\/types\/post"}],"author":[{"embeddable":true,"href":"https:\/\/www.infokuryr.cz\/n\/wp-json\/wp\/v2\/users\/2"}],"replies":[{"embeddable":true,"href":"https:\/\/www.infokuryr.cz\/n\/wp-json\/wp\/v2\/comments?post=73085"}],"version-history":[{"count":0,"href":"https:\/\/www.infokuryr.cz\/n\/wp-json\/wp\/v2\/posts\/73085\/revisions"}],"wp:featuredmedia":[{"embeddable":true,"href":"https:\/\/www.infokuryr.cz\/n\/wp-json\/wp\/v2\/media\/73086"}],"wp:attachment":[{"href":"https:\/\/www.infokuryr.cz\/n\/wp-json\/wp\/v2\/media?parent=73085"}],"wp:term":[{"taxonomy":"category","embeddable":true,"href":"https:\/\/www.infokuryr.cz\/n\/wp-json\/wp\/v2\/categories?post=73085"},{"taxonomy":"post_tag","embeddable":true,"href":"https:\/\/www.infokuryr.cz\/n\/wp-json\/wp\/v2\/tags?post=73085"}],"curies":[{"name":"wp","href":"https:\/\/api.w.org\/{rel}","templated":true}]}}