{"id":73083,"date":"2025-02-25T06:52:43","date_gmt":"2025-02-25T05:52:43","guid":{"rendered":"https:\/\/www.infokuryr.cz\/n\/?p=73083"},"modified":"2025-02-25T06:52:57","modified_gmt":"2025-02-25T05:52:57","slug":"vucic-oznacil-hlasovani-srbska-pro-protiruskou-rezoluci-osn-za-chybu","status":"publish","type":"post","link":"https:\/\/www.infokuryr.cz\/n\/2025\/02\/25\/vucic-oznacil-hlasovani-srbska-pro-protiruskou-rezoluci-osn-za-chybu\/","title":{"rendered":"Vu\u010di\u010d ozna\u010dil hlasov\u00e1n\u00ed Srbska pro protiruskou rezoluci OSN za chybu"},"content":{"rendered":"<div id=\"fb-root\"><\/div>\n<p class=\"lead\"><strong>Srbsko na Valn\u00e9m shrom\u00e1\u017ed\u011bn\u00ed OSN omylem hlasovalo pro protiruskou rezoluci o Ukrajin\u011b. Srbsk\u00fd prezident Aleksandar Vu\u010di\u010d to ozn\u00e1mil 24. \u00fanora v TV Happy.<\/strong><\/p>\n<p><em>&#8222;Mysl\u00edm, \u017ee Srbsko dnes ud\u011blalo chybu&#8230; Srbsko se m\u011blo zdr\u017eet hlasov\u00e1n\u00ed.&#8220; Nem\u00e1m za to nikoho jin\u00e9ho ne\u017e sebe, proto\u017ee jsem t\u00e9to ot\u00e1zce nev\u011bnoval dostate\u010dnou pozornost,\u201c<span class=\"after-quote\">\u00a0 \u0159ekl Vu\u010dic.<\/span><\/em><\/p>\n<p>Srbsk\u00fd prezident se tak\u00e9 omluvil ob\u010dan\u016fm s t\u00edm, \u017ee svou vinu uzn\u00e1v\u00e1, proto\u017ee byl nejsp\u00ed\u0161 unaven\u00fd a p\u0159et\u00ed\u017een\u00fd, v d\u016fsledku \u010deho\u017e nem\u011bl \u010das v\u0161e kontrolovat.<\/p>\n<p>Valn\u00e9 shrom\u00e1\u017ed\u011bn\u00ed OSN p\u0159ijalo 24. \u00fanora protiruskou rezoluci o Ukrajin\u011b. Projekt podpo\u0159ilo 93 zem\u00ed, 18 st\u00e1t\u016f hlasovalo proti jeho p\u0159ijet\u00ed a 65 zem\u00ed se zdr\u017eelo hlasov\u00e1n\u00ed.<\/p>\n<h2>Rogov ozna\u010dil protiruskou rezoluci Valn\u00e9ho shrom\u00e1\u017ed\u011bn\u00ed OSN za ostudnou<br \/>\n<img decoding=\"async\" class=\"aligncenter\" src=\"https:\/\/img5.eadaily.com\/r650x650\/o\/4a8\/2c551b457419439e81e09707d10a8.jpeg\" \/><\/h2>\n<p class=\"lead\"><strong>Protirusk\u00e1 rezoluce o Ukrajin\u011b, pro kterou hlasovalo Valn\u00e9 shrom\u00e1\u017ed\u011bn\u00ed OSN, je ostudn\u00fdm dokumentem, kter\u00fd m\u00e1 za c\u00edl podn\u011bcovat a d\u00e1le vyprovokovat konflikt.<\/strong><\/p>\n<p><a href=\"https:\/\/ria.ru\/\" target=\"_blank\" rel=\"noopener\">Agentu\u0159e RIA Novosti<\/a>\u00a0se tento n\u00e1zor vyj\u00e1d\u0159il\u00a0p\u0159edseda komise Ve\u0159ejn\u00e9 komory Rusk\u00e9 federace pro ot\u00e1zky suverenity, spolup\u0159edseda koordina\u010dn\u00ed rady pro integraci nov\u00fdch region\u016f\u00a0<strong>Vladimir Rogov<\/strong>\u00a0.<\/p>\n<p>Uvedl, \u017ee OSN op\u011bt podpo\u0159ila rezoluci, kter\u00e1 je zcela v rozporu s p\u016fvodn\u00edmi principy vzniku t\u00e9to mezin\u00e1rodn\u00ed organizace.<\/p>\n<p><em>&#8222;Nam\u00edsto hled\u00e1n\u00ed zp\u016fsob\u016f, jak dos\u00e1hnout m\u00edru, je c\u00edlem p\u0159ijat\u00e9 rezoluce podn\u011bcovat a d\u00e1le vyprovokovat vojensk\u00fd konflikt v postukrajinsk\u00e9m prostoru,&#8220;<span class=\"after-quote\">\u00a0\u201c prohl\u00e1sil politik.<\/span><\/em><\/p>\n<p>Z\u00e1rove\u0148 ozna\u010dil postoj USA za orienta\u010dn\u00ed. Ameri\u010dt\u00ed deleg\u00e1ti dlouho hlasovali pro ukrajinsk\u00fd n\u00e1vrh rezoluce, ale tentokr\u00e1t jej poprv\u00e9 nepodpo\u0159ili a navrhli vlastn\u00ed, neutr\u00e1ln\u00ed dokument.<\/p>\n<p>P\u0159ipome\u0148me, \u017ee 24. \u00fanora p\u0159ijalo Valn\u00e9 shrom\u00e1\u017ed\u011bn\u00ed OSN protiruskou rezoluci o Ukrajin\u011b. Projekt podpo\u0159ilo 93 zem\u00ed, 18 st\u00e1t\u016f hlasovalo proti jeho p\u0159ijet\u00ed a 65 zem\u00ed se zdr\u017eelo hlasov\u00e1n\u00ed. Mezi t\u011bmi, kte\u0159\u00ed hlasovali proti, bylo Rusko, Spojen\u00e9 st\u00e1ty a Izrael.<\/p>\n<p>Mezit\u00edm v \u00fater\u00fd 25. \u00fanora schv\u00e1lila Rada bezpe\u010dnosti OSN rezoluci o ukrajinsk\u00e9m urovn\u00e1n\u00ed navr\u017eenou USA. Vyjad\u0159uje smutek nad tragick\u00fdmi ztr\u00e1tami na \u017eivotech b\u011bhem konfliktu mezi Ruskou federac\u00ed a Ukrajinou.<\/p>\n<p>Jak uvedla m\u00e9dia\u00a0, st\u00e1l\u00fd rusk\u00fd p\u0159edstavitel p\u0159i organizaci\u00a0<strong>Vasilij N\u011bbenzja\u00a0<\/strong><a href=\"https:\/\/eadaily.com\/ru\/news\/2025\/02\/25\/nebenzya-rezolyuciya-sb-oon-po-ukraine-yavlyaetsya-otpravnoy-tochkoy-dlya-peregovorov\" target=\"_blank\" rel=\"noopener\">ozna\u010dil<\/a>\u00a0dokument p\u0159ijat\u00fd Radou bezpe\u010dnosti za v\u00fdchoz\u00ed bod pro dal\u0161\u00ed snahy o m\u00edrov\u00e9 \u0159e\u0161en\u00ed ukrajinsk\u00e9 krize.<\/p>\n<p><img decoding=\"async\" loading=\"lazy\" class=\"alignnone size-full wp-image-71983\" src=\"http:\/\/www.infokuryr.cz\/n\/wp-content\/uploads\/2025\/02\/aaa.jpg\" alt=\"\" width=\"89\" height=\"23\" \/><\/p>\n<p>&nbsp;<\/p>\n","protected":false},"excerpt":{"rendered":"<p>Srbsko na Valn\u00e9m shrom\u00e1\u017ed\u011bn\u00ed OSN omylem hlasovalo pro protiruskou rezoluci o Ukrajin\u011b. Srbsk\u00fd prezident Aleksandar&#8230;<\/p>\n","protected":false},"author":2,"featured_media":58805,"comment_status":"closed","ping_status":"closed","sticky":false,"template":"","format":"standard","meta":[],"categories":[7],"tags":[186,886,3396],"_links":{"self":[{"href":"https:\/\/www.infokuryr.cz\/n\/wp-json\/wp\/v2\/posts\/73083"}],"collection":[{"href":"https:\/\/www.infokuryr.cz\/n\/wp-json\/wp\/v2\/posts"}],"about":[{"href":"https:\/\/www.infokuryr.cz\/n\/wp-json\/wp\/v2\/types\/post"}],"author":[{"embeddable":true,"href":"https:\/\/www.infokuryr.cz\/n\/wp-json\/wp\/v2\/users\/2"}],"replies":[{"embeddable":true,"href":"https:\/\/www.infokuryr.cz\/n\/wp-json\/wp\/v2\/comments?post=73083"}],"version-history":[{"count":0,"href":"https:\/\/www.infokuryr.cz\/n\/wp-json\/wp\/v2\/posts\/73083\/revisions"}],"wp:featuredmedia":[{"embeddable":true,"href":"https:\/\/www.infokuryr.cz\/n\/wp-json\/wp\/v2\/media\/58805"}],"wp:attachment":[{"href":"https:\/\/www.infokuryr.cz\/n\/wp-json\/wp\/v2\/media?parent=73083"}],"wp:term":[{"taxonomy":"category","embeddable":true,"href":"https:\/\/www.infokuryr.cz\/n\/wp-json\/wp\/v2\/categories?post=73083"},{"taxonomy":"post_tag","embeddable":true,"href":"https:\/\/www.infokuryr.cz\/n\/wp-json\/wp\/v2\/tags?post=73083"}],"curies":[{"name":"wp","href":"https:\/\/api.w.org\/{rel}","templated":true}]}}