{"id":73081,"date":"2025-02-25T06:40:07","date_gmt":"2025-02-25T05:40:07","guid":{"rendered":"https:\/\/www.infokuryr.cz\/n\/?p=73081"},"modified":"2025-02-25T06:40:07","modified_gmt":"2025-02-25T05:40:07","slug":"rada-bezpecnosti-osn-schvalila-rezoluci-usa-o-ukrajine","status":"publish","type":"post","link":"https:\/\/www.infokuryr.cz\/n\/2025\/02\/25\/rada-bezpecnosti-osn-schvalila-rezoluci-usa-o-ukrajine\/","title":{"rendered":"Rada bezpe\u010dnosti OSN schv\u00e1lila rezoluci USA o Ukrajin\u011b"},"content":{"rendered":"<div id=\"fb-root\"><\/div>\n<p><span style=\"font-size: 18pt;\"><strong>Rusko a \u010c\u00edna toto opat\u0159en\u00ed podpo\u0159ily, zat\u00edmco Francie a Spojen\u00e9 kr\u00e1lovstv\u00ed se zdr\u017eely hlasov\u00e1n\u00ed pot\u00e9, co se \u00fadajn\u011b pokusily hlasov\u00e1n\u00ed odlo\u017eit<\/strong><\/span><\/p>\n<p data-start=\"131\" data-end=\"190\"><span>Rada bezpe\u010dnosti OSN schv\u00e1lila rezoluci navr\u017eenou v USA, kter\u00e1 vyz\u00fdv\u00e1 k\u00a0<\/span><em><span>\u201erychl\u00e9mu ukon\u010den\u00ed\u201c<\/span><\/em><span>\u00a0konfliktu na Ukrajin\u011b, p\u0159i\u010dem\u017e Washington i Moskva tento krok popisuj\u00ed jako v\u00fdznamn\u00fd krok k m\u00edru.<\/span><\/p>\n<p data-start=\"522\" data-end=\"754\"><span>Patn\u00e1cti\u010dlenn\u00e1 rada p\u0159ijala usnesen\u00ed v pond\u011bl\u00ed v pom\u011bru 10:0, p\u0159i\u010dem\u017e p\u011bt zem\u00ed se zdr\u017eelo hlasov\u00e1n\u00ed. Kone\u010dn\u00fd text vylu\u010doval hrub\u00e9 v\u00fdrazy proti Moskv\u011b, navzdory snah\u00e1m Francie, Spojen\u00e9ho kr\u00e1lovstv\u00ed, D\u00e1nska a Slovinska je zahrnout.<\/span><\/p>\n<p data-start=\"756\" data-end=\"1112\"><span>Rusk\u00fd z\u00e1stupce p\u0159i OSN Vasilij Nebenzia rezoluci uv\u00edtal a zd\u016fraznil, \u017ee Moskva ji pova\u017euje za z\u00e1klad pro dal\u0161\u00ed m\u00edrov\u00e9 \u00fasil\u00ed. Uznal konstruktivn\u00ed posuny v postoji USA k ukrajinsk\u00e9mu konfliktu a popsal rezoluci jako prvn\u00ed pokus o zaveden\u00ed pragmatick\u00e9ho dokumentu Rady bezpe\u010dnosti OSN zam\u011b\u0159en\u00e9ho na budoucnost.<\/span><\/p>\n<div class=\"rtcode\">\n<div class=\"twitter-tweet twitter-tweet-rendered\"><iframe id=\"twitter-widget-0\" class=\"\" title=\"P\u0159\u00edsp\u011bvek X\" src=\"https:\/\/platform.twitter.com\/embed\/Tweet.html?creatorScreenName=RT_com&amp;dnt=false&amp;embedId=twitter-widget-0&amp;features=eyJ0ZndfdGltZWxpbmVfbGlzdCI6eyJidWNrZXQiOltdLCJ2ZXJzaW9uIjpudWxsfSwidGZ3X2ZvbGxvd2VyX2NvdW50X3N1bnNldCI6eyJidWNrZXQiOnRydWUsInZlcnNpb24iOm51bGx9LCJ0ZndfdHdlZXRfZWRpdF9iYWNrZW5kIjp7ImJ1Y2tldCI6Im9uIiwidmVyc2lvbiI6bnVsbH0sInRmd19yZWZzcmNfc2Vzc2lvbiI6eyJidWNrZXQiOiJvbiIsInZlcnNpb24iOm51bGx9LCJ0ZndfZm9zbnJfc29mdF9pbnRlcnZlbnRpb25zX2VuYWJsZWQiOnsiYnVja2V0Ijoib24iLCJ2ZXJzaW9uIjpudWxsfSwidGZ3X21peGVkX21lZGlhXzE1ODk3Ijp7ImJ1Y2tldCI6InRyZWF0bWVudCIsInZlcnNpb24iOm51bGx9LCJ0ZndfZXhwZXJpbWVudHNfY29va2llX2V4cGlyYXRpb24iOnsiYnVja2V0IjoxMjA5NjAwLCJ2ZXJzaW9uIjpudWxsfSwidGZ3X3Nob3dfYmlyZHdhdGNoX3Bpdm90c19lbmFibGVkIjp7ImJ1Y2tldCI6Im9uIiwidmVyc2lvbiI6bnVsbH0sInRmd19kdXBsaWNhdGVfc2NyaWJlc190b19zZXR0aW5ncyI6eyJidWNrZXQiOiJvbiIsInZlcnNpb24iOm51bGx9LCJ0ZndfdXNlX3Byb2ZpbGVfaW1hZ2Vfc2hhcGVfZW5hYmxlZCI6eyJidWNrZXQiOiJvbiIsInZlcnNpb24iOm51bGx9LCJ0ZndfdmlkZW9faGxzX2R5bmFtaWNfbWFuaWZlc3RzXzE1MDgyIjp7ImJ1Y2tldCI6InRydWVfYml0cmF0ZSIsInZlcnNpb24iOm51bGx9LCJ0ZndfbGVnYWN5X3RpbWVsaW5lX3N1bnNldCI6eyJidWNrZXQiOnRydWUsInZlcnNpb24iOm51bGx9LCJ0ZndfdHdlZXRfZWRpdF9mcm9udGVuZCI6eyJidWNrZXQiOiJvbiIsInZlcnNpb24iOm51bGx9fQ%3D%3D&amp;frame=false&amp;hideCard=false&amp;hideThread=false&amp;id=1894142310407180513&amp;lang=cs&amp;origin=https%3A%2F%2Fwww.rt.com%2Fnews%2F613256-un-security-council-resolution-ukraine%2F&amp;sessionId=e2472fcb5349b7e28e44708ddc36d62fb4723c34&amp;siteScreenName=RT_com&amp;theme=light&amp;widgetsVersion=2615f7e52b7e0%3A1702314776716&amp;width=550px\" frameborder=\"0\" scrolling=\"no\" allowfullscreen=\"allowfullscreen\" data-tweet-id=\"1894142310407180513\" data-mce-fragment=\"1\"><\/iframe><\/div>\n<\/div>\n<p data-start=\"1114\" data-end=\"1532\"><span>Nebenzia v\u0161ak vyj\u00e1d\u0159il zklam\u00e1n\u00ed nad t\u00edm, \u017ee rusk\u00e9 pozm\u011b\u0148ovac\u00ed n\u00e1vrhy \u2013 skromn\u00e9, ale z\u00e1sadn\u00ed pro\u00a0<\/span><em><span>\u201e<\/span><span>\u00a0p\u0159esn\u00e9\u00a0<\/span><\/em><em><span>\u201c<\/span><\/em><span>\u00a0posouzen\u00ed krize \u2013 nebyly p\u0159ijaty. Kritizoval evropsk\u00e9 delegace za to, co popsal jako pokus sabotovat vznikaj\u00edc\u00ed pozitivn\u00ed v\u00fdvoj. Zat\u00edmco Francie ani Spojen\u00e9 kr\u00e1lovstv\u00ed opat\u0159en\u00ed nevetovaly, oba n\u00e1rody se po ne\u00fasp\u011b\u0161n\u00fdch pokusech odd\u00e1lit kone\u010dn\u00e9 rozhodnut\u00ed zdr\u017eely hlasov\u00e1n\u00ed.<\/span><\/p>\n<p data-start=\"1534\" data-end=\"1884\"><em><span>&#8222;Pokusili se zaplavit text nevyv\u00e1\u017een\u00fdmi, zpolitizovan\u00fdmi prohl\u00e1\u0161en\u00edmi, kter\u00e1 ned\u011blaj\u00ed nic pro p\u0159ibl\u00ed\u017een\u00ed m\u00edru, ale m\u00edsto toho maj\u00ed za c\u00edl vykolejit jak\u00e9koli vyhl\u00eddky na \u0159e\u0161en\u00ed,&#8220;<\/span><\/em><span>\u00a0\u0159ekl. Nebenzia obvinil evropsk\u00e9 zem\u011b, \u017ee jsou jedin\u00fdmi mezin\u00e1rodn\u00edmi akt\u00e9ry, kte\u0159\u00ed aktivn\u011b prosazuj\u00ed pokra\u010dov\u00e1n\u00ed nep\u0159\u00e1telstv\u00ed a vzdoruj\u00ed realistick\u00fdm m\u00edrov\u00fdm iniciativ\u00e1m.<\/span><\/p>\n<p data-start=\"1886\" data-end=\"2278\"><span>Navzdory sv\u00fdm nedokonalostem Nebenzia uvedl, \u017ee rezoluce nab\u00edz\u00ed z\u00e1blesk konstruktivn\u00ed spolupr\u00e1ce mezi kl\u00ed\u010dov\u00fdmi glob\u00e1ln\u00edmi hr\u00e1\u010di v evropsk\u00e9 a mezin\u00e1rodn\u00ed bezpe\u010dnosti a poskytuje opatrn\u00fd optimismus. Varoval v\u0161ak p\u0159ed p\u0159\u00edli\u0161nou sebed\u016fv\u011brou a tvrdil, \u017ee\u00a0<\/span><em><span>\u201estrana v\u00e1lky\u201c,<\/span><\/em><span>\u00a0reprezentovan\u00e1 Kyjevem a jeho evropsk\u00fdmi podporovateli, je i nad\u00e1le odhodl\u00e1na p\u0159ekroutit a br\u00e1nit diplomatick\u00e9mu \u00fasil\u00ed.<\/span><\/p>\n<p data-start=\"2280\" data-end=\"2492\"><em><span>&#8222;Vyz\u00fdv\u00e1me v\u0161echny, kte\u0159\u00ed skute\u010dn\u011b usiluj\u00ed o udr\u017eiteln\u00fd m\u00edr na Ukrajin\u011b, aby nedovolili vyslou\u017eil\u00e9mu kyjevsk\u00e9mu princi a jeho loutk\u00e1\u0159\u016fm vykolejit \u00fasil\u00ed vyv\u00edjen\u00e9 Ruskem a Spojen\u00fdmi st\u00e1ty,&#8220;<\/span><\/em><span>\u00a0vyzval Nebenzia.<\/span><\/p>\n<p data-start=\"2494\" data-end=\"2826\"><span>Z\u00e1stupkyn\u011b USA Dorothy Sheaov\u00e1 uv\u00edtala p\u0159ijet\u00ed rezoluce jako z\u00e1sadn\u00ed krok k m\u00edru.\u00a0<\/span><em><span>\u201eToto usnesen\u00ed n\u00e1s stav\u00ed na cestu k m\u00edru. Je to prvn\u00ed krok, ale z\u00e1sadn\u00ed, na kter\u00fd bychom m\u011bli b\u00fdt v\u0161ichni hrd\u00ed,\u201c<\/span><\/em><span>\u00a0\u0159ekla.\u00a0<\/span><em><span>&#8222;Nyn\u00ed to mus\u00edme pou\u017e\u00edt k vybudov\u00e1n\u00ed m\u00edrov\u00e9 budoucnosti pro Ukrajinu, Rusko a mezin\u00e1rodn\u00ed spole\u010denstv\u00ed.&#8220;<\/span><\/em><\/p>\n<p data-start=\"2494\" data-end=\"2826\"><img decoding=\"async\" loading=\"lazy\" class=\"alignnone size-full wp-image-71983\" src=\"http:\/\/www.infokuryr.cz\/n\/wp-content\/uploads\/2025\/02\/aaa.jpg\" alt=\"\" width=\"89\" height=\"23\" \/><\/p>\n<p data-start=\"2494\" data-end=\"2826\">\n","protected":false},"excerpt":{"rendered":"<p>Rusko a \u010c\u00edna toto opat\u0159en\u00ed podpo\u0159ily, zat\u00edmco Francie a Spojen\u00e9 kr\u00e1lovstv\u00ed se zdr\u017eely hlasov\u00e1n\u00ed pot\u00e9,&#8230;<\/p>\n","protected":false},"author":2,"featured_media":17766,"comment_status":"closed","ping_status":"closed","sticky":false,"template":"","format":"standard","meta":[],"categories":[7],"tags":[186,1408,886,26,37],"_links":{"self":[{"href":"https:\/\/www.infokuryr.cz\/n\/wp-json\/wp\/v2\/posts\/73081"}],"collection":[{"href":"https:\/\/www.infokuryr.cz\/n\/wp-json\/wp\/v2\/posts"}],"about":[{"href":"https:\/\/www.infokuryr.cz\/n\/wp-json\/wp\/v2\/types\/post"}],"author":[{"embeddable":true,"href":"https:\/\/www.infokuryr.cz\/n\/wp-json\/wp\/v2\/users\/2"}],"replies":[{"embeddable":true,"href":"https:\/\/www.infokuryr.cz\/n\/wp-json\/wp\/v2\/comments?post=73081"}],"version-history":[{"count":0,"href":"https:\/\/www.infokuryr.cz\/n\/wp-json\/wp\/v2\/posts\/73081\/revisions"}],"wp:featuredmedia":[{"embeddable":true,"href":"https:\/\/www.infokuryr.cz\/n\/wp-json\/wp\/v2\/media\/17766"}],"wp:attachment":[{"href":"https:\/\/www.infokuryr.cz\/n\/wp-json\/wp\/v2\/media?parent=73081"}],"wp:term":[{"taxonomy":"category","embeddable":true,"href":"https:\/\/www.infokuryr.cz\/n\/wp-json\/wp\/v2\/categories?post=73081"},{"taxonomy":"post_tag","embeddable":true,"href":"https:\/\/www.infokuryr.cz\/n\/wp-json\/wp\/v2\/tags?post=73081"}],"curies":[{"name":"wp","href":"https:\/\/api.w.org\/{rel}","templated":true}]}}