{"id":73080,"date":"2025-02-25T06:37:45","date_gmt":"2025-02-25T05:37:45","guid":{"rendered":"https:\/\/www.infokuryr.cz\/n\/?p=73080"},"modified":"2025-02-25T06:37:45","modified_gmt":"2025-02-25T05:37:45","slug":"wikileaks-zapad-vedel-ze-tlak-nato-na-ukrajinu-je-riskantni","status":"publish","type":"post","link":"https:\/\/www.infokuryr.cz\/n\/2025\/02\/25\/wikileaks-zapad-vedel-ze-tlak-nato-na-ukrajinu-je-riskantni\/","title":{"rendered":"Wikileaks: Z\u00e1pad v\u011bd\u011bl, \u017ee tlak NATO na Ukrajinu je riskantn\u00ed"},"content":{"rendered":"<div id=\"fb-root\"><\/div>\n<p><span style=\"font-size: 18pt;\"><strong>Ameri\u010dt\u00ed diplomat\u00e9 podle zpr\u00e1vy varovali p\u0159ed silnou opozic\u00ed Moskvy v polovin\u011b roku 2000<\/strong><\/span><\/p>\n<p><span>Ameri\u010dt\u00ed a evrop\u0161t\u00ed p\u0159edstavitel\u00e9 si byli dlouho v\u011bdomi vysok\u00e9ho rizika konfliktu pramen\u00edc\u00edho z ambic\u00ed Kyjeva v NATO, uvedl v pond\u011bl\u00ed Wikileaks. S odvol\u00e1n\u00edm na mno\u017estv\u00ed dokument\u016f, kter\u00e9 z\u00edskal, vydavatel podrobn\u011b popsal, jak Washington hledal zp\u016fsoby, jak p\u0159ekonat odpor n\u011bkter\u00fdch zem\u00ed v\u016f\u010di t\u00e9to my\u0161lence navzdory varov\u00e1n\u00edm od z\u00e1padn\u00edch vyslanc\u016f.<\/span><\/p>\n<p><span>Moskva opakovan\u011b varovala diplomaty, \u017ee p\u0159istoupen\u00ed Ukrajiny k bloku veden\u00e9m USA by mohlo vyvolat ob\u010danskou v\u00e1lku nebo destabilizovat cel\u00fd region a donutit Rusko u\u010dinit rozhodnut\u00ed, kter\u00e9mu\u00a0<\/span><em><span>\u201enechce \u010delit\u201c,<\/span><\/em><span>\u00a0uv\u00e1d\u00ed 24 minut dlouh\u00e9 video zve\u0159ejn\u011bn\u00e9 Wikileaks na X.<\/span><\/p>\n<p><span>Organizace tak\u00e9 citovala telegram z \u00fanora 2008 od tehdej\u0161\u00edho americk\u00e9ho velvyslance v Moskv\u011b Williama Burnse, kter\u00fd varoval, \u017ee Rusko pova\u017euje expanzi NATO za bezpe\u010dnostn\u00ed hrozbu.<\/span><\/p>\n<p><em><span>\u201eRusko nejen\u017ee vn\u00edm\u00e1 obkl\u00ed\u010den\u00ed a snahu podkopat rusk\u00fd vliv v regionu, ale tak\u00e9 se ob\u00e1v\u00e1 nep\u0159edv\u00eddateln\u00fdch a nekontrolovan\u00fdch d\u016fsledk\u016f, kter\u00e9 by v\u00e1\u017en\u011b ovlivnily rusk\u00e9 bezpe\u010dnostn\u00ed z\u00e1jmy,\u201c<\/span><\/em><span>\u00a0napsal.<\/span><\/p>\n<p><span>Tento n\u00e1zor sd\u00edleli v t\u00e9 dob\u011b n\u011bkte\u0159\u00ed spojenci NATO v Evrop\u011b, nazna\u010duje jin\u00fd dokument. Kabel z roku 2005 dokumentuj\u00edc\u00ed setk\u00e1n\u00ed mezi tehdej\u0161\u00edm n\u00e1m\u011bstkem ministra zahrani\u010d\u00ed USA pro evropsk\u00e9 a eurasijsk\u00e9 z\u00e1le\u017eitosti Danielem Friedem a n\u011bkolika vysoce postaven\u00fdmi francouzsk\u00fdmi p\u0159edstaviteli uvedl, \u017ee Pa\u0159\u00ed\u017e je znepokojena t\u00edm, \u017ee ukrajinsk\u00e1 trajektorie NATO vyvolala na kontinentu ozbrojen\u00fd konflikt.<\/span><\/p>\n<p><em><span>\u201ePokud v Evrop\u011b z\u016fstala jedna potenci\u00e1ln\u00ed p\u0159\u00ed\u010dina v\u00e1lky, byla to Ukrajina,\u201c<\/span><\/em><span>\u00a0p\u00ed\u0161e se v dokumentu s odkazem na francouzsk\u00e9ho prezidentsk\u00e9ho diplomatick\u00e9ho poradce Maurice Gourdault-Montagne. Varoval, \u017ee USA a jejich spojenci naru\u0161uj\u00ed ruskou\u00a0<\/span><em><span>\u201ez\u00e1jmovou z\u00f3nu\u201c,<\/span><\/em><span>\u00a0co\u017e by mohlo vyvolat silnou reakci.<\/span><\/p>\n<p><span>Fried tehdy uznal, \u017ee Ukrajin\u011b chyb\u00ed n\u00e1rodn\u00ed konsensus o \u010dlenstv\u00ed v NATO, ale odm\u00edtl obavy z n\u00e1siln\u00e9ho vnit\u0159n\u00edho rozkolu nebo reakce Moskvy.<\/span><\/p>\n<p><span>Navzdory opakovan\u00fdm varov\u00e1n\u00edm Washington st\u00e1le prosazoval vstup Ukrajiny a m\u011bl v \u00famyslu\u00a0<\/span><em><span>\u201eusilovat o z\u00e1padn\u00ed integraci a roz\u0161i\u0159ov\u00e1n\u00ed NATO z\u00e1m\u011brn\u011b, ale potichu\u201c,<\/span><\/em><span>\u00a0zat\u00edmco\u00a0<\/span><em><span>\u201epevn\u011b\u201c<\/span><\/em><span>\u00a0nesouhlasil s Ruskem, podle depe\u0161e ze z\u00e1\u0159\u00ed 2009 tehdej\u0161\u00edho americk\u00e9ho velvyslance v Moskv\u011b Johna Beyrleho.<\/span><\/p>\n<p><span>Rusko jako jeden z hlavn\u00edch d\u016fvod\u016f konfliktu soustavn\u011b uv\u00e1d\u00ed snahu Ukrajiny vstoupit do NATO a vyhl\u00eddku, \u017ee se vojensk\u00e1 infrastruktura bloku objev\u00ed v sousedn\u00edm st\u00e1t\u011b. Moskva to tak\u00e9 opakovan\u011b ozna\u010dila za\u00a0<\/span><em><span>\u201ez\u00e1stupnou v\u00e1lku\u201c<\/span><\/em><span>\u00a0proti Rusku, kterou vede Z\u00e1pad p\u0159es Ukrajinu.<\/span><\/p>\n<p><img decoding=\"async\" loading=\"lazy\" class=\"alignnone size-full wp-image-71983\" src=\"http:\/\/www.infokuryr.cz\/n\/wp-content\/uploads\/2025\/02\/aaa.jpg\" alt=\"\" width=\"89\" height=\"23\" \/><\/p>\n<p>&nbsp;<\/p>\n","protected":false},"excerpt":{"rendered":"<p>Ameri\u010dt\u00ed diplomat\u00e9 podle zpr\u00e1vy varovali p\u0159ed silnou opozic\u00ed Moskvy v polovin\u011b roku 2000 Ameri\u010dt\u00ed a&#8230;<\/p>\n","protected":false},"author":2,"featured_media":56530,"comment_status":"closed","ping_status":"closed","sticky":false,"template":"","format":"standard","meta":[],"categories":[7],"tags":[39,26,735,365],"_links":{"self":[{"href":"https:\/\/www.infokuryr.cz\/n\/wp-json\/wp\/v2\/posts\/73080"}],"collection":[{"href":"https:\/\/www.infokuryr.cz\/n\/wp-json\/wp\/v2\/posts"}],"about":[{"href":"https:\/\/www.infokuryr.cz\/n\/wp-json\/wp\/v2\/types\/post"}],"author":[{"embeddable":true,"href":"https:\/\/www.infokuryr.cz\/n\/wp-json\/wp\/v2\/users\/2"}],"replies":[{"embeddable":true,"href":"https:\/\/www.infokuryr.cz\/n\/wp-json\/wp\/v2\/comments?post=73080"}],"version-history":[{"count":0,"href":"https:\/\/www.infokuryr.cz\/n\/wp-json\/wp\/v2\/posts\/73080\/revisions"}],"wp:featuredmedia":[{"embeddable":true,"href":"https:\/\/www.infokuryr.cz\/n\/wp-json\/wp\/v2\/media\/56530"}],"wp:attachment":[{"href":"https:\/\/www.infokuryr.cz\/n\/wp-json\/wp\/v2\/media?parent=73080"}],"wp:term":[{"taxonomy":"category","embeddable":true,"href":"https:\/\/www.infokuryr.cz\/n\/wp-json\/wp\/v2\/categories?post=73080"},{"taxonomy":"post_tag","embeddable":true,"href":"https:\/\/www.infokuryr.cz\/n\/wp-json\/wp\/v2\/tags?post=73080"}],"curies":[{"name":"wp","href":"https:\/\/api.w.org\/{rel}","templated":true}]}}