{"id":73051,"date":"2025-02-25T00:24:39","date_gmt":"2025-02-24T23:24:39","guid":{"rendered":"https:\/\/www.infokuryr.cz\/n\/?p=73051"},"modified":"2025-02-24T14:29:04","modified_gmt":"2025-02-24T13:29:04","slug":"jak-se-antisemitismus-pouziva-k-umlceni-kritiku-izraele-pripad-birju-dattani","status":"publish","type":"post","link":"https:\/\/www.infokuryr.cz\/n\/2025\/02\/25\/jak-se-antisemitismus-pouziva-k-umlceni-kritiku-izraele-pripad-birju-dattani\/","title":{"rendered":"Jak se antisemitismus pou\u017e\u00edv\u00e1 k uml\u010den\u00ed kritik\u016f Izraele: P\u0159\u00edpad Birju Dattani"},"content":{"rendered":"<div id=\"fb-root\"><\/div>\n<p><span style=\"font-size: 14pt;\"><strong>V\u011bdec na lidsk\u00e1 pr\u00e1va Birju Dattani byl nucen odstoupit z funkce hlavn\u00edho kanadsk\u00e9ho komisa\u0159e pro lidsk\u00e1 pr\u00e1va po proizraelsk\u00e9 pomlouva\u010dn\u00e9 kampani. Jeho p\u0159\u00edpad odhaluje, jak se fale\u0161n\u00e1 obvin\u011bn\u00ed z antisemitismu pou\u017e\u00edvaj\u00ed k uml\u010den\u00ed podpory palestinsk\u00fdch pr\u00e1v<\/strong><\/span><\/p>\n<p><span>&#8222;Trudeau pov\u00fd\u0161il dal\u0161\u00edho antisemitu.&#8220; Birju Dattani, zn\u00e1m\u00fd t\u00edm, \u017ee udr\u017euje nen\u00e1vist v\u016f\u010di \u017did\u016fm, byl jmenov\u00e1n \u0161\u00e9fem Kanadsk\u00e9 komise pro lidsk\u00e1 pr\u00e1va.<\/span><\/p>\n<p><span>To bylo obvin\u011bn\u00ed,\u00a0<\/span><a href=\"https:\/\/urldefense.com\/v3\/__https:\/\/www.cbc.ca\/news\/politics\/dattani-lawsuit-lantsman-1.7452137__;!!MtWvt2UVEQ!GV0xD7mSH2aNHXi4YhTSoIcc57SgWqY5-ca3rzmUEsWGGBpio142EArm6krhwkQsIFayCKfqwoqRDi2JauVofg$\"><span>kter\u00e9 vznesla<\/span><\/a><span>\u00a0konzervativn\u00ed poslankyn\u011b Melissa Lantsmanov\u00e1 proti Birju Dattanimu, v\u011bdkyni v oblasti lidsk\u00fdch pr\u00e1v, kter\u00e1 byla nucena odstoupit z funkce hlavn\u00edho kanadsk\u00e9ho komisa\u0159e pro lidsk\u00e1 pr\u00e1va je\u0161t\u011b p\u0159edt\u00edm, ne\u017e se ujal \u00fa\u0159adu. B\u011bhem n\u011bkolika dn\u00ed koordinovan\u00e1 pomlouva\u010dn\u00e1 kampa\u0148 \u2013 veden\u00e1 Lantsmanem, Centrem pro Izrael a \u017eidovsk\u00e9 z\u00e1le\u017eitosti (CIJA) a krajn\u011b pravicovou medi\u00e1ln\u00ed osobnost\u00ed Ezrou Levantem \u2013 zm\u011bnila respektovan\u00e9ho pr\u00e1vn\u00edho akademika v politickou odpov\u011bdnost. Obvin\u011bn\u00ed nebyla zalo\u017eena na \u017e\u00e1dn\u00fdch skute\u010dn\u00fdch d\u016fkazech antisemitismu, ale sp\u00ed\u0161e na jeho d\u0159\u00edv\u011bj\u0161\u00ed kritice izraelsk\u00e9 politiky, kter\u00e1 byla z\u00e1m\u011brn\u011b p\u0159ekroucena, aby ho ozna\u010dila za extremistu.<\/span><\/p>\n<p><span>Dattani odstupuje se\u00a0<\/span><a href=\"https:\/\/urldefense.com\/v3\/__https:\/\/www.stlbarristers.ca\/for-media__;!!MtWvt2UVEQ!GV0xD7mSH2aNHXi4YhTSoIcc57SgWqY5-ca3rzmUEsWGGBpio142EArm6krhwkQsIFayCKfqwoqRDi09IYlNYQ$\"><span>t\u0159emi \u017ealobami pro pomluvu<\/span><\/a><span>\u00a0proti Lantsmanovi, CIJA a Levantovi a obvi\u0148uje je ze zkreslen\u00ed jeho z\u00e1znam\u016f, aby zni\u010dili jeho kari\u00e9ru. Jeho p\u0159\u00edpad nen\u00ed jen o o\u010di\u0161t\u011bn\u00ed jeho jm\u00e9na \u2013 testuje, zda mohou rasov\u00e9 hlasy v Kanad\u011b svobodn\u011b mluvit, ani\u017e by byly uml\u010dov\u00e1ny.<\/span><\/p>\n<p><span>\u00datoky na Dattani n\u00e1sledovaly ot\u0159epan\u00fd sc\u00e9n\u00e1\u0159 pou\u017e\u00edvan\u00fd k uml\u010den\u00ed rasov\u00fdch a marginalizovan\u00fdch hlas\u016f, kter\u00e9 zpochyb\u0148uj\u00ed z\u00e1padn\u00ed zahrani\u010dn\u00ed politiku, zejm\u00e9na v\u016f\u010di Izraeli. Ve chv\u00edli, kdy byl jmenov\u00e1n, byla jeho akademick\u00e1 pr\u00e1ce o Izraeli-Palestin\u011b, panelov\u00e1 diskuse v roce 2015 a roky star\u00e9 p\u0159\u00edsp\u011bvky na soci\u00e1ln\u00edch s\u00edt\u00edch selektivn\u011b zbrojeny, aby ho vykreslily jako antisemitu. Obvin\u011bn\u00ed z extremismu, antisemitismu nebo dokonce sympati\u00ed k terorismu jsou b\u011b\u017en\u011b nasazov\u00e1na k diskreditaci kritik\u016f izraelsk\u00e9 politiky a Dattani se stal posledn\u00ed ob\u011bt\u00ed t\u00e9to pomlouva\u010dn\u00e9 ma\u0161in\u00e9rie.<\/span><\/p>\n<p><span>Nez\u00e1visl\u00e9 vy\u0161et\u0159ov\u00e1n\u00ed, kter\u00e9 zadal ministr spravedlnosti Arif Virani, v\u0161ak pro tato obvin\u011bn\u00ed nena\u0161lo \u017e\u00e1dn\u00fd z\u00e1klad. Zpr\u00e1va jednozna\u010dn\u011b\u00a0<\/span><a href=\"https:\/\/www.justice.gc.ca\/eng\/trans\/chrc-ccdp\/pdf\/Report-2246028_1.pdf\"><span>dosp\u011bla k z\u00e1v\u011bru<\/span><\/a><span>\u00a0:<\/span><\/p>\n<p><em>&#8222;Nem\u016f\u017eeme zjistit, \u017ee by pan Dattani choval nebo p\u0159echov\u00e1val n\u011bjak\u00e9 p\u0159esv\u011bd\u010den\u00ed, kter\u00e9 by bylo charakterizov\u00e1no jako antisemitsk\u00e9, nebo \u017ee by prok\u00e1zal n\u011bjak\u00e9 p\u0159edsudky (v\u011bdom\u00e9 \u010di nev\u011bdom\u00e9) v\u016f\u010di \u017did\u016fm nebo Izraelc\u016fm.&#8220;<\/em><\/p>\n<p><span>Vy\u0161et\u0159ovatel\u00e9 dokonce poznamenali, \u017ee jeho odborn\u00e9 znalosti o Izraeli\/Palestin\u011b mohly b\u00fdt p\u0159\u00ednosem pro jeho roli. Ale to bylo irelevantn\u00ed. Politick\u00fd tlak, medi\u00e1ln\u00ed \u0161\u00edlenstv\u00ed a vykonstruovan\u00e9 pobou\u0159en\u00ed zajistily jeho odstran\u011bn\u00ed.<\/span><\/p>\n<p><span>Dattani nebyl jen vytla\u010den \u2013 byl u\u010din\u011bn p\u0159\u00edkladem. Jeho rezignace p\u0159in\u00e1\u0161\u00ed ostr\u00e9 varov\u00e1n\u00ed: i legitimn\u00ed obhajoba lidsk\u00fdch pr\u00e1v v Izraeli n\u011bco stoj\u00ed. Nez\u00e1visl\u00e1 zpr\u00e1va poznamenala, \u017ee \u201ebagatelizoval kritickou povahu sv\u00e9 pr\u00e1ce\u201c, co\u017e je jasn\u00fdm znamen\u00edm, \u017ee v\u011bd\u011bl, \u017ee p\u0159\u00edli\u0161 otev\u0159en\u011b mluv\u00ed o palestinsk\u00fdch pr\u00e1vech m\u016f\u017ee ukon\u010dit jeho kari\u00e9ru.<\/span><\/p>\n<p><span>Tento mraziv\u00fd efekt sah\u00e1 daleko za Dattani. Po cel\u00e9 Kanad\u011b i mimo ni chod\u00ed akademici, novin\u00e1\u0159i a ve\u0159ejn\u00e9 osobnosti, kter\u00e9 kritizuj\u00ed izraelskou politiku, po lan\u011b. Pouh\u00e1 obhajoba palestinsk\u00fdch pr\u00e1v m\u016f\u017ee vyvolat obvin\u011bn\u00ed z antisemitismu, za\u0159azen\u00ed na \u010dernou listinu nebo po\u017eadavky na rezignaci. Strach z toho, \u017ee budou ozna\u010deni za extremistu nebo bezpe\u010dnostn\u00ed hrozbu, nut\u00ed mnoh\u00e9 k autocenzu\u0159e, ne\u017e aby riskovali svou kari\u00e9ru.<\/span><\/p>\n<p><span>Dattani dal jasn\u011b najevo, \u017ee \u00fatoky proti n\u011bmu podn\u00edtily islamofobie a protipalestinsk\u00e1 zaujatost. Popsal, \u017ee byl pot\u0159\u00edsn\u011bn islamofobn\u00edmi a protiarabsk\u00fdmi tropy, a vyl\u00ed\u010dil ho jako stoupence terorist\u016f. Poselstv\u00ed bylo nezam\u011bniteln\u00e9: jeho muslimsk\u00e1 identita, obhajoba lidsk\u00fdch pr\u00e1v a kritika Izraele z n\u011bj ud\u011blaly c\u00edl.<\/span><\/p>\n<p><span>Na rozd\u00edl od v\u011bt\u0161iny, na kterou se takov\u00e9 kampan\u011b zam\u011b\u0159uj\u00ed, se Dattani br\u00e1n\u00ed u soudu. Jeho \u017ealoby za pomluvu obvi\u0148uj\u00ed Lantsmana, CIJA a Levanta z v\u011bdom\u00e9ho \u0161\u00ed\u0159en\u00ed nepravd, organizov\u00e1n\u00ed jeho odstran\u011bn\u00ed a pou\u017e\u00edv\u00e1n\u00ed pomluvy jako zbran\u011b. V\u00edt\u011bzstv\u00ed by mohlo vytvo\u0159it z\u00e1sadn\u00ed precedens, p\u0159im\u011bt politiky a medi\u00e1ln\u00ed osobnosti k odpov\u011bdnosti za bezohledn\u00e9 pomluvy.<\/span><\/p>\n<p><span>Dattaniho boj nen\u00ed jen o o\u010di\u0161t\u011bn\u00ed jeho jm\u00e9na \u2013 jde o odhalen\u00ed syst\u00e9mu, kde politici a medi\u00e1ln\u00ed osobnosti mohou zni\u010dit kari\u00e9ru bez n\u00e1sledk\u016f. Jen m\u00e1lo osobnost\u00ed ve\u0159ejn\u00e9ho \u017eivota vytla\u010den\u00fdch koordinovan\u00fdmi pomlouva\u010dn\u00fdmi kampan\u011bmi tla\u010d\u00ed zp\u011bt. Pokud zv\u00edt\u011bz\u00ed, mohlo by to podn\u00edtit d\u00e1vno opo\u017ed\u011bn\u00e9 z\u00fa\u010dtov\u00e1n\u00ed s antisemitismem jako zbran\u011b, aby se uml\u010del nesouhlas s Izraelem\/Palestinou.<\/span><\/p>\n<p><span>Dattaniho p\u0159\u00edpad zd\u016fraz\u0148uje tragickou ironii. Zat\u00edmco antisemitismus je v\u00e1\u017en\u00fd probl\u00e9m, jeho vyzbrojov\u00e1n\u00ed proti kritik\u016fm Izraele podkop\u00e1v\u00e1 snahy bojovat proti skute\u010dn\u00e9 nen\u00e1visti. U\u010denci varuj\u00ed, \u017ee ozna\u010dov\u00e1n\u00ed ve\u0161ker\u00e9 kritiky Izraele za antisemitskou tento term\u00edn oslabuje a zt\u011b\u017euje \u0159e\u0161en\u00ed skute\u010dn\u00fdch hrozeb \u017eidovsk\u00fdm komunit\u00e1m.<\/span><\/p>\n<p><span>Tyto \u00fatoky \u010dasto p\u0159ich\u00e1zej\u00ed s islamofobn\u00edm podt\u00f3nem a stav\u00ed muslimy, Araby a propalestinsk\u00e9 hlasy jako p\u0159irozen\u011b podez\u0159el\u00e9. Stejn\u00e1 taktika byla pou\u017eita proti osobnostem jako Rashida Tlaib, Ilhan Omar a Marc Lamont Hill, kte\u0159\u00ed byli ozna\u010deni za antisemity, p\u0159esto\u017ee kritizovali izraelskou politiku, nikoli \u017eidovsk\u00fd lid.<\/span><\/p>\n<p><span>Dattaniho p\u0159\u00edpad je st\u011b\u017eejn\u00edm testem svobody slova v Kanad\u011b. Pokud lze vl\u00e1dou jmenovan\u00e9ho zmocn\u011bnce pro lidsk\u00e1 pr\u00e1va vyhnat nepodlo\u017een\u00e1 obvin\u011bn\u00ed, vyvol\u00e1v\u00e1 to ostrou ot\u00e1zku: kdo se skute\u010dn\u011b sm\u00ed \u00fa\u010dastnit ve\u0159ejn\u00e9ho \u017eivota?<\/span><\/p>\n<p><span>Je\u0161t\u011b v\u00edce znepokojuj\u00edc\u00ed je ml\u010den\u00ed instituc\u00ed, kter\u00e9 m\u011bly Dattaniho br\u00e1nit. Skupiny pro lidsk\u00e1 pr\u00e1va, univerzity a politi\u010dt\u00ed spojenci z\u016fstali zticha \u2013 ne proto, \u017ee by v\u011b\u0159ili obvin\u011bn\u00edm, ale proto, \u017ee jeho obrana byla p\u0159\u00edli\u0161 n\u00e1kladn\u00e1. Toto ticho posiluje pomlouva\u010dn\u00e9 kampan\u011b, kter\u00e9 rozhoduj\u00ed o tom, kdo m\u00e1 moc, kdo mluv\u00ed svobodn\u011b a kdo je ve ve\u0159ejn\u00e9m \u017eivot\u011b v bezpe\u010d\u00ed.<\/span><\/p>\n<p><span>Dattani, kter\u00fd je nyn\u00ed neplacen\u00fdm vedouc\u00edm pracovn\u00edkem Centra pro svobodn\u00fd projev Metropolitn\u00ed univerzity v Torontu, financuje sv\u016fj pr\u00e1vn\u00ed boj pomoc\u00ed crowdfundingu. V\u00fdrazn\u00e1 nerovnov\u00e1ha zdroj\u016f podtrhuje, jak o\u010der\u0148ovac\u00ed kampan\u011b trestaj\u00ed ty, kte\u0159\u00ed zpochyb\u0148uj\u00ed narativy establishmentu, a odm\u011b\u0148uj\u00ed ty, kte\u0159\u00ed pou\u017e\u00edvaj\u00ed pomluvu jako zbra\u0148.<\/span><\/p>\n<p><span>Pokud Dattani vyhraje, vy\u0161le jasnou zpr\u00e1vu: ve\u0159ejn\u00e9 osobnosti se nemohou bez n\u00e1sledk\u016f pou\u0161t\u011bt do bezohledn\u00fdch vra\u017ed postav. Jeho p\u0159\u00edpad by mohl povzbudit ostatn\u00ed, kte\u0159\u00ed byli uml\u010deni podobnou taktikou, a donutit Kanadu postavit se z\u00e1sadn\u00ed ot\u00e1zce: Dodr\u017eujeme skute\u010dn\u011b svobodu slova a lidsk\u00e1 pr\u00e1va, nebo pouze tehdy, kdy\u017e se shoduj\u00ed s n\u00e1zory establishmentu?<\/span><\/p>\n<p><span>V\u00fdsledek ur\u010d\u00ed, zda se rasizovan\u00ed profesion\u00e1lov\u00e9, muslimsk\u00e9 hlasy a propalestin\u0161t\u00ed obh\u00e1jci mohou \u00fa\u010dastnit ve\u0159ejn\u00e9ho \u017eivota beze strachu z vymaz\u00e1n\u00ed. Pokud Dattani prohraje, zpr\u00e1va je stejn\u011b jasn\u00e1: m\u016f\u017eete mluvit, ale pouze pokud budete ml\u010det o \u0161patn\u00fdch v\u011bcech.<\/span><\/p>\n<p><span>Skute\u010dnou ot\u00e1zkou nyn\u00ed je, zda tento p\u0159\u00edpad za\u017eehne \u0161ir\u0161\u00ed odpor \u2013 nebo zda bude rasizovan\u00fd jedinec op\u011bt ponech\u00e1n bojovat s\u00e1m.<\/span><\/p>\n<p><span class=\"post-author\"><span class=\"by\"><span>Autor:\u00a0<\/span><\/span><a class=\"author url fn\" title=\"P\u0159\u00edsp\u011bvky od Faisala Kuttyho\" href=\"https:\/\/mondoweiss.net\/author\/faisal-kutty\/\" rel=\"author\"><span>Faisal Kutty<\/span><\/a><\/span><\/p>\n<p>&nbsp;<\/p>\n","protected":false},"excerpt":{"rendered":"<p>V\u011bdec na lidsk\u00e1 pr\u00e1va Birju Dattani byl nucen odstoupit z funkce hlavn\u00edho kanadsk\u00e9ho komisa\u0159e pro&#8230;<\/p>\n","protected":false},"author":2,"featured_media":73052,"comment_status":"closed","ping_status":"closed","sticky":false,"template":"","format":"standard","meta":[],"categories":[7],"tags":[217,107,1884,144,1226],"_links":{"self":[{"href":"https:\/\/www.infokuryr.cz\/n\/wp-json\/wp\/v2\/posts\/73051"}],"collection":[{"href":"https:\/\/www.infokuryr.cz\/n\/wp-json\/wp\/v2\/posts"}],"about":[{"href":"https:\/\/www.infokuryr.cz\/n\/wp-json\/wp\/v2\/types\/post"}],"author":[{"embeddable":true,"href":"https:\/\/www.infokuryr.cz\/n\/wp-json\/wp\/v2\/users\/2"}],"replies":[{"embeddable":true,"href":"https:\/\/www.infokuryr.cz\/n\/wp-json\/wp\/v2\/comments?post=73051"}],"version-history":[{"count":0,"href":"https:\/\/www.infokuryr.cz\/n\/wp-json\/wp\/v2\/posts\/73051\/revisions"}],"wp:featuredmedia":[{"embeddable":true,"href":"https:\/\/www.infokuryr.cz\/n\/wp-json\/wp\/v2\/media\/73052"}],"wp:attachment":[{"href":"https:\/\/www.infokuryr.cz\/n\/wp-json\/wp\/v2\/media?parent=73051"}],"wp:term":[{"taxonomy":"category","embeddable":true,"href":"https:\/\/www.infokuryr.cz\/n\/wp-json\/wp\/v2\/categories?post=73051"},{"taxonomy":"post_tag","embeddable":true,"href":"https:\/\/www.infokuryr.cz\/n\/wp-json\/wp\/v2\/tags?post=73051"}],"curies":[{"name":"wp","href":"https:\/\/api.w.org\/{rel}","templated":true}]}}