{"id":7302,"date":"2022-01-04T07:45:37","date_gmt":"2022-01-04T06:45:37","guid":{"rendered":"http:\/\/www.infokuryr.cz\/n\/?p=7302"},"modified":"2022-01-04T07:46:39","modified_gmt":"2022-01-04T06:46:39","slug":"soubezne-podzimni-ockovani-proti-chripce-ah-3-a-proti-korone-v-izraeli-zapricinilo-podle-odborniku-desivy-vznik-dual-virove-nakazy","status":"publish","type":"post","link":"https:\/\/www.infokuryr.cz\/n\/2022\/01\/04\/soubezne-podzimni-ockovani-proti-chripce-ah-3-a-proti-korone-v-izraeli-zapricinilo-podle-odborniku-desivy-vznik-dual-virove-nakazy\/","title":{"rendered":"Soub\u011b\u017en\u00e9 podzimn\u00ed o\u010dkov\u00e1n\u00ed proti ch\u0159ipce AH\/3 a proti koron\u011b v Izraeli zap\u0159\u00ed\u010dinilo podle odborn\u00edk\u016f d\u011bsiv\u00fd vznik dual-virov\u00e9 n\u00e1kazy"},"content":{"rendered":"<div id=\"fb-root\"><\/div>\n<h4>Flurona: Soub\u011b\u017en\u00e9 podzimn\u00ed o\u010dkov\u00e1n\u00ed proti ch\u0159ipce AH\/3 a proti koron\u011b v Izraeli zap\u0159\u00ed\u010dinilo podle odborn\u00edk\u016f d\u011bsiv\u00fd vznik dual-virov\u00e9 n\u00e1kazy, kter\u00e1 vykazuje zn\u00e1mky virov\u00e9 patogenn\u00ed symbi\u00f3zy a oba viry napadaj\u00ed lidsk\u00e9 bu\u0148ky v kooperaci a spole\u010dn\u011b se dopl\u0148uj\u00ed! Ch\u0159ipkov\u00e9 viry zam\u011bstn\u00e1vaj\u00ed imunitn\u00ed syst\u00e9m plic a spike proteiny z vakc\u00edn proti Covid-19 tak napadaj\u00ed ostatn\u00ed lidsk\u00e9 org\u00e1ny, proto\u017ee imunitn\u00ed syst\u00e9m je zam\u011bstn\u00e1n ochranou plic proti ch\u0159ipce! Flurona m\u00e1 navodit re\u017eim prioritizace rozhodov\u00e1n\u00ed imunitn\u00edho syst\u00e9mu, co\u017e m\u016f\u017ee v\u00e9st k nebezpe\u010dn\u00e9mu ADE syndromu! Zn\u00e1me podrobnosti!<\/h4>\n<p>Izraelsk\u00e1 m\u00e9dia o v\u00edkendu ozn\u00e1mila, \u017ee epidemiologov\u00e9 v Izraeli zaregistrovali prvn\u00ed p\u0159\u00edpad du\u00e1ln\u00ed virov\u00e9 n\u00e1kazy dvou respira\u010dn\u00edch vir\u016f, konkr\u00e9tn\u011b ch\u0159ipky (angl. flu) a koronaviru.\u00a0<strong>Kombinovan\u00e1 n\u00e1kaza ji\u017e dostala ozna\u010den\u00ed jako Flurona (odvozen\u00e9 od flu a korona) a tato dvoj\u00ed infekce byla poprv\u00e9 zji\u0161t\u011bna u \u017eeny, kter\u00e1 za\u010dala rodit tento t\u00fdden v Rab\u00ednsk\u00e9m l\u00e9ka\u0159sk\u00e9m centru ve m\u011bst\u011b Petah Tikva [<a href=\"https:\/\/href.li\/?https:\/\/todayheadline.co\/israel-reports-its-first-case-of-flurona-ynetnews\/\" target=\"_blank\" rel=\"nofollow noopener\">1<\/a>].\u00a0<\/strong>Mainstreamov\u00e1 m\u00e9dia za\u010dala informaci o Fluron\u011b dezinterpretovat, \u017ee jde o n\u011bjak\u00fd nov\u00fd zmutovan\u00fd a zkombinovan\u00fd virus, ale to je dezinformace. Flurona je pouze medi\u00e1ln\u00ed ozna\u010den\u00ed pro dvojitou n\u00e1kazu \u010dlov\u011bka 2 viry, ch\u0159ipkou a koronou.<\/p>\n<p>Podle nemocnice se mlad\u00e1 matka, kter\u00e1 nen\u00ed o\u010dkovan\u00e1 proti \u017e\u00e1dn\u00e9mu z t\u011bchto vir\u016f, c\u00edt\u00ed dob\u0159e a o\u010dek\u00e1v\u00e1 se, \u017ee bude z nemocnice propu\u0161t\u011bna velmi brzy. P\u0159\u00edtomnost obou vir\u016f ur\u010dily PCR testy. \u017dena v\u0161ak nem\u00e1 \u017e\u00e1dn\u00e9 p\u0159\u00edznaky, nem\u00e1 ani teploty, \u017e\u00e1dn\u00e9 projevy ani ch\u0159ipky, ani covidu. Podle l\u00e9ka\u0159\u016f je to t\u00edm, \u017ee v minulosti z\u0159ejm\u011b prod\u011blala ch\u0159ipku i covid, tak\u017ee m\u00e1 vytvo\u0159en\u00e9 rezidu\u00e1ln\u00ed protil\u00e1tky.<\/p>\n<figure id=\"attachment_49804\" class=\"wp-caption aligncenter\" style=\"width: 517px;\"><a href=\"https:\/\/aeronet.cz\/news\/wp-content\/uploads\/VaxIsraelWoman.jpg\"><img decoding=\"async\" loading=\"lazy\" class=\"wp-image-49804 \" src=\"https:\/\/aeronet.cz\/news\/wp-content\/uploads\/VaxIsraelWoman-1024x682.jpg\" sizes=\"(max-width: 700px) 100vw, 700px\" srcset=\"https:\/\/aeronet.cz\/news\/wp-content\/uploads\/VaxIsraelWoman-1024x682.jpg 1024w, https:\/\/aeronet.cz\/news\/wp-content\/uploads\/VaxIsraelWoman-300x200.jpg 300w, https:\/\/aeronet.cz\/news\/wp-content\/uploads\/VaxIsraelWoman-768x511.jpg 768w, https:\/\/aeronet.cz\/news\/wp-content\/uploads\/VaxIsraelWoman-700x466.jpg 700w, https:\/\/aeronet.cz\/news\/wp-content\/uploads\/VaxIsraelWoman-536x357.jpg 536w, https:\/\/aeronet.cz\/news\/wp-content\/uploads\/VaxIsraelWoman-726x483.jpg 726w, https:\/\/aeronet.cz\/news\/wp-content\/uploads\/VaxIsraelWoman.jpg 1280w\" alt=\"\" width=\"517\" height=\"344\" \/><\/a><figcaption class=\"wp-caption-text\">O\u010dkov\u00e1n\u00ed v Izraeli<\/figcaption><\/figure>\n<p>Ov\u0161em soub\u011b\u017en\u00e1 n\u00e1kaza dv\u011bma viry usiluj\u00edc\u00edmi o spole\u010dn\u00fd c\u00edlov\u00fd org\u00e1n, tedy pl\u00edce \u010dlov\u011bka, je velmi unik\u00e1tn\u00ed. Podle americk\u00fdch l\u00e9ka\u0159\u016f to ale v tomto p\u0159\u00edpad\u011b m\u016f\u017ee b\u00fdt zp\u016fsobeno t\u00edm, k \u010demu do\u0161lo v Izraeli na podzim vloni.\u00a0<strong>Od \u0159\u00edjna se toti\u017e v Izraeli za\u010dalo vedle koronaviru tak\u00e9 paraleln\u011b o\u010dkovat proti ch\u0159ipce, a to konkr\u00e9tn\u011b proti ch\u0159ipkov\u00e9mu podtypu AH\/3<\/strong>, p\u0159i\u010dem\u017e toto o\u010dkov\u00e1n\u00ed bylo doporu\u010deno paradoxn\u011b pr\u00e1v\u011b t\u011bhotn\u00fdm matk\u00e1m, kter\u00e9 \u010dekaj\u00ed d\u00edt\u011b. A v\u00fdsledek? Izraelsk\u00e9 nemocnice pr\u00e1v\u011b eviduj\u00ed 605 d\u011bt\u00ed s t\u011b\u017ek\u00fdm pr\u016fb\u011bhem ch\u0159ipky a dokonce 124 t\u011bhotn\u00fdch \u017een. Izraelsk\u00e9 nemocnice nic takov\u00e9ho nepamatuj\u00ed.<\/p>\n<h6><span style=\"font-size: 14pt;\">Izrael zah\u00e1jil na podzim soub\u011b\u017en\u00e9 o\u010dkov\u00e1n\u00ed proti ch\u0159ipce a proti koron\u011b, a tohle je v\u00fdsledek<\/span><\/h6>\n<p>O\u010dkov\u00e1n\u00ed v \u0159\u00edjnu bylo v Izraeli zah\u00e1jeno ch\u0159ipkov\u00fdmi vakc\u00ednami od AstraZeneca a Novartis a jak se zd\u00e1, spike proteiny z vakc\u00edn proti covidu nejsou o\u010dkov\u00e1n\u00edm proti ch\u0159ipce nijak dot\u010deny, proto\u017ee ch\u0159ipka m\u00e1 v imunitn\u00edm syst\u00e9mu zak\u00f3dovan\u00fd hlubok\u00fd podpis, tak\u017ee imunitn\u00ed syst\u00e9m si v\u0161\u00edm\u00e1 hlavn\u011b ch\u0159ipky,\u00a0<strong>zat\u00edmco spike proteiny nam\u00edsto plic obsad\u00ed jin\u00e9 org\u00e1ny, srdce, ledviny, j\u00e1tra a p\u0159\u00edpadn\u011b mozkov\u00fd kmen a \u010d\u00e1st prodlou\u017een\u00e9 m\u00edchy, co\u017e potom vede k d\u011bsiv\u00fdm epizod\u00e1m spont\u00e1nn\u00ed z\u00e1stavy dechu [<a href=\"https:\/\/aeronet.cz\/news\/nemecka-vlada-oznamila-ze-96-vsech-evidovanych-pripadu-omikronu-v-nemecku-pochazi-od-ockovanych-osob-pouze-4-pripadu-omikronu-bylo-evidovano-u-neockovanych-osob\/\">2<\/a>]<\/strong>\u00a0a n\u00e1sledn\u011b i svalov\u00fdch stah\u016f srdce. Jakmile za\u010dali v Izraeli na podzim soub\u011b\u017en\u011b o\u010dkovat s koronou, maj\u00ed najednou v nemocnic\u00edch d\u011bti a t\u011bhotn\u00e9 \u017eeny s agresivn\u00ed ch\u0159ipkou. L\u00e9ka\u0159 n\u00e1m to vysv\u011btlil, co to znamen\u00e1.<\/p>\n<figure id=\"attachment_49802\" class=\"wp-caption aligncenter\" style=\"width: 481px;\"><a href=\"https:\/\/aeronet.cz\/news\/wp-content\/uploads\/FluronaCovidVaxKidIsrael.jpg\"><img decoding=\"async\" loading=\"lazy\" class=\"wp-image-49802 \" src=\"https:\/\/aeronet.cz\/news\/wp-content\/uploads\/FluronaCovidVaxKidIsrael-1024x669.jpg\" sizes=\"(max-width: 700px) 100vw, 700px\" srcset=\"https:\/\/aeronet.cz\/news\/wp-content\/uploads\/FluronaCovidVaxKidIsrael-1024x669.jpg 1024w, https:\/\/aeronet.cz\/news\/wp-content\/uploads\/FluronaCovidVaxKidIsrael-300x196.jpg 300w, https:\/\/aeronet.cz\/news\/wp-content\/uploads\/FluronaCovidVaxKidIsrael-768x502.jpg 768w, https:\/\/aeronet.cz\/news\/wp-content\/uploads\/FluronaCovidVaxKidIsrael-700x457.jpg 700w, https:\/\/aeronet.cz\/news\/wp-content\/uploads\/FluronaCovidVaxKidIsrael-100x65.jpg 100w, https:\/\/aeronet.cz\/news\/wp-content\/uploads\/FluronaCovidVaxKidIsrael-547x357.jpg 547w, https:\/\/aeronet.cz\/news\/wp-content\/uploads\/FluronaCovidVaxKidIsrael-740x483.jpg 740w, https:\/\/aeronet.cz\/news\/wp-content\/uploads\/FluronaCovidVaxKidIsrael.jpg 1280w\" alt=\"\" width=\"481\" height=\"314\" \/><\/a><figcaption class=\"wp-caption-text\">O\u010dkov\u00e1n\u00ed d\u011bt\u00ed proti covidu v Izraeli<\/figcaption><\/figure>\n<p>Imunitn\u00ed syst\u00e9m p\u0159i dvojn\u00e1sobn\u00e9 infekci v t\u011ble up\u0159ednostn\u00ed v\u017edy boj s vy\u0161\u0161\u00ed hrozbou. To znamen\u00e1, \u017ee kdy\u017e vyhodnot\u00ed ch\u0159ipku jako hrozbu, potom nech\u00e1 koronavirus de facto bez kontroly. A obr\u00e1cen\u011b, pokud vyhodnot\u00ed v\u011bt\u0161\u00ed hrozbu u koronaviru, ponech\u00e1 ch\u0159ipku bez pov\u0161imnut\u00ed. Pokud se korona p\u0159i du\u00e1ln\u00ed infekci usad\u00ed v myokardu a v c\u00e9v\u00e1ch, potom to imunitn\u00ed syst\u00e9m m\u016f\u017ee vyhodnotit jako nejvy\u0161\u0161\u00ed hrozbu a ponech\u00e1 ch\u0159ipkov\u00e9 viry bez kontroly. Nemaj\u00ed toti\u017e prioritu. Ty se mezit\u00edm namno\u017e\u00ed v plic\u00edch a zp\u016fsob\u00ed t\u011b\u017ek\u00fd z\u00e1pal plic a u\u017e to jede, sanitka v\u00e1s veze do nemocnice.\u00a0<strong>Flurona tak m\u00e1 v podstat\u011b za \u00fakol jedinou v\u011bc: P\u0159et\u00ed\u017een\u00ed imunitn\u00edho syst\u00e9mu, aby nest\u00edhal!<\/strong>\u00a0A to nen\u00ed samo sebou, o to n\u011bkdo zjevn\u011b u\u017e hodn\u011b dlouho usiluje.<\/p>\n<h6><span style=\"font-size: 14pt;\">Imunitn\u00ed syst\u00e9m se sna\u017e\u00ed bojovat se v\u0161emi viry nar\u00e1z, ale jen do chv\u00edle, dokud to zvl\u00e1d\u00e1. Potom nast\u00e1v\u00e1 prioritizace<\/span><\/h6>\n<p>Lid\u00e9 se necht\u011bj\u00ed o\u010dkovat, a tak na n\u011b vypust\u00edme Fluronu, kter\u00e1 jim p\u0159et\u00ed\u017e\u00ed imunitn\u00ed syst\u00e9m, a oni skon\u010d\u00ed bu\u010f na plicn\u00edm odd\u011blen\u00ed se z\u00e1palem plic kv\u016fli ch\u0159ipce, anebo skon\u010d\u00ed na koron\u00e1rn\u00ed jednotce kv\u016fli z\u00e1n\u011btu myokardu a srde\u010dn\u00edmu selh\u00e1n\u00ed, proto\u017ee spike proteiny koronaviru vyvolaly z\u00e1n\u011bt a otok srdce a c\u00e9v. Jedno nebo druh\u00e9. Jen\u017ee, za norm\u00e1ln\u00ed situace se toto nestane. Nejprve je nutn\u00e9 imunitn\u00ed syst\u00e9m oslabit, aby nem\u011bl dostatek sil na boj se v\u0161emi viry. U star\u00e9ho \u010dlov\u011bka je to stav, kter\u00fd vznik\u00e1 p\u0159irozen\u011b. U mlad\u0161\u00edch lid\u00ed je extr\u00e9mn\u011b vz\u00e1cn\u00fd. A\u017e dosud.<\/p>\n<p>Prost\u011b n\u011bkomu jde o to, aby imunitn\u00ed syst\u00e9m musel kv\u016fli nedostatku zdroj\u016f za\u010d\u00edt prioritizovat a rozhodovat, proti kter\u00e9mu viru se mus\u00ed zas\u00e1hnout p\u0159ednostn\u011b, a kter\u00fd bude zat\u00edm ponech\u00e1n bez kontroly. P\u0159et\u00ed\u017een\u00ed imunitn\u00edho syst\u00e9mu je zn\u00e1m\u00fd jev p\u0159edev\u0161\u00edm u star\u00fdch osob s chronick\u00fdmi nemocemi a komorbiditami, tedy soub\u011b\u017en\u00fdmi nemocemi, kdy je imunitn\u00ed syst\u00e9m natolik zam\u011bstn\u00e1n, \u017ee mu sch\u00e1z\u00ed zdroje a nest\u00edh\u00e1 zbavovat t\u011blo rozli\u010dn\u00fdch a soub\u011b\u017en\u00fdch infekc\u00ed.<\/p>\n<figure id=\"attachment_48485\" class=\"wp-caption aligncenter\" style=\"width: 560px;\"><a href=\"https:\/\/aeronet.cz\/news\/wp-content\/uploads\/IsraelCovidVaxMan.jpg\"><img decoding=\"async\" loading=\"lazy\" class=\"wp-image-48485 \" src=\"https:\/\/aeronet.cz\/news\/wp-content\/uploads\/IsraelCovidVaxMan-1024x576.jpg\" sizes=\"(max-width: 700px) 100vw, 700px\" srcset=\"https:\/\/aeronet.cz\/news\/wp-content\/uploads\/IsraelCovidVaxMan-1024x576.jpg 1024w, https:\/\/aeronet.cz\/news\/wp-content\/uploads\/IsraelCovidVaxMan-300x169.jpg 300w, https:\/\/aeronet.cz\/news\/wp-content\/uploads\/IsraelCovidVaxMan-768x432.jpg 768w, https:\/\/aeronet.cz\/news\/wp-content\/uploads\/IsraelCovidVaxMan-700x394.jpg 700w, https:\/\/aeronet.cz\/news\/wp-content\/uploads\/IsraelCovidVaxMan-635x357.jpg 635w, https:\/\/aeronet.cz\/news\/wp-content\/uploads\/IsraelCovidVaxMan-859x483.jpg 859w, https:\/\/aeronet.cz\/news\/wp-content\/uploads\/IsraelCovidVaxMan.jpg 1280w\" alt=\"\" width=\"560\" height=\"315\" \/><\/a><figcaption class=\"wp-caption-text\">O\u010dkov\u00e1n\u00ed senior\u016f proti covidu v Izraeli<\/figcaption><\/figure>\n<p>Jen\u017ee, aby se n\u011bco takov\u00e9ho objevilo u mlad\u00e9ho \u010dlov\u011bka, k tomu je zapot\u0159eb\u00ed \u0159\u00edzen\u00fd z\u00e1sah zven\u010d\u00ed. Pokud navedete lidi, aby si paraleln\u011b a soub\u011b\u017en\u011b do sebe vst\u0159\u00edkli dv\u011b vakc\u00edny, potom se nem\u016f\u017eete divit, \u017ee imunitn\u00ed syst\u00e9m za\u010dne prioritizovat a vyhodnocovat hrozby a jeden z vir\u016f potom nech\u00e1 bez kontroly. Tento \u010f\u00e1belsk\u00fd pl\u00e1n je podle l\u00e9ka\u0159e naprosto dokonale vymy\u0161len\u00fd, pokud by n\u011bkdo cht\u011bl lidem p\u0159ivodit \u017eivot ohro\u017euj\u00edc\u00ed stavy, infekce \u010di srde\u010dn\u00ed z\u00e1stavy.\u00a0<strong>Je to doslova pokus o p\u0159et\u00ed\u017een\u00ed imunitn\u00edho syst\u00e9mu lid\u00ed s c\u00edlem vyvolat u nich bu\u010f z\u00e1paly plic anebo srde\u010dn\u00ed selh\u00e1n\u00ed, a to s c\u00edlem vyslat do sv\u011bta varov\u00e1n\u00ed, \u017ee kdo se nenao\u010dkuje, ten \u0161patn\u011b dopadne.<\/strong>\u00a0A imunitn\u00ed syst\u00e9m p\u0159i sv\u00e9m nest\u00edh\u00e1n\u00ed m\u00e1 tendenci sahat po pou\u017eit\u00ed zbran\u011b posledn\u00edho \u0159e\u0161en\u00ed, po autoimunitn\u00ed reakci vyvol\u00e1vaj\u00edc\u00ed ADE syndrom.<\/p>\n<h6><span style=\"font-size: 14pt;\">Lidem budou st\u0159\u00edkat placebo roztoky a budou jim drze do ksichtu lh\u00e1t, jak skv\u011ble vakc\u00edny funguj\u00ed proti koron\u011b a ch\u0159ipce<\/span><\/h6>\n<p>P\u0159itom ve skute\u010dnosti to bude fungovat tak, \u017ee soub\u011b\u017en\u00e9 o\u010dkov\u00e1n\u00ed proti Fluron\u011b dv\u011bma vakc\u00ednami bude prob\u00edhat pomoc\u00ed placebo instrument\u016f, aby se jako uk\u00e1zalo, \u017ee vakc\u00edny funguj\u00ed a lid\u00e9 jsou v po\u0159\u00e1dku. A pokud n\u011bkdo i tak dostane soub\u011b\u017enou ch\u0159ipku, dostane ji p\u0159irozen\u011b a nosat\u00e9 farmaceutick\u00e9 spole\u010dnosti \u0159eknou, \u017ee to je d\u00edky o\u010dkov\u00e1n\u00ed, \u017ee m\u00e1te m\u00edrn\u00fd pr\u016fb\u011bh.<\/p>\n<p><strong>Prost\u011b na v\u00e1s vybal\u00ed\u00a0<em>chucpe<\/em>, jako kdy\u017e z nebe za\u010dne malinko pr\u0161et, jenom lehounce, velice m\u00e1lo, ale v\u00fdrobce d\u011brav\u00fdch pl\u00e1\u0161t\u011bnek by \u0159ekl, \u017ee to je d\u00edky jeho pl\u00e1\u0161t\u011bnk\u00e1m, \u017ee jste prakticky nezmokli, jenom m\u00e1lo.<\/strong>\u00a0A p\u0159esn\u011b takto je to s vakc\u00ednami, kter\u00fdmi se lid\u00e9 o\u010dkuj\u00ed proti m\u00edrn\u00e9 nemoci Covid-19, kter\u00e1 jen u zlomku obyvatelstva vyvol\u00e1v\u00e1 t\u011b\u017ek\u00e9 stavy. Flurona m\u00e1 za \u00fakol p\u0159et\u00ed\u017eit imunitn\u00ed syst\u00e9m u neo\u010dkovan\u00fdch osob a t\u00edm donutit ostatn\u00ed neo\u010dkovan\u00e9 k o\u010dkov\u00e1n\u00ed.<\/p>\n<figure id=\"attachment_45439\" class=\"wp-caption aligncenter\" style=\"width: 459px;\"><a href=\"https:\/\/aeronet.cz\/news\/wp-content\/uploads\/IsraelVaxRabbiCrop.jpg\"><img decoding=\"async\" loading=\"lazy\" class=\"wp-image-45439 \" src=\"https:\/\/aeronet.cz\/news\/wp-content\/uploads\/IsraelVaxRabbiCrop.jpg\" sizes=\"(max-width: 892px) 100vw, 892px\" srcset=\"https:\/\/aeronet.cz\/news\/wp-content\/uploads\/IsraelVaxRabbiCrop.jpg 892w, https:\/\/aeronet.cz\/news\/wp-content\/uploads\/IsraelVaxRabbiCrop-300x223.jpg 300w, https:\/\/aeronet.cz\/news\/wp-content\/uploads\/IsraelVaxRabbiCrop-768x571.jpg 768w, https:\/\/aeronet.cz\/news\/wp-content\/uploads\/IsraelVaxRabbiCrop-700x520.jpg 700w, https:\/\/aeronet.cz\/news\/wp-content\/uploads\/IsraelVaxRabbiCrop-480x357.jpg 480w, https:\/\/aeronet.cz\/news\/wp-content\/uploads\/IsraelVaxRabbiCrop-650x483.jpg 650w\" alt=\"\" width=\"459\" height=\"341\" \/><\/a><figcaption class=\"wp-caption-text\">Izraelsk\u00e9 seniory za\u010dali na podzim o\u010dkovat proti ch\u0159ipce i koron\u011b soub\u011b\u017en\u011b<\/figcaption><\/figure>\n<p>Zat\u00edmco o\u010dkovan\u00e9 osoby budou dost\u00e1vat spike proteiny a budou \u0161\u00ed\u0159it jak koronu, tak ch\u0159ipku. Tak\u017ee o\u010dkovan\u00e9 osoby budou m\u00edt bu\u0148ky zaplaven\u00e9 rezistory dvou typ\u016f vakc\u00edny, ale jakmile se p\u0159estanou o\u010dkovat, tak onemocn\u00ed bu\u010f z\u00e1palem plic, nebo je postihne srde\u010dn\u00ed p\u0159\u00edhoda.\u00a0<strong>A u neo\u010dkovan\u00fdch bude c\u00edlem p\u0159et\u00ed\u017eit jejich imunitn\u00ed syst\u00e9m, aby se paraleln\u011b nedok\u00e1zal vypo\u0159\u00e1dat s ch\u0159ipkou a koronou.<\/strong><\/p>\n<p>V\u00fdjimkou jsou ale podle v\u0161eho osoby, kter\u00e9 v posledn\u00ed dob\u011b prod\u011blaly ch\u0159ipku i koronu a maj\u00ed tak p\u0159irozen\u00e9 protil\u00e1tky proti ob\u011bma vir\u016fm. Spolu s t\u00edm, jak ale v populaci p\u0159ib\u00fdv\u00e1 o\u010dkovan\u00fdch super-nosi\u010d\u016f korony, tak t\u00edm v\u00edce bude ub\u00fdvat p\u0159irozen\u00e9 imunity mezi neo\u010dkovan\u00fdmi. Bude t\u011b\u017e\u0161\u00ed si udr\u017eet p\u0159irozenou imunitu, proto\u017ee lid\u00e9 budou napad\u00e1ni vypou\u0161t\u011bn\u00fdmi spike proteiny z t\u011bl o\u010dkovan\u00fdch super-nosi\u010d\u016f.\u00a0 Jakmile se v t\u011ble usad\u00ed spike proteiny, mohou zp\u016fsobit ten sam\u00fd z\u00e1n\u011bt myokardu \u010di infarkt, jako u o\u010dkovan\u00fdch osob.<\/p>\n<h6><span style=\"font-size: 14pt;\">Imunitn\u00ed syst\u00e9m pova\u017euje spike proteiny za toxick\u00fd materi\u00e1l, na kter\u00fd imunita \u010dasto reaguje nejvy\u0161\u0161\u00edm stupn\u011bm pohotovosti, kter\u00fd \u010dlov\u011bka m\u016f\u017ee zab\u00edt<\/span><\/h6>\n<p>Pro p\u0159irozen\u00fd imunitn\u00ed syst\u00e9m jsou spike proteiny toxick\u00fdm materi\u00e1lem, kter\u00fd m\u00e1 charakter jedu, se kter\u00fdm si imunitn\u00ed syst\u00e9m neum\u00ed poradit jinak, ne\u017e spu\u0161t\u011bn\u00edm autoimunitn\u00ed reakce, kdy imunitn\u00ed syst\u00e9m za\u010dne \u00fato\u010dit na sv\u00e9 vlastn\u00ed org\u00e1ny, ve kter\u00fdch detekuje p\u0159\u00edtomnost spike protein\u016f.\u00a0<strong>Tento ADE syndrom je \u017eivotu nebezpe\u010dn\u00fd, proto\u017ee se jedn\u00e1 o situaci, kdy imunitn\u00ed syst\u00e9m u\u017e neusiluje o chirurgick\u00e9 odstran\u011bn\u00ed vir\u016f, ale \u00fato\u010d\u00ed na virem zasa\u017een\u00e9 t\u011blesn\u00e9 org\u00e1ny jako na celek.<\/strong><\/p>\n<p>Dalo by se to p\u0159irovnat ke kobercov\u00e9mu bombardov\u00e1n\u00ed zbran\u011bmi hromadn\u00e9ho ni\u010den\u00ed, a to s jedin\u00fdm c\u00edlem, vyml\u00e1tit prostor s nep\u0159\u00edtelem za ka\u017edou cenu, i za cenu obrovsk\u00fdch kolater\u00e1ln\u00edch \u0161kod. A \u010d\u00edm v\u00edce spike protein\u016f se v populaci bude \u0161\u00ed\u0159it s vakcinovan\u00fdmi super-nosi\u010di, t\u00edm v\u00edce bude lidem selh\u00e1vat p\u0159irozen\u00e1 imunita a m\u016f\u017ee se st\u00e1t nakonec i vysoce nebezpe\u010dnou. A p\u0159esn\u011b o to nosat\u00e9 farma lobby jde, aby se lid\u00e9 za\u010dali b\u00e1t sv\u00e9 vlastn\u00ed p\u0159irozen\u00e9 imunity, aby se j\u00ed vzdali a rad\u011bji se vlo\u017eili do rukou komer\u010dn\u00ed imunity, kter\u00e1 ani imunitou nen\u00ed, proto\u017ee jde o rezisten\u010dn\u00ed terapeutika.<\/p>\n<figure id=\"attachment_45193\" class=\"wp-caption aligncenter\" style=\"width: 472px;\"><a href=\"https:\/\/aeronet.cz\/news\/wp-content\/uploads\/ADE_SyndromeChart.png\"><img decoding=\"async\" loading=\"lazy\" class=\"wp-image-45193 \" src=\"https:\/\/aeronet.cz\/news\/wp-content\/uploads\/ADE_SyndromeChart.png\" sizes=\"(max-width: 685px) 100vw, 685px\" srcset=\"https:\/\/aeronet.cz\/news\/wp-content\/uploads\/ADE_SyndromeChart.png 685w, https:\/\/aeronet.cz\/news\/wp-content\/uploads\/ADE_SyndromeChart-300x201.png 300w, https:\/\/aeronet.cz\/news\/wp-content\/uploads\/ADE_SyndromeChart-532x357.png 532w\" alt=\"\" width=\"472\" height=\"317\" \/><\/a><figcaption class=\"wp-caption-text\">Grafick\u00e9 zn\u00e1zorn\u011bn\u00ed vzniku ADE syndromu, kdy makrof\u00e1gy pohlcuj\u00ed spike proteiny bez \u0159\u00e1dn\u00e9 neutralizace, co\u017e vede k tvorb\u011b nov\u00fdch spike protein\u016f v makrof\u00e1gu, k bun\u011b\u010dn\u00e9 smrti a ke spu\u0161t\u011bn\u00ed autoimunitn\u00ed reakce v podob\u011b cytokinov\u00e9 bou\u0159e<\/figcaption><\/figure>\n<p>Jde jim o to, abyste si dobrovoln\u011b nechali ka\u017ed\u00e9 3 m\u011bs\u00edce impregnovat t\u011blo rezistory. Kv\u016fli tomu vyrobili dvojitou n\u00e1kazu \u2013 Fluronu \u2013 v Izraeli. M\u00e1 za \u00fakol zp\u016fsobit p\u0159et\u00ed\u017een\u00ed imunitn\u00edho syst\u00e9mu u neo\u010dkovan\u00fdch osob, a to s c\u00edlem vyvol\u00e1n\u00ed ADE syndromu, aby imunitn\u00ed syst\u00e9m otr\u00e1ven\u00ed organismu spike proteiny vyhodnotil jako stav nejvy\u0161\u0161\u00edho ohro\u017een\u00ed a spustil autoimunitn\u00ed reakci. Lid\u00e9 se potom zd\u011bs\u00ed, uvid\u00ed um\u00edraj\u00edc\u00ed neo\u010dkovan\u00e9 s p\u0159irozenou imunitou a budou se j\u00ed cht\u00edt zbavit.<\/p>\n<p>Tento proces s du\u00e1ln\u00ed infekc\u00ed je naprosto d\u011bsiv\u00fd. Oni vid\u00ed, \u017ee lid\u00e9 se necht\u011bj\u00ed o\u010dkovat, proto\u017ee maj\u00ed p\u0159irozenou imunitu.\u00a0<strong>A tak Flurona m\u00e1 za \u00fakol p\u0159irozenou imunitu p\u0159et\u00ed\u017eit dv\u011bma infekcemi a vyvolat t\u00edm u \u010dlov\u011bka ADE syndrom a mohutnou autoimunitn\u00ed reakci, kter\u00e1 se objevuje u star\u0161\u00edch lid\u00ed s mnoha chorobami a s p\u0159et\u00ed\u017eenou imunitou.<\/strong>\u00a0A kdy\u017e se uk\u00e1\u017ee, \u017ee naka\u017een\u00fdch Fluronou nen\u00ed v re\u00e1lu dost, pot\u0159ebn\u00e1 \u010d\u00edsla naka\u017een\u00fdch se zajist\u00ed op\u011bt, jak jinak, pomoc\u00ed cinknut\u00fdch test\u016f. Jenom tentokr\u00e1t u\u017e se nebude povinn\u011b vaxovat proti jednomu viru, ale proti dv\u011bma. A co to ud\u011bl\u00e1 s p\u0159irozenou imunitou? Necht\u011bjte v\u011bd\u011bt. Tenhle sv\u011bt prost\u011b nen\u00ed pro star\u00fd. Tohle, co se d\u011bje okolo n\u00e1s s c\u00edlem zbavit n\u00e1s p\u0159irozen\u00e9 imunity, to je proces genocidy za b\u00edl\u00e9ho dne. Je to jen ot\u00e1zka \u010dasu, ne\u017e se i v \u010cR a na Slovensku za\u010dne je\u010det, \u017ee je pot\u0159eba plo\u0161n\u011b a povinn\u011b o\u010dkovat lidi proti Fluron\u011b, tedy proti dv\u011bma vir\u016fm.<\/p>\n<p>-VK- \u0160\u00e9fredaktor AE News<\/p>\n<p><a href=\"https:\/\/aeronet.cz\/news\/flurona-soubezne-podzimni-ockovani-proti-chripce-ah-3-a-proti-korone-v-izraeli-zapricinilo-podle-odborniku-desivy-vznik-dual-virove-nakazy-ktera-vykazuje-znamky-virove-patogenni-symbiozy\/\">ZDROJ<\/a><\/p>\n<p>&nbsp;<\/p>\n","protected":false},"excerpt":{"rendered":"<p>Flurona: Soub\u011b\u017en\u00e9 podzimn\u00ed o\u010dkov\u00e1n\u00ed proti ch\u0159ipce AH\/3 a proti koron\u011b v Izraeli zap\u0159\u00ed\u010dinilo podle odborn\u00edk\u016f&#8230;<\/p>\n","protected":false},"author":2,"featured_media":7303,"comment_status":"closed","ping_status":"closed","sticky":false,"template":"","format":"standard","meta":[],"categories":[7],"tags":[1208,23,107,213],"_links":{"self":[{"href":"https:\/\/www.infokuryr.cz\/n\/wp-json\/wp\/v2\/posts\/7302"}],"collection":[{"href":"https:\/\/www.infokuryr.cz\/n\/wp-json\/wp\/v2\/posts"}],"about":[{"href":"https:\/\/www.infokuryr.cz\/n\/wp-json\/wp\/v2\/types\/post"}],"author":[{"embeddable":true,"href":"https:\/\/www.infokuryr.cz\/n\/wp-json\/wp\/v2\/users\/2"}],"replies":[{"embeddable":true,"href":"https:\/\/www.infokuryr.cz\/n\/wp-json\/wp\/v2\/comments?post=7302"}],"version-history":[{"count":0,"href":"https:\/\/www.infokuryr.cz\/n\/wp-json\/wp\/v2\/posts\/7302\/revisions"}],"wp:featuredmedia":[{"embeddable":true,"href":"https:\/\/www.infokuryr.cz\/n\/wp-json\/wp\/v2\/media\/7303"}],"wp:attachment":[{"href":"https:\/\/www.infokuryr.cz\/n\/wp-json\/wp\/v2\/media?parent=7302"}],"wp:term":[{"taxonomy":"category","embeddable":true,"href":"https:\/\/www.infokuryr.cz\/n\/wp-json\/wp\/v2\/categories?post=7302"},{"taxonomy":"post_tag","embeddable":true,"href":"https:\/\/www.infokuryr.cz\/n\/wp-json\/wp\/v2\/tags?post=7302"}],"curies":[{"name":"wp","href":"https:\/\/api.w.org\/{rel}","templated":true}]}}