{"id":7300,"date":"2022-01-04T07:41:07","date_gmt":"2022-01-04T06:41:07","guid":{"rendered":"http:\/\/www.infokuryr.cz\/n\/?p=7300"},"modified":"2022-01-04T07:41:07","modified_gmt":"2022-01-04T06:41:07","slug":"kaufland-dostal-obri-pokutu","status":"publish","type":"post","link":"https:\/\/www.infokuryr.cz\/n\/2022\/01\/04\/kaufland-dostal-obri-pokutu\/","title":{"rendered":"Kaufland dostal ob\u0159\u00ed pokutu"},"content":{"rendered":"<div id=\"fb-root\"><\/div>\n<p>Prezident polsk\u00e9ho \u00da\u0159adu pro hospod\u00e1\u0159skou sout\u011b\u017e a ochranu spot\u0159ebitele ulo\u017eil spole\u010dnosti Kaufland Polska Markety pokutu v p\u0159epo\u010dtu t\u00e9m\u011b\u0159 t\u0159i \u010dtvrt\u011b miliardy korun za nekal\u00e9 vyu\u017eit\u00ed smluvn\u00ed v\u00fdhody a za nespr\u00e1vn\u00e9 ozna\u010dov\u00e1n\u00ed zem\u00ed p\u016fvodu prod\u00e1van\u00e9 zeleniny. Dnes o tom informovala ve\u0159ejnopr\u00e1vn\u00ed informa\u010dn\u00ed stanice TVP info.<\/p>\n<p>P\u0159edseda \u00da\u0159adu pro hospod\u00e1\u0159skou sout\u011b\u017e a ochranu spot\u0159ebitele v pr\u016fb\u011bhu \u0159\u00edzen\u00ed uvedl, \u017ee Kaufland Polska Markety po\u017eadovala po dodavatel\u00edch sn\u00ed\u017een\u00ed ceny zem\u011bd\u011blsk\u00fdch a potravin\u00e1\u0159sk\u00fdch v\u00fdrobk\u016f po jejich prodeji a neopr\u00e1vn\u011bn\u011b vyu\u017eila sv\u00e9 smluvn\u00ed v\u00fdhody. N\u011bkter\u00fdm dodavatel\u016fm zem\u011bd\u011blsk\u00fdch a potravin\u00e1\u0159sk\u00fdch v\u00fdrobk\u016f spole\u010dnost \u00fa\u010dtovala i dal\u0161\u00ed slevy, kter\u00e9 nejsou ve smlouv\u011b stanoveny, uk\u00e1zalo \u0161et\u0159en\u00ed.\u00a0 Pokuta za tyto praktiky je 124 milion\u016f zlot\u00fdch.<\/p>\n<p>\u00da\u0159ad\u00a0\u00a0tak\u00e9 ulo\u017eil pokutu spole\u010dnosti Kaufland Polska Markety ve v\u00fd\u0161i 13,2 milionu zlot\u00fdch za nespr\u00e1vn\u00e9 ozna\u010dov\u00e1n\u00ed zeleniny zem\u00ed p\u016fvodu. Kontroly obchodn\u00ed inspekce zjistily, \u017ee v obchodn\u00edch \u0159et\u011bzc\u00edch systematicky doch\u00e1z\u00ed k situac\u00edm, kdy jsou\u00a0 u zeleniny uv\u00e1d\u011bny nepravdiv\u00e9 \u00fadaje o jejich zem\u011bpisn\u00e9m p\u016fvodu, informoval \u00fa\u0159ad.<\/p>\n<p>P\u0159ipome\u0148me, \u017ee polsk\u00fd \u00da\u0159ad ochrany hospod\u00e1\u0159sk\u00e9 sout\u011b\u017ee loni tak\u00e9\u00a0\u00a0vym\u011b\u0159il obchodn\u00edmu \u0159et\u011bzci Biedronka, ve vlastnictv\u00ed spole\u010dnosti Jeronimo Martins Polska s portugalsk\u00fdmi vlastn\u00edky, pokutu v\u00edce ne\u017e 60 milion\u016f zlot\u00fdch (v p\u0159epo\u010dtu asi\u00a0\u00a0325 milion\u016f korun) \u2013 \u0159et\u011bzec podobn\u011b jako Kaufland uv\u00e1d\u011bl z\u00e1kazn\u00edky v omyl pokud jde o zemi p\u016fvodu ovoce a zeleniny.<\/p>\n<p><a href=\"http:\/\/vasevec.parlamentnilisty.cz\/kaufland-dostal-obri-pokutu\">Jan Urbach<\/a><\/p>\n<p>&nbsp;<\/p>\n","protected":false},"excerpt":{"rendered":"<p>Prezident polsk\u00e9ho \u00da\u0159adu pro hospod\u00e1\u0159skou sout\u011b\u017e a ochranu spot\u0159ebitele ulo\u017eil spole\u010dnosti Kaufland Polska Markety pokutu&#8230;<\/p>\n","protected":false},"author":2,"featured_media":7301,"comment_status":"closed","ping_status":"closed","sticky":false,"template":"","format":"standard","meta":[],"categories":[7],"tags":[1659,1660,31],"_links":{"self":[{"href":"https:\/\/www.infokuryr.cz\/n\/wp-json\/wp\/v2\/posts\/7300"}],"collection":[{"href":"https:\/\/www.infokuryr.cz\/n\/wp-json\/wp\/v2\/posts"}],"about":[{"href":"https:\/\/www.infokuryr.cz\/n\/wp-json\/wp\/v2\/types\/post"}],"author":[{"embeddable":true,"href":"https:\/\/www.infokuryr.cz\/n\/wp-json\/wp\/v2\/users\/2"}],"replies":[{"embeddable":true,"href":"https:\/\/www.infokuryr.cz\/n\/wp-json\/wp\/v2\/comments?post=7300"}],"version-history":[{"count":0,"href":"https:\/\/www.infokuryr.cz\/n\/wp-json\/wp\/v2\/posts\/7300\/revisions"}],"wp:featuredmedia":[{"embeddable":true,"href":"https:\/\/www.infokuryr.cz\/n\/wp-json\/wp\/v2\/media\/7301"}],"wp:attachment":[{"href":"https:\/\/www.infokuryr.cz\/n\/wp-json\/wp\/v2\/media?parent=7300"}],"wp:term":[{"taxonomy":"category","embeddable":true,"href":"https:\/\/www.infokuryr.cz\/n\/wp-json\/wp\/v2\/categories?post=7300"},{"taxonomy":"post_tag","embeddable":true,"href":"https:\/\/www.infokuryr.cz\/n\/wp-json\/wp\/v2\/tags?post=7300"}],"curies":[{"name":"wp","href":"https:\/\/api.w.org\/{rel}","templated":true}]}}