{"id":72984,"date":"2025-02-24T00:22:32","date_gmt":"2025-02-23T23:22:32","guid":{"rendered":"https:\/\/www.infokuryr.cz\/n\/?p=72984"},"modified":"2025-02-23T15:22:50","modified_gmt":"2025-02-23T14:22:50","slug":"zdenek-koudelka-top-sprostota-na-morave","status":"publish","type":"post","link":"https:\/\/www.infokuryr.cz\/n\/2025\/02\/24\/zdenek-koudelka-top-sprostota-na-morave\/","title":{"rendered":"Zden\u011bk Koudelka: TOP sprostota na Morav\u011b"},"content":{"rendered":"<div id=\"fb-root\"><\/div>\n<p><strong>Praktickou politiku TOP 09 na ji\u017en\u00ed Morav\u011b p\u0159edvedl p\u0159edseda Klubu TOP 09 v\u00a0krajsk\u00e9m zastupitelstvu a p\u0159edseda V\u00fdboru Zastupitelstva Jihomoravsk\u00e9ho kraje pro kulturu, pam\u00e1tkovou p\u00e9\u010di, \u017eivotn\u00ed prost\u0159ed\u00ed a cestovn\u00ed ruch Michal Dole\u017eel.<\/strong><\/p>\n<p>\u010clen zastupitelstva Martin \u0158\u00edha za Sta\u010dilo zve\u0159ejnil 16. 2. 2025, 14 h, na sv\u00e9m facebooku text k tomu, \u017ee Donald Trump nehodl\u00e1 p\u0159i jedn\u00e1n\u00ed s\u00a0Ruskem m\u00edt \u00fa\u010dast Evropsk\u00e9 unie. Text m\u011bl formu citac\u00ed v\u00fdrok\u016f Donalda Trumpa z\u00a0CNN a n\u00e1sledn\u011b se pod textem vedla diskuse. Je zde 11 koment\u00e1\u0159\u016f, posledn\u00ed z\u00a0nich Michala Dole\u017eela z\u00a020. 2. 2025, 7.52 h. Komentuj\u00edc\u00ed vyjad\u0159ovali n\u00e1zory na mezin\u00e1rodn\u00ed politiku i to, zda jsou citovan\u00e9 v\u00fdroky, \u00fadajn\u011b z\u00a0CNN, skute\u010dn\u00e9 \u010di nikoli. Nakonec to v\u0161e rozhr\u00e1bl sv\u00fdm koment\u00e1\u0159em Michal Dole\u017eel, kter\u00fd napsal:\u00a0<em>\u201eMartin \u0158\u00edha dezinform\u00e1torsk\u00e1 pi\u010da.\u201c<\/em>.<\/p>\n<p>P\u0159i \u010dten\u00ed Dole\u017eelova koment\u00e1\u0159e jsem si vzpomn\u011bl na v\u00fdrok \u010d\u00ed\u0161n\u00edka, kter\u00e9ho cht\u011bl herec Boleslav Pol\u00edvka jako p\u0159edstavitel pijana vyhodit z\u00a0hospody ve\u00a0filmu Kurvaho\u0161igutentag:\u00a0<em>\u201eNov\u00e1 doba. Host vyhazuje \u010d\u00ed\u0161n\u00edka.\u201c<\/em>. Tak\u00e9 m\u00e1me novou dobu. P\u0159edstavitel kultury Jihomoravsk\u00e9ho kraje p\u00ed\u0161e, jak kdy\u017e te\u010de odpad z\u00a0kan\u00e1lu. Na rozd\u00edl od vl\u00e1dy Petra Fialy, kter\u00e1 iniciovala proti\u00fastavn\u00ed vypnut\u00ed vl\u00e1d\u011b nepohodln\u00fdch web\u016f v\u00a0\u00fanoru 2022, jsem zast\u00e1nce svobody projevu. Tu m\u00e1 Martin \u0158\u00edha i Michal Dole\u017eel. Ov\u0161em ka\u017ed\u00fd m\u00e1 pr\u00e1vo tak\u00e9 jejich slova hodnotit.<\/p>\n<p>Nesleduji projevy koleg\u016f na facebooku, rad\u011bji \u010dtu knihy nebo klasick\u00e9 noviny, ale v\u011bc byla zm\u00edn\u011bna i na porad\u011b p\u0159edsed\u016f zastupitelsk\u00fdch klub\u016f s\u00a0hejtmanem 20. 2. 2025. Dole\u017eel m\u00e1 asi v\u00edce \u010dasu facebook sledovat. Je placen\u00fdm p\u0159edsedou v\u00fdboru za 118\u00a0425 K\u010d m\u011bs\u00ed\u010dn\u011b. V\u00fdbor zased\u00e1 jednou za dva m\u011bs\u00edce. To je dobr\u00e9 obro\u010d\u00ed.<\/p>\n<p>TOP m\u00e1 v\u00a0zastupitelstvu kraje 4 \u010dleny z\u00a065, ale jednoho n\u00e1m\u011bstka hejtmana s\u00a0platem 153\u00a0211 K\u010d m\u011bs\u00ed\u010dn\u011b z\u00a0celkem 4 n\u00e1m\u011bstk\u016f a dva p\u0159edsedy z\u00a010 v\u00fdbor\u016f, by\u0165 druh\u00fd p\u0159edseda nevykon\u00e1v\u00e1 funkci jako sv\u00e9 povol\u00e1n\u00ed a bere jen 12\u00a0180 K\u010d m\u011bs\u00ed\u010dn\u011b. V\u00a0sos\u00e1n\u00ed ve\u0159ejn\u00fdch pen\u011bz TOP sout\u011b\u017e\u00ed s\u00a0pir\u00e1ty v\u00a0Poslaneck\u00e9 sn\u011bmovn\u011b. I proto jsem zast\u00e1nce zru\u0161en\u00ed kraj\u016f a obnoven\u00ed zemsk\u00e9ho z\u0159\u00edzen\u00ed pro \u010cechy a pro Moravu se Slezskem.<\/p>\n<p><a href=\"https:\/\/web.litterate.cz\/top-sprostota-na-morave\/\">Zden\u011bk Koudelka<\/a><\/p>\n<p><img decoding=\"async\" loading=\"lazy\" class=\"alignnone size-full wp-image-6154\" src=\"http:\/\/www.infokuryr.cz\/n\/wp-content\/uploads\/2021\/11\/zdenek-koudelka.jpeg\" alt=\"\" width=\"280\" height=\"210\" \/><\/p>\n<p>&nbsp;<\/p>\n","protected":false},"excerpt":{"rendered":"<p>Praktickou politiku TOP 09 na ji\u017en\u00ed Morav\u011b p\u0159edvedl p\u0159edseda Klubu TOP 09 v\u00a0krajsk\u00e9m zastupitelstvu a&#8230;<\/p>\n","protected":false},"author":2,"featured_media":72985,"comment_status":"closed","ping_status":"closed","sticky":false,"template":"","format":"standard","meta":[],"categories":[6],"tags":[1503,722,122,8631],"_links":{"self":[{"href":"https:\/\/www.infokuryr.cz\/n\/wp-json\/wp\/v2\/posts\/72984"}],"collection":[{"href":"https:\/\/www.infokuryr.cz\/n\/wp-json\/wp\/v2\/posts"}],"about":[{"href":"https:\/\/www.infokuryr.cz\/n\/wp-json\/wp\/v2\/types\/post"}],"author":[{"embeddable":true,"href":"https:\/\/www.infokuryr.cz\/n\/wp-json\/wp\/v2\/users\/2"}],"replies":[{"embeddable":true,"href":"https:\/\/www.infokuryr.cz\/n\/wp-json\/wp\/v2\/comments?post=72984"}],"version-history":[{"count":0,"href":"https:\/\/www.infokuryr.cz\/n\/wp-json\/wp\/v2\/posts\/72984\/revisions"}],"wp:featuredmedia":[{"embeddable":true,"href":"https:\/\/www.infokuryr.cz\/n\/wp-json\/wp\/v2\/media\/72985"}],"wp:attachment":[{"href":"https:\/\/www.infokuryr.cz\/n\/wp-json\/wp\/v2\/media?parent=72984"}],"wp:term":[{"taxonomy":"category","embeddable":true,"href":"https:\/\/www.infokuryr.cz\/n\/wp-json\/wp\/v2\/categories?post=72984"},{"taxonomy":"post_tag","embeddable":true,"href":"https:\/\/www.infokuryr.cz\/n\/wp-json\/wp\/v2\/tags?post=72984"}],"curies":[{"name":"wp","href":"https:\/\/api.w.org\/{rel}","templated":true}]}}