{"id":72939,"date":"2025-02-24T00:11:16","date_gmt":"2025-02-23T23:11:16","guid":{"rendered":"https:\/\/www.infokuryr.cz\/n\/?p=72939"},"modified":"2025-02-23T13:53:05","modified_gmt":"2025-02-23T12:53:05","slug":"thomas-roper-podivne-mlceni-byvalych-prezidentu-k-trumpovym-cinum","status":"publish","type":"post","link":"https:\/\/www.infokuryr.cz\/n\/2025\/02\/24\/thomas-roper-podivne-mlceni-byvalych-prezidentu-k-trumpovym-cinum\/","title":{"rendered":"Thomas R\u00f6per: Podivn\u00e9 ml\u010den\u00ed b\u00fdval\u00fdch prezident\u016f k Trumpov\u00fdm \u010din\u016fm"},"content":{"rendered":"<div id=\"fb-root\"><\/div>\n<p><span style=\"font-size: 14pt;\"><strong>The Hill pouk\u00e1zal na pozoruhodnou skute\u010dnost, \u017ee \u017eij\u00edc\u00ed b\u00fdval\u00ed ameri\u010dt\u00ed prezidenti Clinton, Bush, Obama a Biden od n\u00e1stupu Trumpa do \u00fa\u0159adu t\u00e9m\u011b\u0159 ve\u0159ejn\u011b nepromluvili, p\u0159esto\u017ee p\u0159edt\u00edm tak hlasit\u011b p\u0159ed Trumpem varovali.<\/strong><\/span><\/p>\n<p><span>Joe Biden a b\u00fdval\u00ed ameri\u010dt\u00ed prezidenti Clinton a Obama b\u011bhem p\u0159edvolebn\u00ed kampan\u011b hlasit\u011b varovali p\u0159ed Trumpem. Byl naz\u00fdv\u00e1n \u201efa\u0161istou\u201c a mu\u017eem, kter\u00fd cht\u011bl zru\u0161it americkou demokracii. Po n\u00e1stupu do \u00fa\u0159adu se Trump stal velmi aktivn\u00edm a provedl hlubok\u00e9 \u0161krty v americk\u00e9 byrokracii, nap\u0159\u00edklad zastavil v\u0161echny programy USAID.<\/span><\/p>\n<p><span>Na tomto pozad\u00ed je ml\u010den\u00ed b\u00fdval\u00fdch americk\u00fdch prezident\u016f od Trumpovy inaugurace velmi pozoruhodn\u00e9 a The Hill tomuto t\u00e9matu v\u011bnoval \u010dl\u00e1nek, ke kter\u00e9mu se dostaneme pozd\u011bji.<\/span><\/p>\n<h2 class=\"wp-block-heading\"><span>Bohatstv\u00ed b\u00fdval\u00fdch prezident\u016f USA<\/span><\/h2>\n<p><span>Nejprve v\u00e1m chci p\u0159ipomenout, \u017ee b\u00fdval\u00ed ameri\u010dt\u00ed prezidenti \u0161pinav\u011b bohatnou. \u00dadaje o bohatstv\u00ed Obamov\u00fdch \u010di Clintonov\u00fdch se nehledaj\u00ed snadno a jsou rozporupln\u00e9. Zd\u00e1 se jist\u00e9, \u017ee man\u017eel\u00e9 Clintonovi a Obamovi nashrom\u00e1\u017edili soukrom\u00e9 jm\u011bn\u00ed ve stovk\u00e1ch milion\u016f, p\u0159i\u010dem\u017e Obamovi jsou dokonce pova\u017eov\u00e1ni za bohat\u0161\u00ed ne\u017e Clintonovi.<\/span><\/p>\n<p><span>Krom\u011b toho existuj\u00ed z\u00e1klady otev\u0159en\u00e9 Obamov\u00fdmi a Clintonov\u00fdmi. Podle Wikipedie spravuje Clinton Foundation majetek ve v\u00fd\u0161i t\u00e9m\u011b\u0159 300 milion\u016f dolar\u016f a m\u00e1 2000 zam\u011bstnanc\u016f Obamova nadace dokonce spravuje 430 milion\u016f dolar\u016f.<\/span><\/p>\n<p><span>V pr\u016fb\u011bhu sv\u00e9 pr\u00e1ce jsem uk\u00e1zal mnoho p\u0159\u00edklad\u016f, jak tento z\u00e1kladov\u00fd syst\u00e9m funguje. Nadace iniciuj\u00ed projekty a pot\u00e9 p\u0159esv\u011bd\u010d\u00ed st\u00e1ty (na Z\u00e1pad\u011b), aby tyto projekty podpo\u0159ily spoustou pen\u011bz. Tyto prost\u0159edky, jak jsem podrobn\u011b uk\u00e1zal ve sv\u00e9 knize \u201e\u00a0<\/span><a href=\"https:\/\/www.kopp-verlag.de\/a\/inside-corona?&amp;6=64602475&amp;otpcytokenid=64602475&amp;CS=LB&amp;ref=ppa\"><span>Inside Corona<\/span><\/a><span>\u00a0\u201c na p\u0159\u00edkladu Nadace Billa a Melindy Gatesov\u00fdch, se pak pou\u017e\u00edvaj\u00ed k n\u00e1kupu produkt\u016f od spole\u010dnost\u00ed, ve kter\u00fdch m\u00e1 Gates pod\u00edl, co\u017e znamen\u00e1, \u017ee jeho nadace je pouze prost\u0159edkem, kter\u00fdm zvy\u0161uje svou moc a bohatstv\u00ed p\u0159esm\u011brov\u00e1n\u00edm st\u00e1tn\u00edch pen\u011bz do vlastn\u00ed kapsy. A takto funguj\u00ed v\u0161echny velk\u00e9 nadace na Z\u00e1pad\u011b.<\/span><\/p>\n<p><span>Nen\u00ed d\u016fvod se domn\u00edvat, \u017ee u nadac\u00ed b\u00fdval\u00fdch prezident\u016f by tomu m\u011blo b\u00fdt jinak, tedy \u017ee sv\u00e9 nadace nevyu\u017e\u00edvaj\u00ed ke st\u00e1le bohat\u0161\u00edmu. Na rozd\u00edl od z\u00e1klad\u016f Gatese, Rockefellera, Sorose a dal\u0161\u00edch americk\u00fdch oligarch\u016f jsem z\u00e1klady b\u00fdval\u00fdch prezident\u016f je\u0161t\u011b podrobn\u011b nezkoumal, ale asi bych tak n\u011bkdy m\u011bl ud\u011blat.<\/span><\/p>\n<h2 class=\"wp-block-heading\"><span>Odkud se berou pen\u00edze nadac\u00ed?<\/span><\/h2>\n<p><span>To, co Elon Musk dosud zve\u0159ejnil o machinac\u00edch USAID, ukazuje, \u017ee USAID byla tak\u00e9 jednou z americk\u00fdch agentur, kter\u00e9 \u0161t\u011bd\u0159e sponzorovaly projekty nadac\u00ed. Nep\u0159ekvapilo by m\u011b, kdyby Musk nakonec zve\u0159ejnil, kolik milion\u016f USAID nebo jin\u00e9 americk\u00e9 agentury p\u0159evedly do nadac\u00ed exprezident\u016f nebo na podporu jejich projekt\u016f.<\/span><\/p>\n<p><span>Existuj\u00ed pro to indicie. V roce 2024\u00a0jsem napsal\u00a0<\/span><a href=\"https:\/\/anti-spiegel.ru\/2024\/wie-die-usa-ihre-politik-des-neokolonialismus-umsetzen\/\"><span>\u010dl\u00e1nek o Haiti<\/span><\/a><span>\u00a0a zjistil jsem, \u017ee Clinton je tam velmi aktivn\u00ed a \u017ee jeho nadace na tento \u00fa\u010del z\u00edskala miliony z rozpo\u010dtu USA, ale v boji proti chudob\u011b, co\u017e je ofici\u00e1ln\u00ed stanoven\u00fd c\u00edl nadace, mnoho nedos\u00e1hla.<\/span><\/p>\n<p><span>Chud\u00e9 Haiti m\u00e1 v\u0161ak velk\u00e9 z\u00e1soby zlata a je domovem jednoho z nejv\u011bt\u0161\u00edch zlat\u00fdch dol\u016f v Karibiku. Bratr Hillary Clintonov\u00e9 Tony Rodham, kter\u00fd zem\u0159el v roce 2019, se zab\u00fdval t\u011b\u017ebou zlata a v roce 2013 se stal \u010dlenem p\u0159edstavenstva spole\u010dnosti, kter\u00e1 d\u016fl vlastn\u00ed, zat\u00edmco Clintonova nadace m\u011bla vliv na Haiti.<\/span><\/p>\n<p><span>To je jen jeden p\u0159\u00edklad, na kter\u00fd jsem n\u00e1hodou narazil, ale dokazuje, \u017ee \u010dinnost nadac\u00ed m\u00e1 v\u017edy \u010dist\u011b n\u00e1hodnou bl\u00edzkost k projekt\u016fm, na kter\u00fdch zakladatel\u00e9 nadac\u00ed nebo jejich p\u0159\u00edbuzn\u00ed vyd\u011bl\u00e1vaj\u00ed nemal\u00e9 pen\u00edze.<\/span><\/p>\n<p><span>To je samoz\u0159ejm\u011b jen moje teorie, ale ml\u010den\u00ed b\u00fdval\u00fdch americk\u00fdch prezident\u016f m\u016f\u017ee m\u00edt n\u011bco spole\u010dn\u00e9ho s jejich obavou, \u017ee by Trump mohl prozradit, jak po sv\u00e9m prezidentov\u00e1n\u00ed nashrom\u00e1\u017edili stovky milion\u016f dolar\u016f bohatstv\u00ed na \u00fakor americk\u00e9ho st\u00e1tu.<\/span><\/p>\n<p><span>The Hill se t\u00edmto aspektem ot\u00e1zky nezab\u00fdv\u00e1, ale p\u0159edkl\u00e1d\u00e1 dal\u0161\u00ed mo\u017en\u00e1 vysv\u011btlen\u00ed n\u00e1padn\u00e9ho ml\u010den\u00ed b\u00fdval\u00fdch prezident\u016f. Nechci v\u00e1m to zatajovat a p\u0159elo\u017eil jsem\u00a0<\/span><a href=\"https:\/\/thehill.com\/homenews\/administration\/5153858-former-presidents-trump-actions\/\"><span>\u010dl\u00e1nek<\/span><\/a><span>\u00a0z The Hill.<\/span><\/p>\n<p><em><strong>Za\u010d\u00e1tek p\u0159ekladu:<\/strong><\/em><\/p>\n<h2 class=\"wp-block-heading\"><span>Ml\u010den\u00ed b\u00fdval\u00fdch prezident\u016f o Trumpovi n\u011bkter\u00e9 demokraty d\u011bs\u00ed<\/span><\/h2>\n<p><span>B\u00fdval\u00ed prezidenti Clinton, Obama, Biden a George W. Bush sotva \u0159ekli slovo o \u010dinech prezidenta Trumpa m\u011bs\u00edc po jeho druh\u00e9m funk\u010dn\u00edm obdob\u00ed, ke zd\u011b\u0161en\u00ed demokratick\u00fdch kritik\u016f, kte\u0159\u00ed tvrd\u00ed, \u017ee jejich hlasy jsou zoufale pot\u0159eba.<\/span><\/p>\n<p><span>Ti, kte\u0159\u00ed vyz\u00fdvaj\u00ed b\u00fdval\u00e9 prezidenty, aby promluvili, \u0159\u00edkaj\u00ed, \u017ee Trumpovy \u010diny a mo\u017enost, \u017ee se bude vyh\u00fdbat soudn\u00edm p\u0159\u00edkaz\u016fm, by m\u011bly slou\u017eit jako varovn\u00e9 znamen\u00ed pro b\u00fdval\u00e9 obyvatele Ov\u00e1ln\u00e9 pracovny.<\/span><\/p>\n<p><span>\u201eNikdo nev\u00ed v\u00edc o tom, jak d\u016fle\u017eit\u00e9 je, aby na\u0161i prezidenti respektovali odd\u011blen\u00ed pravomoc\u00ed a byli zdr\u017eenliv\u00ed, ne\u017e b\u00fdval\u00ed prezidenti,\u201c \u0159ekl demokratick\u00fd strat\u00e9g Joel Payne. &#8222;Vzhledem k tomu, \u017ee Trump st\u00e1le dr\u017e\u00ed moc, budou tyto hlasy a pohledy na\u0161ich b\u00fdval\u00fdch prezident\u016f v tuto chv\u00edli pro ve\u0159ejn\u00fd diskurz z\u00e1sadn\u00ed.&#8220;<\/span><\/p>\n<p><span>&#8222;Nev\u00edm, na co \u010dekaj\u00ed,&#8220; \u0159ekl b\u00fdval\u00fd vysok\u00fd Obam\u016fv poradce. \u201eNep\u0159i\u0161el \u010das, pokud Trump bude ignorovat soudn\u00ed rozhodnut\u00ed. Te\u010f je \u010das.&#8220;<\/span><\/p>\n<p><span>Trump\u016fv prvn\u00ed m\u011bs\u00edc v \u00fa\u0159adu byl v\u00edr aktivit, kdy\u017e se pokusil drasticky sn\u00ed\u017eit po\u010det feder\u00e1ln\u00edch zam\u011bstnanc\u016f a z\u00e1rove\u0148 umo\u017enil ministerstvu vl\u00e1dn\u00ed efektivity (DOGE) pod veden\u00edm Elona Muska p\u0159\u00edstup k citliv\u00fdm vl\u00e1dn\u00edm platebn\u00edm syst\u00e9m\u016fm. Tak\u00e9 se sna\u017eil zm\u011bnit prvorozenstv\u00ed a drasticky sn\u00ed\u017eit feder\u00e1ln\u00ed v\u00fddaje.<\/span><\/p>\n<p><span>Clintonov\u00e1, Biden a Obama opakovan\u011b varovali p\u0159ed riziky pro n\u00e1rod, pokud by byl Trump znovu zvolen.<\/span><\/p>\n<p><span>Biden \u2013 kter\u00fd \u0159ekl, \u017ee se rozhodl kandidovat v roce 2020, proto\u017ee byla v s\u00e1zce demokracie \u2013 varoval dny p\u0159ed odchodem z \u00fa\u0159adu p\u0159ed hrozbou, kterou by p\u0159edstavovala druh\u00e1 Trumpova administrativa.<\/span><\/p>\n<p><span>V Bidenov\u011b projevu na rozlou\u010denou, jen p\u00e1r dn\u00ed p\u0159ed Trumpov\u00fdm n\u00e1vratem do \u00fa\u0159adu, Biden varoval p\u0159ed oligarchi\u00ed, kter\u00e1 \u201ese v Americe formuje, p\u0159ed extr\u00e9mn\u00edm bohatstv\u00edm, moc\u00ed a vlivem, kter\u00e9 doslova ohro\u017euj\u00ed celou na\u0161i demokracii, na\u0161e z\u00e1kladn\u00ed pr\u00e1va a svobody, a spravedlivou \u0161anci pro ka\u017ed\u00e9ho dostat se dop\u0159edu\u201c. Sl\u00edbil, \u017ee z\u016fstane \u201eoddan\u00fd\u201c.<\/span><\/p>\n<p><span>Od t\u00e9 doby, co Obama v roce 2017 opustil \u00fa\u0159ad a p\u0159edal \u0161tafetu Trumpovi, tak\u00e9 \u010dasto mluvil o demokracii.<\/span><\/p>\n<p><span>V prosinci, m\u011bs\u00edc po volb\u00e1ch v roce 2024, Obama obnovil svou v\u00fdzvu k pluralismu \u2013 hled\u00e1n\u00ed zp\u016fsobu, jak \u017e\u00edt spole\u010dn\u011b s r\u016fzn\u00fdmi jednotlivci a skupinami \u2013 a hovo\u0159il o tom, co je v s\u00e1zce, ani\u017e by zm\u00ednil Trumpovo jm\u00e9no.<\/span><\/p>\n<p><span>&#8222;Proto\u017ee alternativou je to, co jsme vid\u011bli zde ve Spojen\u00fdch st\u00e1tech a v mnoha demokraci\u00edch po cel\u00e9m sv\u011bt\u011b,&#8220; \u0159ekl Obama na sv\u00e9m ka\u017edoro\u010dn\u00edm f\u00f3ru k t\u00e9to ot\u00e1zce. \u201eNejen dal\u0161\u00ed stagnace a ve\u0159ejn\u00fd cynismus, ale rostouc\u00ed ochota politik\u016f a jejich p\u0159\u00edznivc\u016f poru\u0161ovat demokratick\u00e9 normy, d\u011blat v\u0161e, co je t\u0159eba, aby prosadili svou v\u016fli, vyu\u017e\u00edt st\u00e1tn\u00ed moc k c\u00edlen\u00ed na kritiky, novin\u00e1\u0159e a politick\u00e9 rivaly, a dokonce se uch\u00fdlit k n\u00e1sil\u00ed, aby z\u00edskali a udr\u017eeli si moc.<\/span><\/p>\n<p><span>&#8222;Tento film jsme vid\u011bli mnohokr\u00e1t,&#8220; \u0159ekl a dodal, \u017ee by &#8222;nep\u0159edst\u00edral, \u017ee existuj\u00ed snadn\u00e9 odpov\u011bdi.&#8220;<\/span><\/p>\n<p><span>Od 20. ledna v\u0161ak b\u00fdval\u00ed prezidenti z velk\u00e9 \u010d\u00e1sti ml\u010deli.<\/span><\/p>\n<p><span>Kdy\u017e Trump za\u010d\u00e1tkem tohoto m\u011bs\u00edce ozn\u00e1mil, \u017ee uzav\u0159e Americkou agenturu pro mezin\u00e1rodn\u00ed rozvoj (USAID), Obama pou\u017eil platformu soci\u00e1ln\u00edch m\u00e9di\u00ed X, aby zv\u00fd\u0161il sv\u016fj hlas a napojil se na op-ed v New York Times.<\/span><\/p>\n<p><span>&#8222;USAID bojuje s nemocemi, krm\u00ed d\u011bti a podporuje dobrou v\u016fli po cel\u00e9m sv\u011bt\u011b u\u017e \u0161est desetilet\u00ed,&#8220; napsal Obama v p\u0159\u00edsp\u011bvku. &#8222;Jak je z\u0159ejm\u00e9 z tohoto \u010dl\u00e1nku, zru\u0161en\u00ed t\u00e9to agentury by bylo v\u00e1\u017enou chybou zahrani\u010dn\u00ed politiky.&#8220;<\/span><\/p>\n<p><span>&#8222;Kongres by m\u011bl vzdorovat,&#8220; dodal Obama.<\/span><\/p>\n<p><span>Jin\u00ed b\u00fdval\u00ed prezidenti se p\u0159esto vyh\u00fdbaj\u00ed koment\u00e1\u0159\u016fm k Trumpovu jedn\u00e1n\u00ed.<\/span><\/p>\n<p><span>N\u011bkte\u0159\u00ed \u0159\u00edkaj\u00ed, \u017ee Bush m\u00e1 jako republik\u00e1n nejsiln\u011bj\u0161\u00ed hlas, ale v pr\u016fb\u011bhu let si dal za c\u00edl nikdy \u201ene\u0161l\u00e1pnout na prsty\u201c \u00fa\u0159aduj\u00edc\u00edmu prezidentovi, jak to vyj\u00e1d\u0159il jeden b\u00fdval\u00fd Bush\u016fv poradce.<\/span><\/p>\n<p><span>&#8222;Je to z \u00facty k \u00fa\u0159adu,&#8220; \u0159ekl b\u00fdval\u00fd Bush\u016fv poradce. &#8222;Prost\u011b to nen\u00ed jeho styl.&#8220;<\/span><\/p>\n<p><span>Obecn\u011b se b\u00fdval\u00ed prezidenti zdr\u00e1haj\u00ed ve\u0159ejn\u011b kritizovat \u010diny sv\u00fdch n\u00e1stupc\u016f, alespo\u0148 mimo volebn\u00ed obdob\u00ed. Trump byl v\u00fdraznou v\u00fdjimkou b\u011bhem \u010dty\u0159 let, kdy byl mimo \u00fa\u0159ad.<\/span><\/p>\n<p><span>Demokratick\u00e1 strat\u00e9gka Lynda Tran v tomto smyslu \u0159ekla: \u201eV dob\u011b Trumpa je d\u016fle\u017eit\u011bj\u0161\u00ed ne\u017e kdy jindy, abychom respektovali a dodr\u017eovali dlouhodob\u00e9 tradice\u201c, abychom se vyhnuli debat\u00e1m se sou\u010dasn\u00fdm v\u016fdcem zem\u011b.<\/span><\/p>\n<p><span>&#8222;M\u011bli bychom m\u00edt d\u016fv\u011bru v ostatn\u00ed slo\u017eky vl\u00e1dy &#8211; a v hnut\u00ed advokacie a spravedlnosti &#8211; abychom v p\u0159\u00edpad\u011b pot\u0159eby podnikli kroky k odporu.&#8220;<\/span><\/p>\n<p><span>Susan Del Percio, zku\u0161en\u00e1 republik\u00e1nsk\u00e1 strat\u00e9gka, kter\u00e1 Trumpa nepodporuje, \u0159ekla, \u017ee by bylo marn\u00e9, kdyby b\u00fdval\u00ed prezidenti proti n\u011bmu vystupovali.<\/span><\/p>\n<p><span>&#8222;Nemohou a oni to v\u011bd\u00ed,&#8220; \u0159ekl Del Percio. \u201ePokud pozvednou hlas, Trump je jen sraz\u00ed dol\u016f. Pokud promluv\u00ed, bude to pro historick\u00e9 knihy a nebude to m\u00edt vliv na sou\u010dasn\u00e9 Trumpovo prezidentstv\u00ed.<\/span><\/p>\n<p><span>\u201eNikdo te\u010f nem\u016f\u017ee ovlivnit Trumpa, proto\u017ee ho nezaj\u00edm\u00e1, co si mysl\u00ed ostatn\u00ed,\u201c pokra\u010doval Del Percio. &#8222;Vzhledem k jeho \u010din\u016fm se mi zd\u00e1, \u017ee to v\u00ed nejl\u00e9pe.&#8220;<\/span><\/p>\n<p><span>&#8222;Nen\u00ed tam \u017e\u00e1dn\u00fd vliv,&#8220; dodala. \u201eTito prezidenti to v\u011bd\u00ed; pokud v\u016fbec n\u011bco, ch\u00e1pou s\u00edlu prezidenta l\u00e9pe ne\u017e kdokoli jin\u00fd.\u201c<\/span><\/p>\n<p><em><strong>konec p\u0159ekladu<\/strong><\/em><\/p>\n<p><a href=\"https:\/\/anti-spiegel.ru\/2025\/das-merkwuerdige-schweigen-der-ex-praesidenten-zu-trumps-aktionen\/\">Thomas R\u00f6per<\/a><\/p>\n<p><img decoding=\"async\" loading=\"lazy\" class=\"alignnone  wp-image-22016\" src=\"http:\/\/www.infokuryr.cz\/n\/wp-content\/uploads\/2023\/01\/Thomas-Roper-298x300.jpg\" alt=\"\" width=\"148\" height=\"149\" srcset=\"https:\/\/www.infokuryr.cz\/n\/wp-content\/uploads\/2023\/01\/Thomas-Roper-298x300.jpg 298w, https:\/\/www.infokuryr.cz\/n\/wp-content\/uploads\/2023\/01\/Thomas-Roper-150x150.jpg 150w, https:\/\/www.infokuryr.cz\/n\/wp-content\/uploads\/2023\/01\/Thomas-Roper.jpg 596w\" sizes=\"(max-width: 148px) 100vw, 148px\" \/><\/p>\n<p>&nbsp;<\/p>\n","protected":false},"excerpt":{"rendered":"<p>The Hill pouk\u00e1zal na pozoruhodnou skute\u010dnost, \u017ee \u017eij\u00edc\u00ed b\u00fdval\u00ed ameri\u010dt\u00ed prezidenti Clinton, Bush, Obama a&#8230;<\/p>\n","protected":false},"author":2,"featured_media":72940,"comment_status":"closed","ping_status":"closed","sticky":false,"template":"","format":"standard","meta":[],"categories":[7],"tags":[1503,2091,452,37],"_links":{"self":[{"href":"https:\/\/www.infokuryr.cz\/n\/wp-json\/wp\/v2\/posts\/72939"}],"collection":[{"href":"https:\/\/www.infokuryr.cz\/n\/wp-json\/wp\/v2\/posts"}],"about":[{"href":"https:\/\/www.infokuryr.cz\/n\/wp-json\/wp\/v2\/types\/post"}],"author":[{"embeddable":true,"href":"https:\/\/www.infokuryr.cz\/n\/wp-json\/wp\/v2\/users\/2"}],"replies":[{"embeddable":true,"href":"https:\/\/www.infokuryr.cz\/n\/wp-json\/wp\/v2\/comments?post=72939"}],"version-history":[{"count":0,"href":"https:\/\/www.infokuryr.cz\/n\/wp-json\/wp\/v2\/posts\/72939\/revisions"}],"wp:featuredmedia":[{"embeddable":true,"href":"https:\/\/www.infokuryr.cz\/n\/wp-json\/wp\/v2\/media\/72940"}],"wp:attachment":[{"href":"https:\/\/www.infokuryr.cz\/n\/wp-json\/wp\/v2\/media?parent=72939"}],"wp:term":[{"taxonomy":"category","embeddable":true,"href":"https:\/\/www.infokuryr.cz\/n\/wp-json\/wp\/v2\/categories?post=72939"},{"taxonomy":"post_tag","embeddable":true,"href":"https:\/\/www.infokuryr.cz\/n\/wp-json\/wp\/v2\/tags?post=72939"}],"curies":[{"name":"wp","href":"https:\/\/api.w.org\/{rel}","templated":true}]}}