{"id":72926,"date":"2025-02-23T05:00:29","date_gmt":"2025-02-23T04:00:29","guid":{"rendered":"https:\/\/www.infokuryr.cz\/n\/?p=72926"},"modified":"2025-02-23T05:00:29","modified_gmt":"2025-02-23T04:00:29","slug":"papez-v-nemocnici-gemelli-dnes-rano-respiracni-krize","status":"publish","type":"post","link":"https:\/\/www.infokuryr.cz\/n\/2025\/02\/23\/papez-v-nemocnici-gemelli-dnes-rano-respiracni-krize\/","title":{"rendered":"Pape\u017e v nemocnici Gemelli: dnes r\u00e1no respira\u010dn\u00ed krize"},"content":{"rendered":"<div id=\"fb-root\"><\/div>\n<p><span style=\"font-size: 18pt;\"><strong>Franti\u0161ek, a\u010dkoli m\u011bl v\u011bt\u0161\u00ed bolesti, str\u00e1vil den v k\u0159esle. Bylo t\u0159eba krevn\u00edch transfuz\u00ed, progn\u00f3za nejist\u00e1<\/strong><\/span><\/p>\n<p><i>P\u0159in\u00e1\u0161\u00edme sd\u011blen\u00ed Tiskov\u00e9ho st\u0159ediska Svat\u00e9ho stolce, zve\u0159ejn\u011bn\u00e9 v\u00a0sobotu 22. \u00fanora ve\u010der:<\/i><\/p>\n<p>Stav Svat\u00e9ho otce je nad\u00e1le kritick\u00fd, tud\u00ed\u017e, jak bylo v\u010dera vysv\u011btleno, pape\u017e nen\u00ed mimo nebezpe\u010d\u00ed.<\/p>\n<p>Dnes r\u00e1no se u pape\u017ee Franti\u0161ka projevila d\u00e9letrvaj\u00edc\u00ed astmatick\u00e1 respira\u010dn\u00ed krize, kter\u00e1 si rovn\u011b\u017e vy\u017e\u00e1dala aplikaci vysokopr\u016ftokov\u00e9ho kysl\u00edku.<\/p>\n<p>Dne\u0161n\u00ed krevn\u00ed testy nav\u00edc prok\u00e1zaly trombocytopenii\u00a0spojenou s an\u00e9mi\u00ed, kter\u00e1 si vy\u017e\u00e1dala pod\u00e1n\u00ed hemotransfuz\u00ed.<\/p>\n<p>Svat\u00fd otec je nad\u00e1le bd\u011bl\u00fd a den str\u00e1vil v k\u0159esle, i kdy\u017e s v\u011bt\u0161\u00edmi bolestmi ne\u017e v\u010dera. Progn\u00f3za je v tuto chv\u00edli nejist\u00e1.<\/p>\n<h3><span style=\"font-size: 18pt;\"><b>Pape\u017e nepovede ned\u011bln\u00ed mari\u00e1nskou modlitbu<\/b><\/span><\/h3>\n<p>Svat\u00fd stolec rovn\u011b\u017e v\u00a0sobotu 22. \u00fanora odpoledne sd\u011blil, \u017ee pape\u017e nepovede modlitbu And\u011bl P\u00e1n\u011b v\u00a0ned\u011bli 23. \u00fanora, ale text jeho katecheze bude zve\u0159ejn\u011bn, stejn\u011b jako minulou ned\u011bli.<\/p>\n<p>P\u0159ed mari\u00e1nskou modlitbou je v bazilice svat\u00e9ho Petra v 9 hodin napl\u00e1nov\u00e1na m\u0161e svat\u00e1 s j\u00e1hensk\u00fdmi sv\u011bcen\u00edmi u p\u0159\u00edle\u017eitosti Jubilea st\u00e1l\u00fdch j\u00e1hn\u016f. Podle informac\u00ed Tiskov\u00e9ho \u00fa\u0159adu Svat\u00e9ho stolce bude jej\u00edm hlavn\u00edm celebrantem arcibiskup Rino Fisichella &#8211; viceprefekt Dikasteria pro evangelizaci, Sekce pro z\u00e1kladn\u00ed ot\u00e1zky evangelizace ve sv\u011bt\u011b -, kter\u00fd p\u0159e\u010dte text homilie p\u0159ipraven\u00fd pape\u017eem Franti\u0161kem pro tuto p\u0159\u00edle\u017eitost.<\/p>\n<p><img decoding=\"async\" loading=\"lazy\" class=\"alignnone size-full wp-image-71983\" src=\"http:\/\/www.infokuryr.cz\/n\/wp-content\/uploads\/2025\/02\/aaa.jpg\" alt=\"\" width=\"89\" height=\"23\" \/><\/p>\n<p>&nbsp;<\/p>\n","protected":false},"excerpt":{"rendered":"<p>Franti\u0161ek, a\u010dkoli m\u011bl v\u011bt\u0161\u00ed bolesti, str\u00e1vil den v k\u0159esle. Bylo t\u0159eba krevn\u00edch transfuz\u00ed, progn\u00f3za nejist\u00e1&#8230;<\/p>\n","protected":false},"author":2,"featured_media":4926,"comment_status":"closed","ping_status":"closed","sticky":false,"template":"","format":"standard","meta":[],"categories":[7],"tags":[752,629,254,331],"_links":{"self":[{"href":"https:\/\/www.infokuryr.cz\/n\/wp-json\/wp\/v2\/posts\/72926"}],"collection":[{"href":"https:\/\/www.infokuryr.cz\/n\/wp-json\/wp\/v2\/posts"}],"about":[{"href":"https:\/\/www.infokuryr.cz\/n\/wp-json\/wp\/v2\/types\/post"}],"author":[{"embeddable":true,"href":"https:\/\/www.infokuryr.cz\/n\/wp-json\/wp\/v2\/users\/2"}],"replies":[{"embeddable":true,"href":"https:\/\/www.infokuryr.cz\/n\/wp-json\/wp\/v2\/comments?post=72926"}],"version-history":[{"count":0,"href":"https:\/\/www.infokuryr.cz\/n\/wp-json\/wp\/v2\/posts\/72926\/revisions"}],"wp:featuredmedia":[{"embeddable":true,"href":"https:\/\/www.infokuryr.cz\/n\/wp-json\/wp\/v2\/media\/4926"}],"wp:attachment":[{"href":"https:\/\/www.infokuryr.cz\/n\/wp-json\/wp\/v2\/media?parent=72926"}],"wp:term":[{"taxonomy":"category","embeddable":true,"href":"https:\/\/www.infokuryr.cz\/n\/wp-json\/wp\/v2\/categories?post=72926"},{"taxonomy":"post_tag","embeddable":true,"href":"https:\/\/www.infokuryr.cz\/n\/wp-json\/wp\/v2\/tags?post=72926"}],"curies":[{"name":"wp","href":"https:\/\/api.w.org\/{rel}","templated":true}]}}