{"id":72909,"date":"2025-02-23T00:24:42","date_gmt":"2025-02-22T23:24:42","guid":{"rendered":"https:\/\/www.infokuryr.cz\/n\/?p=72909"},"modified":"2025-02-22T14:56:29","modified_gmt":"2025-02-22T13:56:29","slug":"gazane-tvrdi-ze-izraelske-porusovani-primeri-ma-zpusobit-masove-vyhaneni","status":"publish","type":"post","link":"https:\/\/www.infokuryr.cz\/n\/2025\/02\/23\/gazane-tvrdi-ze-izraelske-porusovani-primeri-ma-zpusobit-masove-vyhaneni\/","title":{"rendered":"Gazan\u00e9 tvrd\u00ed, \u017ee izraelsk\u00e9 poru\u0161ov\u00e1n\u00ed p\u0159\u00edm\u011b\u0159\u00ed m\u00e1 zp\u016fsobit masov\u00e9 vyh\u00e1n\u011bn\u00ed"},"content":{"rendered":"<div id=\"fb-root\"><\/div>\n<p><span style=\"font-size: 14pt;\"><strong>Palestinci v Gaze \u0159\u00edkaj\u00ed, \u017ee Izrael poru\u0161uje humanit\u00e1rn\u00ed dohody o p\u0159\u00edm\u011b\u0159\u00ed, aby je donutil opustit svou vlast.\u00a0<\/strong><\/span><\/p>\n<p><span>I kdy\u017e p\u0159\u00edm\u011b\u0159\u00ed za\u010dalo p\u0159ed v\u00edce ne\u017e m\u011bs\u00edcem, Izrael st\u00e1le pracuje na tom, aby se Gaza stala neobyvatelnou.<\/span><\/p>\n<p><span>V pond\u011bl\u00ed \u00da\u0159ad vl\u00e1dy Gazy pro m\u00e9dia uvedl, \u017ee bylo vpu\u0161t\u011bno pouze 30 % z\u00e1sob, kter\u00e9 se m\u011bly dostat do p\u00e1sma v souladu s dohodou o p\u0159\u00edm\u011b\u0159\u00ed. Podle dohody m\u00e1 Izrael vpustit denn\u011b 600 kamion\u016f pomoci, v\u010detn\u011b 50 kamion\u016f paliva, a celkem 200 000 stan\u016f a 60 000 mobiln\u00edch dom\u016f prvn\u00ed f\u00e1ze p\u0159\u00edm\u011b\u0159\u00ed. Vl\u00e1dn\u00ed \u00fa\u0159ad pro m\u00e9dia uvedl, \u017ee Izrael vpustil pouze 8 500 kamion\u016f z celkov\u00fdch 12 000 (v severn\u00ed Gaze pouze 2 916 m\u00edsto 6 000), m\u00e9n\u011b ne\u017e polovinu zam\u00fd\u0161len\u00e9ho po\u010dtu stan\u016f a jen hrstku mobiln\u00edch dom\u016f.\u00a0<\/span><\/p>\n<p><span>Praktick\u00fdm v\u00fdsledkem t\u00e9to politiky je, \u017ee bez humanit\u00e1rn\u00ed pomoci stanoven\u00e9 v dohod\u011b o p\u0159\u00edm\u011b\u0159\u00ed z\u016fst\u00e1v\u00e1 Gaza neobyvateln\u00e1. To p\u0159im\u011blo n\u011bkter\u00e9 Palestince zv\u00e1\u017eit odchod z Gazy, dokud se nebudou moci vr\u00e1tit. Od za\u010d\u00e1tku v\u00e1lky ji\u017e do Egypta uprchly statis\u00edce a mnoho dal\u0161\u00edch se k nim hled\u00e1 p\u0159ipojit. Jin\u00ed v\u0161ak p\u0159\u00edsahaj\u00ed, \u017ee Gazu neopust\u00ed, a\u0165 se d\u011bje cokoliv.<\/span><\/p>\n<h2 class=\"wp-block-heading\"><span>&#8222;Na tom nen\u00ed nic dobrovoln\u00e9ho&#8220;<\/span><\/h2>\n<p><span>V \u0159\u00edjnu 2023 bylo p\u016fvodn\u00edm c\u00edlem Izraele pro v\u00e1lku\u00a0<\/span><a href=\"https:\/\/mondoweiss.net\/2023\/10\/israeli-think-tank-lays-out-a-blueprint-for-the-complete-ethnic-cleansing-of-gaza\/\"><span>vytla\u010dit Palestince na Sinaj<\/span><\/a><span>\u00a0pod z\u00e1minkou poskytnut\u00ed \u201ehumanit\u00e1rn\u00edho koridoru\u201c pro civiln\u00ed obyvatelstvo. Pot\u00e9, co se Egypt odm\u00edtl pod\u00edlet na pl\u00e1nu, se do centra pozornosti dostala genocidn\u00ed povaha izraelsk\u00e9 v\u00e1lky.<\/span><\/p>\n<p><span>Ale i pot\u00e9, co vstoupilo v platnost p\u0159\u00edm\u011b\u0159\u00ed, se Izrael\u00a0<\/span><a href=\"https:\/\/mondoweiss.net\/2025\/02\/senior-hamas-leader-says-israeli-ceasefire-violations-aim-to-continue-genocide-through-other-means\/\"><span>sna\u017eil pokra\u010dovat ve v\u00e1lce jin\u00fdmi prost\u0159edky<\/span><\/a><span>\u00a0, z\u00e1m\u011brn\u011b zdr\u017eoval dod\u00e1vky humanit\u00e1rn\u00ed pomoci \u2013 v rozporu s podm\u00ednkami p\u0159\u00edm\u011b\u0159\u00ed \u2013 aby udr\u017eely \u017eivotn\u00ed podm\u00ednky v Gaze nesnesiteln\u00e9. C\u00edl t\u00e9to strategie je jasn\u00fd: p\u0159im\u011bt Palestince, aby opustili svou vlast nebo zem\u0159eli. B\u011b\u017en\u011b pou\u017e\u00edvan\u00fd eufemismus pro tento proces je \u201edobrovoln\u00e1 emigrace\u201c.<\/span><\/p>\n<p><span>Pr\u00e1v\u011b to vedlo Ham\u00e1s k\u00a0<\/span><a href=\"https:\/\/mondoweiss.net\/2025\/02\/hamas-suspends-releasing-israeli-captives-over-israeli-breach-of-ceasefire-terms\/\"><span>pozastaven\u00ed zam\u00fd\u0161len\u00e9ho propou\u0161t\u011bn\u00ed<\/span><\/a><span>\u00a0izraelsk\u00fdch zajatc\u016f minul\u00fd t\u00fdden s odvol\u00e1n\u00edm na systematick\u00e9 poru\u0161ov\u00e1n\u00ed humanit\u00e1rn\u00edch protokol\u016f p\u0159\u00edm\u011b\u0159\u00ed Izraelem. Pot\u00e9, co dostal od zprost\u0159edkovatel\u016f uji\u0161t\u011bn\u00ed, \u017ee Izrael za\u010dne pro odkl\u00edzen\u00ed sutin propou\u0161t\u011bt stany, mobiln\u00ed domy a t\u011b\u017ekou techniku, p\u0159istoupil Ham\u00e1s k propu\u0161t\u011bn\u00ed zajatc\u016f podle pl\u00e1nu. Od t\u00e9 doby v\u0161ak objem pomoci, kterou Izrael povolil vstoupit, nezaznamenal podstatn\u00fd n\u00e1r\u016fst.<\/span><\/p>\n<p><span>Ihab Salama, 63, otec t\u0159\u00ed d\u011bt\u00ed, se ned\u00e1vno se svou rodinou vr\u00e1til do sv\u00e9ho domu ve m\u011bst\u011b Gaza. Izraelsk\u00e1 arm\u00e1da zni\u010dila jeho d\u016fm, a tak si pronajal nov\u00e9 m\u00edsto ve m\u011bst\u011b, aby z\u016fstal. B\u011bhem posledn\u00edch n\u011bkolika m\u011bs\u00edc\u016f se sna\u017eil do\u010dasn\u011b dostat z Gazy, ale nemohl kv\u016fli uzav\u0159en\u00ed p\u0159echodu Raf\u00e1h s Egyptem od kv\u011btna 2024.<\/span><\/p>\n<p><span>&#8222;Chci odej\u00edt, ale nen\u00ed na tom nic dobrovoln\u00e9ho,&#8220; \u0159ekl Salama\u00a0<\/span><em><span>Mondoweiss<\/span><\/em><span>\u00a0. &#8222;Izrael n\u00e1s nut\u00ed odej\u00edt.&#8220; Jeho arm\u00e1da v\u0161echno zni\u010dila. Nejsou tu \u017e\u00e1dn\u00e9 \u0161koly pro moje d\u011bti, \u017e\u00e1dn\u00e9 nemocnice, ka\u017ed\u00fd den bojujeme o vodu. Nen\u00ed tam elekt\u0159ina. Ale hlavn\u011b nev\u00edme, kdy se na\u0161e domovy do\u010dkaj\u00ed p\u0159estavby. Kdo chce, aby jeho rodina \u017eila a trp\u011bla v takov\u00fdch podm\u00ednk\u00e1ch?<\/span><\/p>\n<p><span>Salama vysv\u011btluje, \u017ee si p\u0159eje odpo\u010dinout si od 15 m\u011bs\u00edc\u016f v\u00e1lky, dokud nebude osud Gazy jasn\u00fd a on bude m\u00edt \u017eivotaschopnou vlast, kam se m\u016f\u017ee vr\u00e1tit. \u201eByl jsem ve v\u011bt\u0161in\u011b zem\u00ed sv\u011bta. V minulosti jsem tam mohl z\u016fstat, ale rad\u011bji jsem se vr\u00e1til dom\u016f. Poka\u017ed\u00e9 jsem odm\u00edtl emigrovat. Ale te\u010f, jestli m\u016f\u017eu, m\u016f\u017eu odej\u00edt.&#8220;<\/span><\/p>\n<p><span>Salama objas\u0148uje, \u017ee sou\u010dasn\u00e9 okolnosti nejsou jedin\u00fdmi faktory, kter\u00e9 ho tahaj\u00ed t\u00edmto sm\u011brem; v\u011bt\u0161ina Salamovy \u0161irok\u00e9 rodiny ji\u017e opustila Gazu do r\u016fzn\u00fdch \u010d\u00e1st\u00ed sv\u011bta. \u201eNec\u00edt\u00edm se bezpe\u010dn\u011b. Na\u0161e \u017eivoty jsou na hran\u011b a v\u011bt\u0161ina m\u00fdch p\u0159\u00e1tel a p\u0159\u00edbuzn\u00fdch, kte\u0159\u00ed mohli odej\u00edt, ode\u0161la. Jednou se vr\u00e1t\u00ed, jak \u0159\u00edkaj\u00ed, ale nezvl\u00e1dli situaci.\u201c\u00a0<\/span><\/p>\n<p><span>Ale ne v\u0161ichni v Gaze jsou ochotni odej\u00edt; n\u011bkte\u0159\u00ed nikdy, p\u0159\u00edsahali, \u017ee z\u016fstanou za jak\u00fdchkoli podm\u00ednek. Statis\u00edce lid\u00ed\u00a0<\/span><a href=\"https:\/\/mondoweiss.net\/2025\/01\/in-historic-return-march-thousands-of-palestinians-arrive-in-northern-gaza\/#:~:text=News-,In%20historic%20return%20march%2C%20thousands%20of%20Palestinians%20arrive%20in%20northern,start%20of%20Israel's%20genocidal%20war.\"><span>podnikly koncem ledna historick\u00fd n\u00e1vratov\u00fd pochod<\/span><\/a><span>\u00a0do severn\u00ed Gazy, vracely se do trosek sv\u00fdch zni\u010den\u00fdch domov\u016f a pobl\u00ed\u017e si postavily stany.<\/span><\/p>\n<p><span>Muhammad Sultan (26) se usadil v uprchlick\u00e9m t\u00e1bo\u0159e al-Bureij v centr\u00e1ln\u00edm p\u00e1smu Gazy ve stanu se sv\u00fdmi \u0161esti rodinn\u00fdmi p\u0159\u00edslu\u0161n\u00edky, kte\u0159\u00ed rad\u011bji z\u016fstali vedle sv\u00e9ho zni\u010den\u00e9ho domu, dokud ho nebudou moci znovu postavit.\u00a0<\/span><\/p>\n<p><span>&#8222;Nen\u00ed to poprv\u00e9, co Izrael mluv\u00ed o tom, \u017ee n\u00e1s donutil opustit na\u0161i vlast, a nebude to naposled,&#8220; \u0159ekl Sultan\u00a0<\/span><em><span>Mondoweissovi<\/span><\/em><span>\u00a0. &#8222;Od prvn\u00edho okam\u017eiku, kdy zalo\u017eili sv\u016fj st\u00e1t, si p\u0159\u00e1li, abychom byli svr\u017eeni do mo\u0159e.&#8220;<\/span><\/p>\n<p><span>Sultan vysv\u011btluje, \u017ee zast\u00e1nci Trumpova navrhovan\u00e9ho pl\u00e1nu, aby Palestinci opustili Gazu a p\u0159es\u00eddlili jinam, nech\u00e1pou, co znamen\u00e1 domov. &#8222;Nen\u00ed to m\u00edsto, kter\u00e9 bychom mohli zm\u011bnit nebo opustit.&#8220; Jsou to na\u0161e ko\u0159eny, na\u0161e rodina, na\u0161e vzpom\u00ednky. To je v\u0161echno, co v\u00edme.&#8220;\u00a0<\/span><\/p>\n<p><span>&#8222;Zn\u00e1me sv\u00e9ho nep\u0159\u00edtele,&#8220; pokra\u010doval Sultan. \u201eZn\u00e1me jeho z\u00e1m\u011br. Izrael se n\u00e1s sna\u017e\u00ed donutit, abychom nav\u017edy ode\u0161li.&#8220;\u00a0<\/span><\/p>\n<h2 class=\"wp-block-heading\"><span>&#8222;Nem\u00e1m m\u00edsto krom\u011b Gazy&#8220;<\/span><\/h2>\n<p><span>B\u011bhem v\u00e1lky uprchlo z Gazy do Egypta t\u00e9m\u011b\u0159 100 000 lid\u00ed. V\u011bt\u0161ina z nich tam z\u016fstala uv\u00edzl\u00e1 dodnes a nemohou se vr\u00e1tit. V sou\u010dasn\u00e9 dob\u011b je p\u0159echod Rafah znovu otev\u0159en pouze v jednom sm\u011bru. Pouze pacienti mohou opustit Gazu za \u00fa\u010delem l\u00e9\u010dby v Egypt\u011b a dal\u0161\u00edch zem\u00edch.<\/span><\/p>\n<p><span>Islam Abed Rabbo uprchl z Khan Younis do K\u00e1hiry se sv\u00fdmi dv\u011bma dcerami loni v dubnu pot\u00e9, co byla jeho \u017eena zabita p\u0159i izraelsk\u00e9m n\u00e1letu na m\u011bsto. Poda\u0159ilo se mu zachr\u00e1nit sv\u00e9 dv\u011b dcery, Amiru, 13, a Lanu, 6, ale \u017eije v neust\u00e1l\u00e9 touze po Gaze.<\/span><\/p>\n<p><span>&#8222;Nem\u00e1m jin\u00e9 m\u00edsto ne\u017e Gazu,&#8220; \u0159ekl Abed Rabbo\u00a0<\/span><em><span>Mondoweissovi<\/span><\/em><span>\u00a0. &#8222;Je to m\u00edsto, kam pat\u0159\u00edm.&#8220; Nikde jinde \u017e\u00edt nechci.&#8220;<\/span><\/p>\n<p><span>Abed Rabbo \u0159\u00edk\u00e1, \u017ee se v K\u00e1hi\u0159e net\u011b\u0161\u00ed \u00fapln\u00e9 svobod\u011b, proto\u017ee nem\u016f\u017ee pracovat ani z\u00edskat trval\u00fd pobyt, ale p\u0159izn\u00e1v\u00e1, \u017ee Egypt \u201es n\u00e1mi zach\u00e1z\u00ed s velkou pohostinnost\u00ed\u201c.<\/span><\/p>\n<p><span>\u201eJsme hosty v K\u00e1hi\u0159e. Egyp\u0165an\u00e9 n\u00e1s miluj\u00ed a podporuj\u00ed, ale nejsme v na\u0161\u00ed zemi a v\u017edy se c\u00edt\u00edme jako host\u00e9,\u201c up\u0159esnil Abed Rabbo. &#8222;Mus\u00edme se vr\u00e1tit do na\u0161\u00ed vlasti.&#8220;<\/span><\/p>\n<p><span>Abed Rabbo a jeho rodina netrp\u011bliv\u011b \u010dekaj\u00ed na znovuotev\u0159en\u00ed p\u0159echodu Rafah, aby se mohli vr\u00e1tit do Gazy. N\u00e1vrat je pro n\u011bj nevyhnuteln\u00fd.<\/span><\/p>\n<p><span>Jin\u00ed, kte\u0159\u00ed b\u011bhem v\u00e1lky uprchli do Egypta, se nehodlaj\u00ed vr\u00e1tit, dokud se situace v Gaze nezlep\u0161\u00ed. V\u011bt\u0161ina Gazan\u016f vys\u00eddlen\u00fdch b\u011bhem v\u00e1lky ztratila v\u0161e, co vlastnili \u2013 domy, rodiny a cel\u00e9 \u010dtvrti.<\/span><\/p>\n<p><span>Eman Hamid (56) p\u0159ijela do K\u00e1hiry v \u00fanoru se sv\u00fdm nemocn\u00fdm man\u017eelem. Jej\u00ed d\u016fm ve \u010dtvrti Zeitoun ve m\u011bst\u011b Gaza byl vybombardov\u00e1n, zat\u00edmco jej\u00ed rodina byla uvnit\u0159. Jako z\u00e1zrakem v\u0161ichni vyv\u00e1zli jen s lehk\u00fdmi zran\u011bn\u00edmi, krom\u011b jej\u00edho man\u017eela, jeho\u017e zran\u011bn\u00ed se po celou v\u00e1lku je\u0161t\u011b zhor\u0161ila nedostatkem dostupn\u00e9 l\u00e9\u010dby. P\u0159esto\u017ee v\u00edce ne\u017e polovina jej\u00ed rodiny z\u016fst\u00e1v\u00e1 v Gaze, ona nyn\u00ed p\u0159em\u00fd\u0161l\u00ed, jak je dostat ven.<\/span><\/p>\n<p><span>&#8222;Pro\u0161li jsme t\u00edm, co nikdo jin\u00fd na sv\u011bt\u011b neza\u017eil,&#8220; \u0159ekl Hamid\u00a0<\/span><em><span>Mondoweiss<\/span><\/em><span>\u00a0. \u201eKdy\u017e se vedle n\u00e1s ost\u0159elovalo, oto\u010dil jsem obli\u010dej a zav\u0159el o\u010di. Necht\u011bl jsem vid\u011bt v\u00edc, ne\u017e co jsem u\u017e vid\u011bl. Nechci takhle d\u00e1l \u017e\u00edt.&#8220;\u00a0<\/span><\/p>\n<p><span>\u201eChci vid\u011bt sv\u00e9 d\u011bti vyr\u016fstat a vychov\u00e1vat sv\u00e9 rodiny,\u201c pokra\u010dovala. \u201eNezabiti a jejich t\u011bla se\u017erala toulav\u00e1 zv\u00ed\u0159ata na ulic\u00edch. Izraelsk\u00e1 arm\u00e1da n\u00e1s okradla o lidskost.&#8220;<\/span><\/p>\n<p><span>Hamid rychle poukazuje na to, \u017ee pro ni a jej\u00ed rodinu nevid\u00ed \u017e\u00e1dnou dlouhodobou alternativu. V\u011b\u0159\u00ed v\u0161ak, \u017ee m\u00e1 pr\u00e1vo \u017e\u00edt v klidu a m\u00edru, i kdy\u017e jen na p\u0159echodnou dobu.<\/span><\/p>\n<p><span>\u201eCel\u00fd \u017eivot v na\u0161\u00ed vlasti jsme z\u016fstali neochv\u011bjn\u00ed a odoln\u00ed,\u201c vysv\u011btlila. \u201eTo je na\u0161e p\u0159irozenost jako utla\u010dovan\u00e9ho a okupovan\u00e9ho lidu. Ale chci si trochu odpo\u010dinout, m\u00edt radost ze sv\u00e9 prvn\u00ed vnu\u010dky a m\u00edt mo\u017enost d\u00e1vat nad\u011bji a uji\u0161t\u011bn\u00ed sv\u00fdm d\u011btem.\u201c<\/span><\/p>\n<p><span>Nev\u00ed, kam p\u016fjde d\u00e1l, ale c\u00edt\u00ed \u00falevu, \u017ee \u017eije na m\u00edst\u011b, kde jsou \u017eivotn\u00ed pot\u0159eby \u2013 voda, j\u00eddlo a elekt\u0159ina \u2013 snadno dostupn\u00e9.<\/span><\/p>\n<p><span>&#8222;Chci jen v\u011bd\u011bt, jak\u00e9 je to bezpe\u010d\u00ed, i kdy\u017e jen na chv\u00edli,&#8220; \u0159ekla.<\/span><\/p>\n<p><span style=\"font-size: 10pt;\"><em><strong>\u00davodn\u00ed fotografie:<\/strong> Nov\u011b postaven\u00e9 stany ve \u010dtvrti al-Zeitoun ve m\u011bst\u011b Gaza, 18. \u00fanora 2025. (Foto: Omar Ashtawy\/APA Images)<\/em><\/span><\/p>\n<p><span class=\"post-author\"><span class=\"by\"><span>Autor\u00a0<\/span><\/span><a class=\"author url fn\" title=\"P\u0159\u00edsp\u011bvky od Tareq S. Hajjaj\" href=\"https:\/\/mondoweiss.net\/author\/tareqhajjaj\/\" rel=\"author\"><span>Tareq S. Hajjaj<\/span><\/a><\/span><\/p>\n<p>&nbsp;<\/p>\n","protected":false},"excerpt":{"rendered":"<p>Palestinci v Gaze \u0159\u00edkaj\u00ed, \u017ee Izrael poru\u0161uje humanit\u00e1rn\u00ed dohody o p\u0159\u00edm\u011b\u0159\u00ed, aby je donutil opustit&#8230;<\/p>\n","protected":false},"author":2,"featured_media":72910,"comment_status":"closed","ping_status":"closed","sticky":false,"template":"","format":"standard","meta":[],"categories":[7],"tags":[348,178,107,1503],"_links":{"self":[{"href":"https:\/\/www.infokuryr.cz\/n\/wp-json\/wp\/v2\/posts\/72909"}],"collection":[{"href":"https:\/\/www.infokuryr.cz\/n\/wp-json\/wp\/v2\/posts"}],"about":[{"href":"https:\/\/www.infokuryr.cz\/n\/wp-json\/wp\/v2\/types\/post"}],"author":[{"embeddable":true,"href":"https:\/\/www.infokuryr.cz\/n\/wp-json\/wp\/v2\/users\/2"}],"replies":[{"embeddable":true,"href":"https:\/\/www.infokuryr.cz\/n\/wp-json\/wp\/v2\/comments?post=72909"}],"version-history":[{"count":0,"href":"https:\/\/www.infokuryr.cz\/n\/wp-json\/wp\/v2\/posts\/72909\/revisions"}],"wp:featuredmedia":[{"embeddable":true,"href":"https:\/\/www.infokuryr.cz\/n\/wp-json\/wp\/v2\/media\/72910"}],"wp:attachment":[{"href":"https:\/\/www.infokuryr.cz\/n\/wp-json\/wp\/v2\/media?parent=72909"}],"wp:term":[{"taxonomy":"category","embeddable":true,"href":"https:\/\/www.infokuryr.cz\/n\/wp-json\/wp\/v2\/categories?post=72909"},{"taxonomy":"post_tag","embeddable":true,"href":"https:\/\/www.infokuryr.cz\/n\/wp-json\/wp\/v2\/tags?post=72909"}],"curies":[{"name":"wp","href":"https:\/\/api.w.org\/{rel}","templated":true}]}}