{"id":72900,"date":"2025-02-23T00:20:17","date_gmt":"2025-02-22T23:20:17","guid":{"rendered":"https:\/\/www.infokuryr.cz\/n\/?p=72900"},"modified":"2025-02-22T14:36:48","modified_gmt":"2025-02-22T13:36:48","slug":"ofenziva-proti-cenzure-trumpova-administrativa-se-stavi-proti-evrope","status":"publish","type":"post","link":"https:\/\/www.infokuryr.cz\/n\/2025\/02\/23\/ofenziva-proti-cenzure-trumpova-administrativa-se-stavi-proti-evrope\/","title":{"rendered":"Ofenz\u00edva proti cenzu\u0159e: Trumpova administrativa se stav\u00ed proti Evrop\u011b"},"content":{"rendered":"<div id=\"fb-root\"><\/div>\n<p><strong><span>Trumpova administrativa se stav\u00ed jako neochv\u011bjn\u00fd obh\u00e1jce glob\u00e1ln\u00ed svobody projevu \u2013 a proti sv\u00fdm vlastn\u00edm evropsk\u00fdm spojenc\u016fm v\u0161ech lid\u00ed. Zat\u00edmco star\u00fd kontinent st\u00e1le v\u00edce sm\u011b\u0159uje k digit\u00e1ln\u00edmu paternalismu, Washington bije na poplach a stanovuje jasn\u00e9 hranice.<\/span><\/strong><\/p>\n<p><span>Fronty p\u0159itvrzuj\u00ed zejm\u00e9na v souvislosti se z\u00e1konem o digit\u00e1ln\u00edch slu\u017eb\u00e1ch (DSA), ambici\u00f3zn\u00edm souborem pravidel EU, kter\u00fd zavazuje giganty soci\u00e1ln\u00edch m\u00e9di\u00ed zp\u0159\u00edsnit kontroly obsahu (kritici tomu tak\u00e9 \u0159\u00edkaj\u00ed \u201ecenzurn\u00ed m\u00e1nie\u201c). Viceprezident JD Vance vyu\u017eil mnichovsk\u00e9 bezpe\u010dnostn\u00ed konference minul\u00fd t\u00fdden k jednozna\u010dn\u00e9mu prohl\u00e1\u0161en\u00ed: \u201eAmerika to nem\u016f\u017ee a nep\u0159ijme.\u201c Zpr\u00e1va, kter\u00e1 v Bruselu vyvolala zna\u010dnou nevoli.<\/span><\/p>\n<p><span>Konflikt v\u0161ak sah\u00e1 hloub\u011bji ne\u017e jen digit\u00e1ln\u00ed regulace. V Evrop\u011b se hromad\u00ed p\u0159\u00edpady, z nich\u017e americk\u00fdm zast\u00e1nc\u016fm svobody slova vst\u00e1vaj\u00ed vlasy na hlav\u011b. Britsk\u00fd arm\u00e1dn\u00ed veter\u00e1n je trestn\u011b odsouzen za tichou modlitbu p\u0159ed potratovou klinikou. Jedna finsk\u00e1 poslankyn\u011b je u\u017e roky souzena, proto\u017ee sd\u00edlela biblick\u00fd ver\u0161 na Twitteru (nyn\u00ed X).<\/span><\/p>\n<p><span>&#8222;Odklon Evropy od jej\u00edch nejz\u00e1kladn\u011bj\u0161\u00edch hodnot, kter\u00e9 sd\u00edl\u00edme se Spojen\u00fdmi st\u00e1ty, je hluboce znepokojuj\u00edc\u00ed,&#8220; \u0159ekl Vance v Mnichov\u011b. \u201eVylou\u010den\u00ed lid\u00ed, odm\u00edtnut\u00ed jejich obav nebo je\u0161t\u011b h\u016f\u0159, uml\u010den\u00ed m\u00e9di\u00ed a vylou\u010den\u00ed lid\u00ed z politick\u00e9ho procesu \u2013 to nic nechr\u00e1n\u00ed. Ve skute\u010dnosti je to nejjist\u011bj\u0161\u00ed zp\u016fsob, jak zni\u010dit demokracii.\u201c<\/span><\/p>\n<p><span>Trumpova administrativa nereaguje pouze slovy. Jedn\u00edm z prvn\u00edch prezidentov\u00fdch \u010din\u016f v \u00fa\u0159adu bylo\u00a0<\/span><a href=\"https:\/\/www.whitehouse.gov\/presidential-actions\/2025\/01\/restoring-freedom-of-speech-and-ending-federal-censorship\/\"><span>exekutivn\u00ed na\u0159\u00edzen\u00ed<\/span><\/a><span> zakazuj\u00edc\u00ed jak\u00e9koli feder\u00e1ln\u00ed \u00fasil\u00ed o podporu cenzury proti Ameri\u010dan\u016fm \u2013 zejm\u00e9na pod rou\u0161kou boje proti \u201edezinformac\u00edm\u201c. Ostr\u00fd kontrast k \u00e9\u0159e Biden-Harris, ve kter\u00e9 byly spole\u010dnosti soci\u00e1ln\u00edch m\u00e9di\u00ed aktivn\u011b vyv\u00edjeny, aby smazaly p\u0159\u00edsp\u011bvky kritick\u00e9 v\u016f\u010di vl\u00e1d\u011b.<\/span><\/p>\n<p><span>Ministr zahrani\u010d\u00ed Marco Rubio ozn\u00e1mil, \u017ee ukon\u010d\u00ed v\u0161echny programy, \u201ekter\u00e9 by mohly jak\u00fdmkoli zp\u016fsobem v\u00e9st k cenzu\u0159e americk\u00e9ho lidu\u201c. P\u0159edseda sn\u011bmovn\u00edho soudn\u00edho v\u00fdboru Jim Jordan napsal d\u016frazn\u00fd dopis Evropsk\u00e9 komisi, v n\u011bm\u017e vyj\u00e1d\u0159il \u201ev\u00e1\u017en\u00e9 obavy\u201c z toho, jak cenzurn\u00ed ustanoven\u00ed DSA ovliv\u0148uj\u00ed svobodu projevu ve Spojen\u00fdch st\u00e1tech.<\/span><\/p>\n<p><span>Obavy nejsou neopodstatn\u011bn\u00e9: T\u00e9m\u011b\u0159 ka\u017ed\u00fd velk\u00fd poskytovatel digit\u00e1ln\u00edch slu\u017eeb ve Spojen\u00fdch st\u00e1tech \u2013 od Adobe po Zoom \u2013 m\u00e1 nyn\u00ed problematick\u00e9 z\u00e1sady proti \u201enen\u00e1vistn\u00fdm projev\u016fm\u201c nebo \u201edezinformac\u00edm\u201c. Prost\u0159ednictv\u00edm DSA by evrop\u0161t\u00ed byrokrat\u00e9 mohli v budoucnu tak\u00e9 uml\u010det americk\u00e9 hlasy, pokud by se odch\u00fdlily od ofici\u00e1ln\u00ed vl\u00e1dn\u00ed linie.<\/span><\/p>\n<p><span>Reakce na Vance\u016fv mnichovsk\u00fd projev byly p\u0159edv\u00eddateln\u00e9. CBS si zesm\u011b\u0161nila p\u0159edev\u0161\u00edm sama sebe, kdy\u017e se moder\u00e1torka Margaret Brennanov\u00e1 v\u00e1\u017en\u011b pokusila spojit svobodu slova s \u200b\u200bholocaustem. \u201e60 minut\u201c\u00a0z\u00e1rove\u0148\u00a0<\/span><a href=\"https:\/\/report24.news\/nach-irrer-razzien-doku-vance-kritisiert-deutschlands-gesinnungsdiktatur\/\"><span>p\u0159edstavilo<\/span><\/a><span> n\u011bmeck\u00fd syst\u00e9m pro st\u00edh\u00e1n\u00ed online \u201enen\u00e1vistn\u00fdch projev\u016f\u201c jako model hodn\u00fd napodoben\u00ed.<\/span><\/p>\n<p><span>Pro Trumpovu administrativu \u201eAmerika na prvn\u00edm m\u00edst\u011b\u201c zjevn\u011b neznamen\u00e1 sta\u017een\u00ed se ze sv\u011btov\u00e9 sc\u00e9ny, ale sp\u00ed\u0161e sebev\u011bdomou obranu z\u00e1kladn\u00edch americk\u00fdch hodnot \u2013 zejm\u00e9na p\u0159ed vlastn\u00edmi spojenci. Poselstv\u00ed je jasn\u00e9: Pokud jde o ochranu svobody projevu, Spojen\u00e9 st\u00e1ty se op\u011bt ujmou veden\u00ed, a to jak pro sv\u00e9 vlastn\u00ed ob\u010dany, tak pro cel\u00fd sv\u011bt.<\/span><\/p>\n<p><span>P\u0159\u00ed\u0161t\u00edch n\u011bkolik m\u011bs\u00edc\u016f uk\u00e1\u017ee, zda bude Evropa pokra\u010dovat ve sv\u00e9m kurzu digit\u00e1ln\u00edho paternalismu, nebo zda transatlantick\u00fd tlak povede k p\u0159ehodnocen\u00ed. Jedna v\u011bc je jist\u00e1: Trumpova administrativa um\u00edstila svobodu projevu na vrchol mezin\u00e1rodn\u00ed agendy.<\/span><\/p>\n<p><img decoding=\"async\" loading=\"lazy\" class=\"alignnone size-full wp-image-71983\" src=\"http:\/\/www.infokuryr.cz\/n\/wp-content\/uploads\/2025\/02\/aaa.jpg\" alt=\"\" width=\"89\" height=\"23\" \/><\/p>\n<p>&nbsp;<\/p>\n","protected":false},"excerpt":{"rendered":"<p>Trumpova administrativa se stav\u00ed jako neochv\u011bjn\u00fd obh\u00e1jce glob\u00e1ln\u00ed svobody projevu \u2013 a proti sv\u00fdm vlastn\u00edm&#8230;<\/p>\n","protected":false},"author":2,"featured_media":72901,"comment_status":"closed","ping_status":"closed","sticky":false,"template":"","format":"standard","meta":[],"categories":[7],"tags":[63,41,452],"_links":{"self":[{"href":"https:\/\/www.infokuryr.cz\/n\/wp-json\/wp\/v2\/posts\/72900"}],"collection":[{"href":"https:\/\/www.infokuryr.cz\/n\/wp-json\/wp\/v2\/posts"}],"about":[{"href":"https:\/\/www.infokuryr.cz\/n\/wp-json\/wp\/v2\/types\/post"}],"author":[{"embeddable":true,"href":"https:\/\/www.infokuryr.cz\/n\/wp-json\/wp\/v2\/users\/2"}],"replies":[{"embeddable":true,"href":"https:\/\/www.infokuryr.cz\/n\/wp-json\/wp\/v2\/comments?post=72900"}],"version-history":[{"count":0,"href":"https:\/\/www.infokuryr.cz\/n\/wp-json\/wp\/v2\/posts\/72900\/revisions"}],"wp:featuredmedia":[{"embeddable":true,"href":"https:\/\/www.infokuryr.cz\/n\/wp-json\/wp\/v2\/media\/72901"}],"wp:attachment":[{"href":"https:\/\/www.infokuryr.cz\/n\/wp-json\/wp\/v2\/media?parent=72900"}],"wp:term":[{"taxonomy":"category","embeddable":true,"href":"https:\/\/www.infokuryr.cz\/n\/wp-json\/wp\/v2\/categories?post=72900"},{"taxonomy":"post_tag","embeddable":true,"href":"https:\/\/www.infokuryr.cz\/n\/wp-json\/wp\/v2\/tags?post=72900"}],"curies":[{"name":"wp","href":"https:\/\/api.w.org\/{rel}","templated":true}]}}