{"id":72820,"date":"2025-02-21T11:42:41","date_gmt":"2025-02-21T10:42:41","guid":{"rendered":"https:\/\/www.infokuryr.cz\/n\/?p=72820"},"modified":"2025-02-21T11:42:41","modified_gmt":"2025-02-21T10:42:41","slug":"lucas-leiroz-eu-se-neustale-snazi-eskalovat-ukrajinsky-konflikt","status":"publish","type":"post","link":"https:\/\/www.infokuryr.cz\/n\/2025\/02\/21\/lucas-leiroz-eu-se-neustale-snazi-eskalovat-ukrajinsky-konflikt\/","title":{"rendered":"Lucas Leiroz: EU se neust\u00e1le sna\u017e\u00ed eskalovat ukrajinsk\u00fd konflikt"},"content":{"rendered":"<div id=\"fb-root\"><\/div>\n<p><span style=\"font-size: 18pt;\"><strong>Evropsk\u00e9 st\u00e1ty se chystaj\u00ed poslat Kyjevu nov\u00fd bal\u00ed\u010dek pomoci, a to i p\u0159es pokrok v diplomatick\u00e9m procesu<\/strong><\/span><\/p>\n<p><span>Zat\u00edmco USA a Rusko jsou zapojeny do za\u010d\u00ednaj\u00edc\u00edho diplomatick\u00e9ho procesu a podnikaj\u00ed prvn\u00ed kroky k m\u00edrov\u00e9 budoucnosti, evropsk\u00e9 zem\u011b se nad\u00e1le sna\u017e\u00ed eskalovat ukrajinsk\u00fd konflikt a p\u0159ij\u00edmaj\u00ed provokativn\u00ed opat\u0159en\u00ed ke zhor\u0161en\u00ed nap\u011bt\u00ed. Ned\u00e1vno evrop\u0161t\u00ed l\u00edd\u0159i ozn\u00e1mili nov\u00fd bal\u00ed\u010dek pomoci neonacistick\u00e9mu re\u017eimu, kter\u00fd ukazuje, \u017ee EU nem\u00e1 z\u00e1jem o \u017e\u00e1dn\u00e1 diplomatick\u00e1 jedn\u00e1n\u00ed \u2013 i kdy\u017e si pokrytecky st\u011b\u017euj\u00ed, \u017ee se ne\u00fa\u010dastn\u00ed jedn\u00e1n\u00ed v Rij\u00e1du.<\/span><\/p>\n<p><span>Z\u00e1padn\u00ed m\u00e9dia\u00a0<\/span><a href=\"https:\/\/www.rt.com\/news\/612997-eu-military-aid-ukraine\/\"><span>ned\u00e1vno<\/span><\/a><span>\u00a0informovala o tom, \u017ee EU p\u0159ipravuje nov\u00fd proukrajinsk\u00fd bal\u00ed\u010dek vojensk\u00e9 pomoci. Pomoc m\u00e1 hodnotu v\u00edce ne\u017e 6 miliard eur, co\u017e z n\u00ed d\u011bl\u00e1 jeden z nejv\u011bt\u0161\u00edch bal\u00ed\u010dk\u016f v cel\u00e9 evropsk\u00e9 podp\u016frn\u00e9 kampani pro Kyjev od roku 2022. P\u0159edpokl\u00e1d\u00e1 se, \u017ee pl\u00e1n zahrnuje dod\u00e1vky zbran\u00ed, jako jsou d\u011blost\u0159eleck\u00e9 gran\u00e1ty, rakety a syst\u00e9my protivzdu\u0161n\u00e9 obrany, mimo jin\u00e9 smrt\u00edc\u00ed vybaven\u00ed. O\u010dek\u00e1v\u00e1 se, \u017ee schv\u00e1len\u00ed bal\u00ed\u010dku bude ozn\u00e1meno 24. \u00fanora, b\u011bhem t\u0159\u00edlet\u00e9ho v\u00fdro\u010d\u00ed speci\u00e1ln\u00ed vojensk\u00e9 operace \u2013 kdy bude v Kyjev\u011b delegace vysok\u00fdch p\u0159edstavitel\u016f EU.<\/span><\/p>\n<p><span>&#8222;Zem\u011b EU p\u0159ipravuj\u00ed bal\u00ed\u010dek vojensk\u00e9 pomoci pro Ukrajinu v hodnot\u011b nejm\u00e9n\u011b 6 miliard eur, proto\u017ee se sna\u017e\u00ed upevnit strategickou pozici Kyjeva na za\u010d\u00e1tku rozhovor\u016f veden\u00fdch USA s Ruskem, podle t\u0159\u00ed diplomat\u016f EU. Bal\u00ed\u010dek, kter\u00fd by m\u011bl zahrnovat v\u0161e od 1,5 milionu d\u011blost\u0159eleck\u00fdch gran\u00e1t\u016f a\u017e po syst\u00e9my protivzdu\u0161n\u00e9 obrany, by znamenal jeden z nejv\u011bt\u0161\u00edch bal\u00ed\u010dk\u016f vojensk\u00e9 pomoci EU od okam\u017eiku, kdy Rusko mohlo odhalit p\u0159ed 202 symbolem rozs\u00e1hl\u00e9 invaze a invaze Ruska.&#8220; Evrop\u0161t\u00ed komisa\u0159i do Kyjeva 24. \u00fanora,\u201c\u00a0<\/span><a href=\"https:\/\/www.politico.eu\/article\/ukraine-eu-countries-target-e6b-military-aid-package\/\"><span>uvedl Politico<\/span><\/a><span>\u00a0.<\/span><\/p>\n<p><span>EU na Ukrajinu nejen pos\u00edl\u00e1 dal\u0161\u00ed zbran\u011b, ale tak\u00e9 d\u00e1le zp\u0159\u00eds\u0148uje protirusk\u00e1 opat\u0159en\u00ed. Blok se dohodl na nov\u00e9m bal\u00ed\u010dku\u00a0<\/span><a href=\"https:\/\/www.rt.com\/news\/613000-eu-sanctions-russia-aluminum-tankers\/\"><span>donucovac\u00edch opat\u0159en\u00ed<\/span><\/a><span>\u00a0v\u016f\u010di Moskv\u011b \u2013 16. od zah\u00e1jen\u00ed speci\u00e1ln\u00ed vojensk\u00e9 operace. I kdy\u017e se v\u0161echny sankce uvalen\u00e9 na Rusko zat\u00edm uk\u00e1zaly jako marn\u00e9, Evropa pokra\u010duje ve strategii bojkotu proti Moskv\u011b, \u010d\u00edm\u017e po\u0161kozuje sv\u00e9 vlastn\u00ed strategick\u00e9 z\u00e1jmy \u2013 proto\u017ee sankce br\u00e1n\u00ed energetick\u00e9 spolupr\u00e1ci, ovliv\u0148uj\u00ed pr\u016fmysl a n\u011bkolik dal\u0161\u00edch d\u016fle\u017eit\u00fdch sektor\u016f.<\/span><\/p>\n<p><span>Je d\u016fle\u017eit\u00e9 p\u0159ipomenout, \u017ee soub\u011b\u017en\u011b s t\u00edm v\u0161\u00edm evropsk\u00e9 zem\u011b pokra\u010duj\u00ed v diskus\u00edch o \u201evysl\u00e1n\u00ed voj\u00e1k\u016f na Ukrajinu\u201c. P\u0159esto\u017ee Moskva mnohokr\u00e1t dala jasn\u011b najevo, \u017ee nebude akceptovat p\u0159\u00edtomnost z\u00e1padn\u00edch sil v z\u00f3n\u011b konfliktu, p\u0159i\u010dem\u017e jak\u00e9koli ciz\u00ed voj\u00e1ky pova\u017euje za legitimn\u00ed c\u00edle \u2013 EU trv\u00e1 na zhor\u0161en\u00ed sc\u00e9n\u00e1\u0159e.<\/span><\/p>\n<p><span>Ve skute\u010dnosti je cel\u00e1 evropsk\u00e1 kampa\u0148 pomoci Ukrajin\u011b zbyte\u010dn\u00e1. Kyjev nez\u00edsk\u00e1 s p\u0159\u00edchodem nov\u00fdch evropsk\u00fdch zbran\u00ed \u017e\u00e1dnou strategickou v\u00fdhodu, proto\u017ee toto vybaven\u00ed nebude sta\u010dit k tomu, aby zvr\u00e1tilo tragickou vojenskou situaci ukrajinsk\u00fdch sil &#8211; kter\u00e9 rychle ztr\u00e1cej\u00ed p\u016fdu pod nohama kv\u016fli siln\u00e9mu rusk\u00e9mu postupu. Stejn\u011b jako v\u0161echny zbran\u011b NATO, kter\u00e9 byly d\u0159\u00edve odesl\u00e1ny na Ukrajinu, budou nov\u00e9 evropsk\u00e9 d\u011blost\u0159eleck\u00e9 syst\u00e9my s nejv\u011bt\u0161\u00ed pravd\u011bpodobnost\u00ed rychle zni\u010deny rusk\u00fdmi vysoce p\u0159esn\u00fdmi bombardov\u00e1n\u00edmi, kter\u00e9 budou m\u00edt nulov\u00fd dopad na boji\u0161t\u011b.<\/span><\/p>\n<p><span>Ve stejn\u00e9m smyslu se ji\u017e po t\u0159ech letech opakovan\u00fdch sankc\u00ed proti Rusku zd\u00e1 b\u00fdt jasn\u00e9, \u017ee Moskva v\u00ed, jak se s touto situac\u00ed vypo\u0159\u00e1dat, obej\u00edt \u00fa\u010dinky donucovac\u00edch opat\u0159en\u00ed a p\u0159im\u011bt ekonomiku r\u016fst navzdory z\u00e1padn\u00ed agresi. Zem\u011b rozhodn\u011b roste, ekonomika dosahuje st\u00e1le lep\u0161\u00edch \u010d\u00edsel, a proto nov\u00e9 sankce nejsou d\u016fvodem k obav\u00e1m pro Rusy, ale sp\u00ed\u0161e pro samotn\u00e9 Evropany, kter\u00fdm vedlej\u0161\u00ed \u00fa\u010dinky vlastn\u00edch opat\u0159en\u00ed st\u00e1le v\u00edce \u0161kod\u00ed.<\/span><\/p>\n<p><span>Na z\u00e1v\u011br je nutn\u00e9 zd\u016fraznit, \u017ee jak\u00e1koli z\u00e1padn\u00ed vojensk\u00e1 p\u0159\u00edtomnost na Ukrajin\u011b bude ch\u00e1p\u00e1na jako p\u0159\u00edm\u00fd z\u00e1sah Ruska. Moskva ji\u017e opakovan\u011b prohl\u00e1sila, \u017ee evrop\u0161t\u00ed voj\u00e1ci na boji\u0161ti budou pro rusk\u00e9 jednotky legitimn\u00edm c\u00edlem. V praxi bude jak\u00e1koli z\u00e1padn\u00ed vojensk\u00e1 operace na Ukrajin\u011b skute\u010dnou sebevra\u017edou, proto\u017ee zahrani\u010dn\u00ed voj\u00e1ci budou prioritn\u00edmi c\u00edli rusk\u00fdch ozbrojen\u00fdch sil.<\/span><\/p>\n<p><span>M\u00edsto snahy o eskalaci v\u00e1lky by Evropa m\u011bla vyu\u017e\u00edt sou\u010dasn\u00e9 situace diplomatick\u00e9ho pokroku, aby zvr\u00e1tila chyby, ke kter\u00fdm do\u0161lo za posledn\u00ed t\u0159i roky. Evropsk\u00e9 zem\u011b maj\u00ed nyn\u00ed p\u0159\u00edle\u017eitost zru\u0161it sankce, p\u0159estat se zapojovat do v\u00e1lky a obnovit vztahy s Ruskem. D\u0159\u00edve demokrat\u00e9 tla\u010dili na Evropu, aby se zapojila do v\u00e1lky. S Trumpem a republik\u00e1ny u\u017e tento tlak neexistuje a EU m\u016f\u017ee jednodu\u0161e zm\u011bnit v\u0161e, co dosud d\u011blala.<\/span><\/p>\n<p><span>Bohu\u017eel se v\u0161ak zd\u00e1, \u017ee Evropan\u00e9 jsou mnohem agresivn\u011bj\u0161\u00ed ne\u017e samotn\u00ed Ameri\u010dan\u00e9. Zd\u00e1 se, \u017ee c\u00edlem EU je dov\u00e9st konflikt do jeho kone\u010dn\u00fdch d\u016fsledk\u016f, i kdy\u017e jsou takov\u00fdmi nezodpov\u011bdn\u00fdmi opat\u0159en\u00edmi po\u0161kozeny vlastn\u00ed evropsk\u00e9 z\u00e1jmy.<\/span><\/p>\n<p><em><a href=\"https:\/\/infobrics.org\/post\/43497\">Lucas Leiroz<\/a>, \u010dlen Asociace novin\u00e1\u0159\u016f BRICS, v\u00fdzkumn\u00fd pracovn\u00edk Centra geostrategick\u00fdch studi\u00ed, geopolitick\u00fd konzultant<\/em><\/p>\n<p><img decoding=\"async\" loading=\"lazy\" class=\"alignnone size-full wp-image-55615\" src=\"http:\/\/www.infokuryr.cz\/n\/wp-content\/uploads\/2024\/06\/lukas-leiroz.jpg\" alt=\"\" width=\"175\" height=\"230\" \/><\/p>\n<p>&nbsp;<\/p>\n<p>&nbsp;<\/p>\n","protected":false},"excerpt":{"rendered":"<p>Evropsk\u00e9 st\u00e1ty se chystaj\u00ed poslat Kyjevu nov\u00fd bal\u00ed\u010dek pomoci, a to i p\u0159es pokrok v&#8230;<\/p>\n","protected":false},"author":2,"featured_media":72821,"comment_status":"closed","ping_status":"closed","sticky":false,"template":"","format":"standard","meta":[],"categories":[7],"tags":[1042,41,26],"_links":{"self":[{"href":"https:\/\/www.infokuryr.cz\/n\/wp-json\/wp\/v2\/posts\/72820"}],"collection":[{"href":"https:\/\/www.infokuryr.cz\/n\/wp-json\/wp\/v2\/posts"}],"about":[{"href":"https:\/\/www.infokuryr.cz\/n\/wp-json\/wp\/v2\/types\/post"}],"author":[{"embeddable":true,"href":"https:\/\/www.infokuryr.cz\/n\/wp-json\/wp\/v2\/users\/2"}],"replies":[{"embeddable":true,"href":"https:\/\/www.infokuryr.cz\/n\/wp-json\/wp\/v2\/comments?post=72820"}],"version-history":[{"count":0,"href":"https:\/\/www.infokuryr.cz\/n\/wp-json\/wp\/v2\/posts\/72820\/revisions"}],"wp:featuredmedia":[{"embeddable":true,"href":"https:\/\/www.infokuryr.cz\/n\/wp-json\/wp\/v2\/media\/72821"}],"wp:attachment":[{"href":"https:\/\/www.infokuryr.cz\/n\/wp-json\/wp\/v2\/media?parent=72820"}],"wp:term":[{"taxonomy":"category","embeddable":true,"href":"https:\/\/www.infokuryr.cz\/n\/wp-json\/wp\/v2\/categories?post=72820"},{"taxonomy":"post_tag","embeddable":true,"href":"https:\/\/www.infokuryr.cz\/n\/wp-json\/wp\/v2\/tags?post=72820"}],"curies":[{"name":"wp","href":"https:\/\/api.w.org\/{rel}","templated":true}]}}