{"id":72794,"date":"2025-02-21T00:23:45","date_gmt":"2025-02-20T23:23:45","guid":{"rendered":"https:\/\/www.infokuryr.cz\/n\/?p=72794"},"modified":"2025-02-20T15:28:31","modified_gmt":"2025-02-20T14:28:31","slug":"nemecko-vydava-rozsudek-smrti-deportuje-ukrajinske-uprchliky-na-vojenskou-sluzbu","status":"publish","type":"post","link":"https:\/\/www.infokuryr.cz\/n\/2025\/02\/21\/nemecko-vydava-rozsudek-smrti-deportuje-ukrajinske-uprchliky-na-vojenskou-sluzbu\/","title":{"rendered":"N\u011bmecko vyd\u00e1v\u00e1 rozsudek smrti \u2013 deportuje ukrajinsk\u00e9 uprchl\u00edky na vojenskou slu\u017ebu"},"content":{"rendered":"<div id=\"fb-root\"><\/div>\n<p><strong><span>N\u011bmeck\u00fd Spolkov\u00fd soudn\u00ed dv\u016fr rozhodl, \u017ee ukrajin\u0161t\u00ed v\u00e1le\u010dn\u00ed uprchl\u00edci mohou b\u00fdt vyd\u00e1ni na Ukrajinu k v\u00fdkonu vojensk\u00e9 slu\u017eby. Po desetilet\u00edch m\u00edrov\u00e9 a pacifistick\u00e9 r\u00e9toriky, zejm\u00e9na zleva, je tento p\u0159\u00edstup nejen tot\u00e1ln\u00edm selh\u00e1n\u00edm lidstva. Je to napom\u00e1h\u00e1n\u00ed k vra\u017ed\u011b. Naproti tomu odm\u00edtnut\u00ed deportovat islamistick\u00e9 zlo\u010dince a vrahy jde na \u00fakor N\u011bmc\u016f, kte\u0159\u00ed dodr\u017euj\u00ed z\u00e1kony.<\/span><\/strong><\/p>\n<p><span>U\u017e autor Marcus Kl\u00f6ckner to\u00a0<\/span><a href=\"https:\/\/www.nachdenkseiten.de\/?p=128940\" target=\"_blank\" rel=\"noreferrer noopener\"><span>pro Nachdenkseiten<\/span><\/a><span>\u00a0dokonale shrnul :\u00a0<\/span><em><span>\u201eNezabije\u0161 \u2013 toto prastar\u00e9, univerz\u00e1ln\u00ed p\u0159ik\u00e1z\u00e1n\u00ed zn\u00e1 pravd\u011bpodobn\u011b velk\u00e1 \u010d\u00e1st lidstva. Nezabije\u0161 \u2013 ale toho se nemohou dr\u017eet ti, kdo jsou posl\u00e1ni do v\u00e1lky proti sv\u00e9 v\u016fli. Pokud se nenech\u00e1 zab\u00edt bez odporu.\u201c<\/span><\/em><span>\u00a0Kl\u00f6ckner \u0159\u00edk\u00e1:\u00a0<\/span><em><span>\u201eZ\u00e1kon, kter\u00fd podkop\u00e1v\u00e1 lidstvo, je barbarsk\u00fd z\u00e1kon.<\/span><\/em><\/p>\n<figure class=\"wp-block-image size-full\"><img decoding=\"async\" loading=\"lazy\" class=\"wp-image-139263 aligncenter\" src=\"https:\/\/report24.news\/wp-content\/uploads\/2025\/02\/image-23.png\" sizes=\"(max-width: 838px) 100vw, 838px\" srcset=\"https:\/\/report24.news\/wp-content\/uploads\/2025\/02\/image-23.png 838w, https:\/\/report24.news\/wp-content\/uploads\/2025\/02\/image-23-768x987.png 768w, https:\/\/report24.news\/wp-content\/uploads\/2025\/02\/image-23-600x771.png 600w\" alt=\"\" width=\"601\" height=\"772\" \/><\/figure>\n<p><span>Rozhodnut\u00ed je o to v\u00fdbu\u0161n\u011bj\u0161\u00ed vzhledem k tis\u00edc\u016fm k\u0159ivd na \u017eivotech a zdrav\u00ed n\u011bmeck\u00fdch ob\u010dan\u016f, kter\u00e9 vypl\u00fdvaj\u00ed z toho, \u017ee ofici\u00e1ln\u011b zn\u00e1m\u00fdm n\u00e1siln\u00fdm zlo\u010dinc\u016fm, n\u00e1siln\u00edk\u016fm, ubli\u017eovatel\u016fm a vrah\u016fm byly ud\u011bleny m\u00edrn\u00e9 tresty nebo jim bylo umo\u017en\u011bno odej\u00edt na svobodu a odm\u00edtli je deportovat \u2013 zat\u00edmco ukrajin\u0161t\u00ed mu\u017ei jsou pos\u00edl\u00e1ni na smrt.<\/span><\/p>\n<p><em>Zavr\u017een\u00edhodn\u00e9, ne\u00fanosn\u00e9 a nelidsk\u00e9 rozhodnut\u00ed Spolkov\u00e9ho soudn\u00edho dvora, kter\u00fd t\u00edmto vyn\u00e1\u0161\u00ed nad (nejen) ukrajinsk\u00fdmi odp\u016frci vojensk\u00e9 slu\u017eby trest smrti, kter\u00fd si nezaslou\u017e\u00ed. Jsou to p\u0159\u00ed\u0161ern\u00ed pr\u00e1vn\u00edci, kte\u0159\u00ed prohla\u0161uj\u00ed takovou nehor\u00e1znou nespravedlnost. Ne\u0159\u00edk\u00e1m to jen jako \u010dlov\u011bk, \u0159\u00edk\u00e1m to v\u00fdslovn\u011b jako pr\u00e1vn\u00edk, a tedy org\u00e1n n\u011bmeck\u00e9ho pr\u00e1vn\u00edho syst\u00e9mu.<\/em><\/p>\n<p><em><cite>Markus Haintz advok\u00e1t<\/cite><\/em><\/p>\n<p><span>Kam se pod\u011bly, miliony sv\u00e9pr\u00e1vn\u00fdch levicov\u00fdch dobrodruh\u016f, kte\u0159\u00ed nejpozd\u011bji od v\u00e1lky ve Vietnamu volali po m\u00edru po cel\u00e9m sv\u011bt\u011b? Kde jsou tehdej\u0161\u00ed um\u011blci, kte\u0159\u00ed od t\u00e9 doby cestovali po sv\u011bt\u011b a vyd\u011bl\u00e1vali si (dobr\u00e9) pen\u00edze prost\u0159ednictv\u00edm m\u00edrov\u00fdch p\u00edsn\u00ed? Kde jsou u\u010ditel\u00e9, kte\u0159\u00ed sv\u00e9 \u017e\u00e1ky m\u00e1lem udusili m\u00edrov\u00fdmi nesmysly? T\u00e9m\u011b\u0159 ka\u017ed\u00fd se nechal zkazit \u2013 sebepozn\u00e1n\u00ed zcela chyb\u00ed.<\/span><\/p>\n<p><span>D\u00e9lka \u017eivota ukrajinsk\u00e9ho voj\u00e1ka, kter\u00fd je na frontu posl\u00e1n t\u00e9m\u011b\u0159 bez z\u00e1kladn\u00edho v\u00fdcviku, zvl\u00e1\u0161t\u011b v dne\u0161n\u00ed dob\u011b, je v pr\u016fm\u011bru \u010dty\u0159i hodiny. Deportace Ukrajince za \u00fa\u010delem nucen\u00e9ho v\u00fdkonu vojensk\u00e9 slu\u017eby na Ukrajin\u011b je rozsudek smrti. Feder\u00e1ln\u00ed soudce, kter\u00fd vyd\u00e1 takov\u00e9 rozhodnut\u00ed, by mohl odsouzen\u00e9ho tak\u00e9 zast\u0159elit s\u00e1m.<\/span><\/p>\n<p><em>Od soudc\u016f, jejich\u017e rozhodnut\u00ed v kone\u010dn\u00e9m d\u016fsledku ur\u010duj\u00ed \u017eivot \u010dlov\u011bka, lze o\u010dek\u00e1vat, \u017ee budou dob\u0159e informov\u00e1ni o pom\u011brech v t\u00e9to v\u00e1lce. Od soudc\u016f Spolkov\u00e9ho soudn\u00edho dvora lze tak\u00e9 o\u010dek\u00e1vat, \u017ee budou v\u011bd\u011bt, co se stane s Ukrajinci, kte\u0159\u00ed odm\u00edtnou vyhov\u011bt jejich v\u00fdzv\u011b k vojensk\u00e9 slu\u017eb\u011b. Mnoho zpr\u00e1v a vide\u00ed o nucen\u00e9m n\u00e1boru na ulic\u00edch ji\u017e nelze ignorovat.<\/em><\/p>\n<p><em><cite><a href=\"https:\/\/www.nachdenkseiten.de\/?p=128940\">Marcus Kl\u00f6ckner, Nachdenkseiten<\/a><\/cite><\/em><\/p>\n<p><span>N\u011bme\u010dt\u00ed soudci pro nespravedlnost Spolkov\u00e9ho soudn\u00edho dvora na 54 stran\u00e1ch vysv\u011btlili, \u017ee pr\u00e1vo na v\u00fdhradu sv\u011bdom\u00ed nen\u00ed ned\u00edlnou sou\u010d\u00e1st\u00ed svobody sv\u011bdom\u00ed a lidsk\u00e9 d\u016fstojnosti. Tento rozsudek je rovn\u011b\u017e proti\u00fastavn\u00ed. Proto\u017ee tam, v \u010dl\u00e1nku 4, odstavec 3, je uvedeno: &#8222;Nikdo nesm\u00ed b\u00fdt nucen nastoupit vojenskou slu\u017ebu se zbran\u00ed proti sv\u00e9mu sv\u011bdom\u00ed.&#8220; Ale z\u00e1kladn\u00ed z\u00e1kon byl v N\u011bmecku vn\u00edm\u00e1n jako soubor p\u0159\u00e1telsk\u00fdch, ale nez\u00e1vazn\u00fdch rad od za\u010d\u00e1tku neleg\u00e1ln\u00ed masov\u00e9 migrace v roce 2014 za Angely Merkelov\u00e9.<\/span><\/p>\n<p><em>Koment\u00e1\u0159 <a href=\"https:\/\/report24.news\/deutschland-stellt-todesurteil-aus-ukraine-fluechtlinge-zum-kriegsdienst-abschieben\/\">Williho Hubera<\/a><\/em><\/p>\n<p>&nbsp;<\/p>\n","protected":false},"excerpt":{"rendered":"<p>N\u011bmeck\u00fd Spolkov\u00fd soudn\u00ed dv\u016fr rozhodl, \u017ee ukrajin\u0161t\u00ed v\u00e1le\u010dn\u00ed uprchl\u00edci mohou b\u00fdt vyd\u00e1ni na Ukrajinu k&#8230;<\/p>\n","protected":false},"author":2,"featured_media":72795,"comment_status":"closed","ping_status":"closed","sticky":false,"template":"","format":"standard","meta":[],"categories":[7],"tags":[84,520,1635,3341],"_links":{"self":[{"href":"https:\/\/www.infokuryr.cz\/n\/wp-json\/wp\/v2\/posts\/72794"}],"collection":[{"href":"https:\/\/www.infokuryr.cz\/n\/wp-json\/wp\/v2\/posts"}],"about":[{"href":"https:\/\/www.infokuryr.cz\/n\/wp-json\/wp\/v2\/types\/post"}],"author":[{"embeddable":true,"href":"https:\/\/www.infokuryr.cz\/n\/wp-json\/wp\/v2\/users\/2"}],"replies":[{"embeddable":true,"href":"https:\/\/www.infokuryr.cz\/n\/wp-json\/wp\/v2\/comments?post=72794"}],"version-history":[{"count":0,"href":"https:\/\/www.infokuryr.cz\/n\/wp-json\/wp\/v2\/posts\/72794\/revisions"}],"wp:featuredmedia":[{"embeddable":true,"href":"https:\/\/www.infokuryr.cz\/n\/wp-json\/wp\/v2\/media\/72795"}],"wp:attachment":[{"href":"https:\/\/www.infokuryr.cz\/n\/wp-json\/wp\/v2\/media?parent=72794"}],"wp:term":[{"taxonomy":"category","embeddable":true,"href":"https:\/\/www.infokuryr.cz\/n\/wp-json\/wp\/v2\/categories?post=72794"},{"taxonomy":"post_tag","embeddable":true,"href":"https:\/\/www.infokuryr.cz\/n\/wp-json\/wp\/v2\/tags?post=72794"}],"curies":[{"name":"wp","href":"https:\/\/api.w.org\/{rel}","templated":true}]}}