{"id":72725,"date":"2025-02-20T00:22:26","date_gmt":"2025-02-19T23:22:26","guid":{"rendered":"https:\/\/www.infokuryr.cz\/n\/?p=72725"},"modified":"2025-02-19T14:22:29","modified_gmt":"2025-02-19T13:22:29","slug":"jindrich-kulhavy-dohodli-se-ze-se-dohodnou","status":"publish","type":"post","link":"https:\/\/www.infokuryr.cz\/n\/2025\/02\/20\/jindrich-kulhavy-dohodli-se-ze-se-dohodnou\/","title":{"rendered":"Jind\u0159ich Kulhav\u00fd: Dohodli se, \u017ee se dohodnou\u2026"},"content":{"rendered":"<div id=\"fb-root\"><\/div>\n<p><strong><span class=\"anotation\">Setk\u00e1n\u00ed t\u011b\u017ek\u00fdch vah diplomacie po t\u0159ech letech, tak n\u011bjak bychom mohli vn\u00edmat sch\u016fzku americk\u00fdch a rusk\u00fdch p\u0159edstavitel\u016f uskute\u010dn\u011bnou v\u00a0Saudsk\u00e9 Ar\u00e1bii. Kdybychom srovn\u00e1vali \u00farove\u0148 \u00fa\u010dastn\u00edk\u016f v\u00a0Dauh\u00e1 a na\u0161eho el\u00e9va Lipavsk\u00e9ho, pak by tento \u201e\u0161\u00e9f\u201c \u010desk\u00e9 diplomacie mohl tak akor\u00e1t asistovat u natahov\u00e1n\u00ed koberce p\u0159ed vstupem do p\u0159eds\u00e1l\u00ed. Tak obrovsk\u00fd rozd\u00edl mezi americkou, ruskou, saudsko-arabskou a na\u0161\u00ed diplomaci\u00ed je.<\/span><\/strong><\/p>\n<div id=\"pagetext\">\n<p>\u00a0 Jestli\u017ee se delegace v\u00a0\u010dele s\u00a0ministry zahrani\u010d\u00ed dvou sv\u011btov\u00fdch velmoc\u00ed byly schopny setkat, jednat a sladit ur\u010dit\u00e9 p\u0159edstavy, je to velmi pozitivn\u00ed. Na ve\u0159ejnost z\u00a0v\u00fdsledk\u016f jedn\u00e1n\u00ed pros\u00e1klo minimum informac\u00ed, nicm\u00e9n\u011b ob\u011b strany pova\u017euj\u00ed prvn\u00ed kontakt po dlouh\u00e9 dob\u011b za velmi pozitivn\u00ed. Rusov\u00e9 jasn\u011b nazna\u010dili sv\u00e9 po\u017eadavky, podm\u00ednky i n\u00e1roky, p\u0159es kter\u00e9 vlak nejede, na druhou stranu jist\u011b podali Ameri\u010dan\u016fm vst\u0159\u00edcnou ruku v\u00a0t\u011bch oblastech, kde je pro ob\u011b strany spolupr\u00e1ce p\u0159\u00ednosn\u00e1. Z\u00e1stupci USA si tak\u00e9 jist\u011b o n\u011bco \u0159ekli, ale o tom se zat\u00edm sp\u00ed\u0161e ml\u010d\u00ed a jist\u011b budou pokra\u010dovat dal\u0161\u00ed jedn\u00e1n\u00ed. Pokud si sv\u011bt mysl\u00ed, \u017ee \u0161lo pouze o Ukrajinu, pak by byl mo\u017en\u00e1 v\u00a0\u0161oku z\u00a0toho, co v\u0161e bylo na stole. Nebo tak\u00e9 ne a a\u017e \u010das uk\u00e1\u017ee, co v\u0161e si ctihodn\u00ed p\u00e1nov\u00e9 stihnuli \u0159\u00edct.<\/p>\n<p>Jist\u00e9 je, \u017ee Zelenskyj m\u016f\u017ee o\u010dek\u00e1vat plno p\u0159\u00edkaz\u016f shora p\u0159\u00edchoz\u00edch. Moment\u00e1ln\u011b se tv\u00e1\u0159\u00ed, \u017ee o v\u0161em bude rozhodovat s\u00e1m. Jist\u00e9 je, \u017ee Ameri\u010dan\u00e9 u\u017e ho sponzorovat nebudou, naopak po\u017eaduj\u00ed vr\u00e1cen\u00ed vlo\u017een\u00fdch prost\u0159edk\u016f. Jejich v\u00fd\u0161e je natolik d\u011bsiv\u00e1, \u017ee by je Ukrajina nesplatila ani kdyby v\u0161echny Ukrajinky za\u010daly nar\u00e1z pracovat ve ve\u0159ejn\u00fdch domech a v\u00fdd\u011blky pos\u00edlaly na spl\u00e1tku st\u00e1tn\u00edho dluhu. Pr\u016fmyslov\u00e1 \u010d\u00e1st Ukrajiny je ji\u017e Novoruskem, velk\u00e1 \u010d\u00e1st mu\u017e\u016f produktivn\u00edho v\u011bku je u n\u00e1s a v\u00a0p\u00e1r dal\u0161\u00edch lokalit\u00e1ch, p\u0159\u00edpadn\u011b jsou po smute\u010dn\u00edm ob\u0159adu, \u010di jim chyb\u00ed n\u011bjak\u00e1 kon\u010detina. Energetick\u00e1 s\u00ed\u0165 je po\u0161kozen\u00e1, pokra\u010duj\u00ed n\u00e1lety na vojensk\u00e1 za\u0159\u00edzen\u00ed. Po Zelensk\u00e9m z\u016fstane zni\u010den\u00e1 a rozkraden\u00e1 zem\u011b s\u00a0mizernou perspektivou.<\/p>\n<p>V\u00a0Evrop\u011b se naopak sna\u017e\u00ed naj\u00edt zp\u016fsob, jak utratit za ka\u017edou cenu dal\u0161\u00ed pen\u00edze. Agresivita Velk\u00e9 Brit\u00e1nie a jej\u00edho veden\u00ed je d\u011bsiv\u00e1 a p\u0159edstavy britsk\u00e9ho premi\u00e9ra hrani\u010d\u00ed s\u00a0vyhl\u00e1\u0161en\u00edm v\u00e1lky v\u00a0Rusku. Opravdu cht\u011bj\u00ed vid\u011bt Lond\u00fdn srovnan\u00fd se zem\u00ed, nebo si jen mysl\u00ed, \u017ee je Rusko natolik nep\u0159ipraven\u00e9, \u017ee by si nechalo l\u00edbit jakoukoliv vzr\u016fstaj\u00edc\u00ed vojenskou aktivitu Evropan\u016f na \u00fazem\u00ed Ukrajiny? Macron svol\u00e1v\u00e1 druhou sch\u016fzku evropsk\u00fdch l\u00eddr\u016f a tentokr\u00e1t pozv\u00e1nku dostal i nejv\u011bt\u0161\u00ed z\u00a0velk\u00fdch Petr Fiala. Na prvn\u00ed setk\u00e1n\u00ed bez n\u00e1s reagoval podr\u00e1\u017ed\u011bn\u011b, proto\u017ee tam nebyl, te\u010f lze o\u010dek\u00e1vat \u00fasm\u011bvy a dal\u0161\u00ed plundrov\u00e1n\u00ed \u010desk\u00e9 ekonomiky. Ukrajin\u011b jsme p\u0159\u00edmo v\u011bnovali jeden ro\u010dn\u00ed schodek ze st\u00e1tn\u00edho rozpo\u010dtu (to abyste v\u011bd\u011bli, pro\u010d nen\u00ed na d\u016fchody, \u0161kolstv\u00ed nebo zdravotnictv\u00ed), do toho nejsou zapo\u010d\u00edt\u00e1ny n\u00e1klady na pseudointegraci milionu Ukrajinc\u016f do na\u0161\u00ed spole\u010dnosti.<\/p>\n<p>Kdybychom cht\u011bli srovnat setk\u00e1n\u00ed ve Francii pod dohledem Macrona a v Dauh\u00e1, pak se v Evrop\u011b potkala skupinka \u010divav, zat\u00edmco v Saudsk\u00e9 Ar\u00e1bii to byli skute\u010dn\u00ed vlci. Evropa m\u00e1 obrovsk\u00e9 mno\u017estv\u00ed probl\u00e9m\u016f a jak\u00e9koliv finan\u010dn\u00ed p\u0159\u00edhozy na stranu Ukrajiny ji budou jen pot\u00e1p\u011bt. O mnoh\u00e9m mohou napov\u011bd\u011bt bl\u00ed\u017e\u00edc\u00ed se volby v N\u011bmecku. U\u017e nyn\u00ed jsou tamn\u00ed voli\u010di varov\u00e1ni p\u0159ed obrovsk\u00fdmi podvody maj\u00edc\u00edmi za c\u00edl eliminovat raketov\u00fd vzestup preferenc\u00ed AfD. Situace je podobn\u00e1 p\u0159edminul\u00fdm volb\u00e1m americk\u00e9ho prezidenta, kter\u00e9 nejl\u00e9pe charakterizovala nov\u011b vznikl\u00e1 Bidenova k\u0159ivka. Schyluje se k naprosto z\u00e1sadn\u00edmu nedemokratick\u00e9mu ovlivn\u011bn\u00ed pr\u016fb\u011bhu voleb a budeme li m\u00edt pravdu, pak jde o skute\u010dn\u00fd n\u00e1vrat dikt\u00e1torsk\u00fdch metod a bezprecedentn\u00ed d\u016fvod k rozpu\u0161t\u011bn\u00ed cele Evropsk\u00e9 unie.<\/p>\n<p>Nakonec mal\u00e1 dou\u0161ka. Dobrou zpr\u00e1vou je, \u017ee Mark\u00e9ta Pekarov\u00e1 Adamov\u00e1 zmiz\u00ed z\u00a0\u010desk\u00e9 politick\u00e9 sc\u00e9ny. Tato nafoukan\u00e1 a arogantn\u00ed ostuda svou neochotu pokra\u010dovat v\u00a0destruktivn\u00ed \u010dinnosti vysv\u011btluje po\u0161kozen\u00fdm zdrav\u00edm. Samoz\u0159ejm\u011b j\u00ed po lidsk\u00e9 str\u00e1nce nep\u0159ejeme nic zl\u00e9ho, nicm\u00e9n\u011b ona samotn\u00e1 p\u0159iv\u00e1d\u011bla \u010dasto \u010desk\u00e9 ob\u010dany do situace, kdy se jim bl\u00ed\u017eil infarkt. Jej\u00ed odchod z\u00a0v\u00fdslunn\u00ed a p\u0159epl\u00e1cen\u00e9 funkce v\u00a0\u010dele Parlamentu tak bude \u00falevou pro celou zemi. A bylo by dobr\u00e9, kdyby se u\u017e nevracela. Pak j\u00ed p\u0159ejeme uzdraven\u00ed a t\u0159eba i zalo\u017een\u00ed rodiny, i kdy\u017e toto by se mno\u017eit nem\u011blo. Je dost mo\u017en\u00e9, \u017ee se t\u00edm i vyhne krimin\u00e1lu, do kter\u00e9ho cel\u00e1 sou\u010dasn\u00e1 politick\u00e1 reprezentace jednozna\u010dn\u011b pat\u0159\u00ed. Fiala za kampeli\u010dku, Raku\u0161an za Dozimetr, Lipavsk\u00fd a p\u00e1r dal\u0161\u00edch za nen\u00e1vist k\u00a0jin\u00fdm n\u00e1rod\u016fm a v\u0161ichni za rozkr\u00e1d\u00e1n\u00ed st\u00e1tn\u00edch financ\u00ed a aroganci v\u016f\u010di \u010desk\u00e9mu n\u00e1rodu.<\/p>\n<p><a href=\"https:\/\/www.inadhled.live\/zajimavosti\/dohodli-se-ze-se-dohodnou-\/\">Jind\u0159ich Kulhav\u00fd<\/a><\/p>\n<p><img decoding=\"async\" loading=\"lazy\" class=\"alignnone size-full wp-image-48136\" src=\"http:\/\/www.infokuryr.cz\/n\/wp-content\/uploads\/2024\/02\/kulhavy-jindrich.jpg\" alt=\"\" width=\"219\" height=\"221\" srcset=\"https:\/\/www.infokuryr.cz\/n\/wp-content\/uploads\/2024\/02\/kulhavy-jindrich.jpg 219w, https:\/\/www.infokuryr.cz\/n\/wp-content\/uploads\/2024\/02\/kulhavy-jindrich-150x150.jpg 150w\" sizes=\"(max-width: 219px) 100vw, 219px\" \/><\/p>\n<p>&nbsp;<\/p>\n<\/div>\n","protected":false},"excerpt":{"rendered":"<p>Setk\u00e1n\u00ed t\u011b\u017ek\u00fdch vah diplomacie po t\u0159ech letech, tak n\u011bjak bychom mohli vn\u00edmat sch\u016fzku americk\u00fdch a&#8230;<\/p>\n","protected":false},"author":2,"featured_media":72726,"comment_status":"closed","ping_status":"closed","sticky":false,"template":"","format":"standard","meta":[],"categories":[6],"tags":[1503,122,276],"_links":{"self":[{"href":"https:\/\/www.infokuryr.cz\/n\/wp-json\/wp\/v2\/posts\/72725"}],"collection":[{"href":"https:\/\/www.infokuryr.cz\/n\/wp-json\/wp\/v2\/posts"}],"about":[{"href":"https:\/\/www.infokuryr.cz\/n\/wp-json\/wp\/v2\/types\/post"}],"author":[{"embeddable":true,"href":"https:\/\/www.infokuryr.cz\/n\/wp-json\/wp\/v2\/users\/2"}],"replies":[{"embeddable":true,"href":"https:\/\/www.infokuryr.cz\/n\/wp-json\/wp\/v2\/comments?post=72725"}],"version-history":[{"count":0,"href":"https:\/\/www.infokuryr.cz\/n\/wp-json\/wp\/v2\/posts\/72725\/revisions"}],"wp:featuredmedia":[{"embeddable":true,"href":"https:\/\/www.infokuryr.cz\/n\/wp-json\/wp\/v2\/media\/72726"}],"wp:attachment":[{"href":"https:\/\/www.infokuryr.cz\/n\/wp-json\/wp\/v2\/media?parent=72725"}],"wp:term":[{"taxonomy":"category","embeddable":true,"href":"https:\/\/www.infokuryr.cz\/n\/wp-json\/wp\/v2\/categories?post=72725"},{"taxonomy":"post_tag","embeddable":true,"href":"https:\/\/www.infokuryr.cz\/n\/wp-json\/wp\/v2\/tags?post=72725"}],"curies":[{"name":"wp","href":"https:\/\/api.w.org\/{rel}","templated":true}]}}