{"id":72724,"date":"2025-02-20T00:19:54","date_gmt":"2025-02-19T23:19:54","guid":{"rendered":"https:\/\/www.infokuryr.cz\/n\/?p=72724"},"modified":"2025-02-19T14:19:59","modified_gmt":"2025-02-19T13:19:59","slug":"jiri-vyvadil-era-trump-putin-je-tady-konecne","status":"publish","type":"post","link":"https:\/\/www.infokuryr.cz\/n\/2025\/02\/20\/jiri-vyvadil-era-trump-putin-je-tady-konecne\/","title":{"rendered":"Ji\u0159\u00ed Vyvadil: \u00c9ra Trump \u2013 Putin je tady. Kone\u010dn\u011b\u2026"},"content":{"rendered":"<div id=\"fb-root\"><\/div>\n<p><strong>V euroatlantick\u00e9m geografick\u00e9m prostoru (nikoliv tedy v geopolitick\u00e9m, kam Rusko jist\u011b nepat\u0159\u00ed a dnes u\u017e ani nechce) nav\u00e1zali kontakt dva l\u00edd\u0159i dvou v t\u00e9to oblasti rozhoduj\u00edc\u00edch sv\u011btov\u00fdch mocnost\u00ed USA a Ruska. A je dobr\u00e9 v\u011bd\u011bt, \u017ee telefon\u00e1t za\u010dal Donald Trump a nav\u00e1zal tak na \u010detn\u00e9, \u010dasto z\u010d\u00e1sti utajen\u00e9 telefon\u00e1ty, kdy\u017e byl ji\u017e odstaven od moci a n\u00e1sledn\u011b mohutn\u011b persekuov\u00e1n, \u010dasto absurdn\u00edmi trestn\u00edmi st\u00edh\u00e1n\u00edmi, fanatick\u00fdch demokratick\u00fdch prokur\u00e1tor\u016f, kter\u00e9, navazovaly na impeachmenty vyvolan\u00fdmi nen\u00e1vistn\u00fdmi demokraty.<\/strong><\/p>\n<p style=\"font-weight: 400;\">Kdy\u017e nic jin\u00e9ho, ji\u017e z\u00a0toho d\u016fvodu za svou sve\u0159epost bojovat, v\u010detn\u011b p\u0159e\u010dk\u00e1n\u00ed atent\u00e1tu si Trump zaslou\u017e\u00ed obdiv.<\/p>\n<p style=\"font-weight: 400;\">Ale daleko podstatn\u011bj\u0161\u00ed je fakt, \u017ee kdo sledoval velmi podrobn\u011b politick\u00e9 jedn\u00e1n\u00ed Trumpa, v\u00ed\u00a0\u00a0\u017ee je s Putinem sv\u00e1z\u00e1ni stejn\u00fdmi pohledy na sv\u011bt jak v\u00a0oblasti p\u0159irozen\u00fdch chov\u00e1n\u00ed dle biologick\u00fdch z\u00e1konitost\u00ed, kde wokismus v\u00a0USA dostal pro n\u00e1s a\u017e nepochopitelnou totalitn\u00ed podobu, kter\u00e9\u00a0\u00a0jsou jak u americk\u00fdch\u00a0\u00a0republik\u00e1n\u016f, tak i Rus\u016f, z\u0159ejm\u011b p\u0159ev\u00e1\u017en\u00e9 v\u011bt\u0161iny z\u00a0nich jasn\u011b odm\u00edtan\u00e9.<\/p>\n<p style=\"font-weight: 400;\">Je\u0161t\u011b d\u016fle\u017eit\u011bj\u0161\u00ed je jin\u00fd rys Trumpa. V\u00a0podstat\u011b odm\u00edt\u00e1 NATO jako relikt studen\u00e9 v\u00e1lky a\u00a0\u00a0\u00a0neuzn\u00e1v\u00e1 \u00fa\u010delov\u00e9 mezin\u00e1rodn\u00ed organizace, zejm\u00e9na EU, kter\u00e9 mu br\u00e1n\u00ed v\u00a0navazov\u00e1n\u00ed p\u0159\u00edm\u00fdch kontakt\u016f a vyjedn\u00e1v\u00e1n\u00ed tete \u2013 a t\u00e9te se subjekty sob\u011b rovn\u00fdmi<\/p>\n<p style=\"font-weight: 400;\">O\u010dividn\u011b kdysi nalezl v\u00a0Putinovi zal\u00edben\u00ed (vzpome\u0148me si jak sv\u00e9ho \u010dasu, je\u0161t\u011b jako pouh\u00fd realitn\u00ed velkopodnikatel cht\u011bl postavit v\u00a0Moskv\u011b hotel) a kone\u010dn\u011b v\u00edme o jeho jist\u00e9 zal\u00edbenosti k\u00a0syst\u00e9mu, kter\u00fd u n\u00e1s panoval p\u0159ed rokem 1989, o \u010dem\u017e sv\u011bd\u010d\u00ed, \u017ee si vybral za man\u017eelku holku ze socialistick\u00e9ho\u00a0Gottwaldova a jeho syn Donald zde u d\u011bde\u010dka tr\u00e1vil pr\u00e1zdniny, jist\u011b z\u00a0povzd\u00e1l\u00ed okukovan\u00e9m agenty STB skryt\u00fdmi na stromech (to ji\u017e samoz\u0159ejm\u011b \u017eertuji)<\/p>\n<p style=\"font-weight: 400;\">Putin po t\u0159ech letech konfliktu na Ukrajin\u011b, kter\u00fd bravurn\u011b zvl\u00e1d\u00e1 a kus za kusem ukrajuje z\u00a0ruskojazy\u010dn\u00e9 \u010d\u00e1sti Ukrajiny a skv\u011bl\u00fd ekonomick\u00fd r\u016fst 4% HDP podle posledn\u00ed v\u00fdro\u010dn\u00ed zpr\u00e1vy MMF,\u00a0\u00a0kter\u00fd je lep\u0161\u00ed i ne\u017e ten v\u00a0USA sv\u011bd\u010d\u00ed jasn\u011b,\u00a0\u00a0\u017ee\u00a0\u00a0sankce Z\u00e1padu naopak m\u011bly pro Rusko vynikaj\u00edc\u00ed mobiliza\u010dn\u00ed efekt.<\/p>\n<p style=\"font-weight: 400;\">Putin z\u00e1sadn\u011b nikdy nebyl ten prvn\u00ed, kdo by Trumpovi volal.<\/p>\n<p style=\"font-weight: 400;\">Na sv\u016fj v\u011bk se c\u00edt\u00ed jar\u00fd a s\u00a0pokerovou tv\u00e1\u0159\u00ed v\u017edy vy\u010dk\u00e1val, a\u017e ostatn\u00ed za\u010dnou. I u Trumpa si po\u010dkal a zcela ur\u010dit\u011b by s\u00e1m nezavolal.<\/p>\n<p style=\"font-weight: 400;\">Te\u010f Trump zavolal znovu a st\u00e1lo to za to.<\/p>\n<p style=\"font-weight: 400;\">Trump se mo\u017en\u00e1 p\u0159ej\u00edd\u00e1 burgery, ale hraje golf, nepije, nekou\u0159\u00ed, ale je velk\u00e1 pravd\u011bpodobnost,\u00a0\u00a0\u017ee bude schopen s\u00a0Putinem pooto\u010dil sv\u011bt\u00a0\u00a0k rozumu, m\u00edru a spolupr\u00e1ce t\u011bch skute\u010dn\u011b geopolitick\u00fdch velik\u00e1n\u016f &#8211;\u00a0\u00a0velmoc\u00ed, mezi kter\u00e9 EU nepat\u0159\u00ed a bohud\u00edk nikdy pat\u0159it nebude.<\/p>\n<p style=\"font-weight: 400;\">Politika, rozumn\u00e1 politika m\u011b v\u017edy brala, ale ta sou\u010dasn\u00e1\u00a0\u00a0evropsk\u00e1 je jeden velk\u00fd dikt\u00e1t, odsouzen\u00fd k \u00fapadku a nav\u00edc svou podporou Bidenovy v\u00e1lky proti Rusku, kter\u00e1 od po\u010d\u00e1tku byla jen tragickou variantou v\u00e1lky Napoleona proti Rusku \u010di je\u0161t\u011b tragi\u010dt\u011bj\u0161\u00ed Hitlerovy v\u00e1lky proti Sov\u011btsk\u00e9mu svazu. Rusko p\u0159es nasazen\u00ed v\u0161ech ekonomick\u00fdch i zbrojn\u00edch syst\u00e9m\u016f cel\u00e9 EU a zapojen\u00ed v\u0161ech zem\u00ed NATO nelze b\u011b\u017en\u00fdmi prost\u0159edky bez vyu\u017eit\u00ed jadern\u00fdch zbran\u00ed porazit. Co\u017e je snad u\u017e zjevn\u00e9.<\/p>\n<p style=\"font-weight: 400;\">\u00c9ra Trump-Putin jist\u011b bude i trochu divok\u00e1. Ale to je norm\u00e1ln\u00ed.<\/p>\n<p style=\"font-weight: 400;\">Kdy\u017e se k\u00e1c\u00ed les, l\u00e9taj\u00ed t\u0159\u00edsky.<\/p>\n<p style=\"font-weight: 400;\">A opozi\u010dn\u00ed lid, se\u00a0\u00a0na ty t\u0159\u00edsky t\u011b\u0161\u00ed.<\/p>\n<p><a href=\"https:\/\/vasevec.info\/blogy\/era-trump-putin-je-tady-konecne\">Ji\u0159\u00ed Vyvadil<\/a><\/p>\n<p><img decoding=\"async\" loading=\"lazy\" class=\"alignnone size-medium wp-image-16474\" src=\"http:\/\/www.infokuryr.cz\/n\/wp-content\/uploads\/2022\/10\/jiri-vyvadil-300x200.jpg\" alt=\"\" width=\"300\" height=\"200\" srcset=\"https:\/\/www.infokuryr.cz\/n\/wp-content\/uploads\/2022\/10\/jiri-vyvadil-300x200.jpg 300w, https:\/\/www.infokuryr.cz\/n\/wp-content\/uploads\/2022\/10\/jiri-vyvadil-768x512.jpg 768w, https:\/\/www.infokuryr.cz\/n\/wp-content\/uploads\/2022\/10\/jiri-vyvadil.jpg 800w\" sizes=\"(max-width: 300px) 100vw, 300px\" \/><\/p>\n<p>&nbsp;<\/p>\n","protected":false},"excerpt":{"rendered":"<p>V euroatlantick\u00e9m geografick\u00e9m prostoru (nikoliv tedy v geopolitick\u00e9m, kam Rusko jist\u011b nepat\u0159\u00ed a dnes u\u017e&#8230;<\/p>\n","protected":false},"author":2,"featured_media":65794,"comment_status":"closed","ping_status":"closed","sticky":false,"template":"","format":"standard","meta":[],"categories":[6],"tags":[2181,1503,102,452],"_links":{"self":[{"href":"https:\/\/www.infokuryr.cz\/n\/wp-json\/wp\/v2\/posts\/72724"}],"collection":[{"href":"https:\/\/www.infokuryr.cz\/n\/wp-json\/wp\/v2\/posts"}],"about":[{"href":"https:\/\/www.infokuryr.cz\/n\/wp-json\/wp\/v2\/types\/post"}],"author":[{"embeddable":true,"href":"https:\/\/www.infokuryr.cz\/n\/wp-json\/wp\/v2\/users\/2"}],"replies":[{"embeddable":true,"href":"https:\/\/www.infokuryr.cz\/n\/wp-json\/wp\/v2\/comments?post=72724"}],"version-history":[{"count":0,"href":"https:\/\/www.infokuryr.cz\/n\/wp-json\/wp\/v2\/posts\/72724\/revisions"}],"wp:featuredmedia":[{"embeddable":true,"href":"https:\/\/www.infokuryr.cz\/n\/wp-json\/wp\/v2\/media\/65794"}],"wp:attachment":[{"href":"https:\/\/www.infokuryr.cz\/n\/wp-json\/wp\/v2\/media?parent=72724"}],"wp:term":[{"taxonomy":"category","embeddable":true,"href":"https:\/\/www.infokuryr.cz\/n\/wp-json\/wp\/v2\/categories?post=72724"},{"taxonomy":"post_tag","embeddable":true,"href":"https:\/\/www.infokuryr.cz\/n\/wp-json\/wp\/v2\/tags?post=72724"}],"curies":[{"name":"wp","href":"https:\/\/api.w.org\/{rel}","templated":true}]}}