{"id":72720,"date":"2025-02-20T00:13:32","date_gmt":"2025-02-19T23:13:32","guid":{"rendered":"https:\/\/www.infokuryr.cz\/n\/?p=72720"},"modified":"2025-02-19T14:09:34","modified_gmt":"2025-02-19T13:09:34","slug":"erik-best-spolu-na-dvou-chromych-nohach","status":"publish","type":"post","link":"https:\/\/www.infokuryr.cz\/n\/2025\/02\/20\/erik-best-spolu-na-dvou-chromych-nohach\/","title":{"rendered":"Erik Best: Spolu na dvou chrom\u00fdch noh\u00e1ch"},"content":{"rendered":"<div id=\"fb-root\"><\/div>\n<p>Prvn\u00ed Trump\u016fv velvyslanec v\u00a0Praze, Stephen King, r\u00e1d hovo\u0159il o\u00a0<a href=\"https:\/\/cz.usembassy.gov\/the-united-states-and-czech-republic-overcoming-challenges-together\/\" target=\"_blank\" rel=\"noopener\">t\u0159\u00ednoh\u00e9 stoli\u010dce<\/a>\u00a0jako metafo\u0159e americko-\u010desk\u00fdch vztah\u016f stoj\u00edc\u00edch na t\u0159ech pil\u00ed\u0159\u00edch &#8211; p\u0159\u00e1telstv\u00ed, bezpe\u010dnosti a\u00a0ekonomick\u00e9 prosperit\u011b. T\u0159\u00ednoh\u00e1 stoli\u010dka je velmi stabiln\u00ed objekt, \u0159\u00edkal, ale ka\u017ed\u00e1 noha m\u00e1\u00a0<a href=\"https:\/\/cz.usembassy.gov\/presidents-wilson-and-masaryk-celebrated-independence-day-in-prague\/\" target=\"_blank\" rel=\"noopener\">z\u00e1sadn\u00ed v\u00fdznam<\/a>. Bez lepidla\u00a0<a href=\"https:\/\/www.czechleaders.com\/interviews\/stephen-b-king\/\" target=\"_blank\" rel=\"noopener\">dlouho nevydr\u017e\u00ed<\/a>.<\/p>\n<p>Tak\u00e9 koalice Spolu za\u010d\u00ednala jako stabiln\u00ed t\u0159\u00ednoh\u00e1 stoli\u010dka, slepen\u00e1 strachem z\u00a0toho, co by dal\u0161\u00ed Babi\u0161ova vl\u00e1da ud\u011blala s\u00a0ekonomickou prosperitou tradi\u010dn\u00edch struktur stoj\u00edc\u00edch v\u00a0pozad\u00ed ODS, TOP 09 a\u00a0KDU-\u010cSL. Nyn\u00ed dv\u011b z\u00a0t\u011bchto t\u0159\u00ed no\u017ei\u010dek kulhaj\u00ed.<\/p>\n<p>P\u0159edsedu ODS\u00a0<a href=\"https:\/\/www.fsfinalword.cz\/?page=archive&amp;show=1&amp;day=2025-1-13\" target=\"_blank\" rel=\"noopener\">Petra Fialu<\/a>\u00a0u\u017e nebere v\u00e1\u017en\u011b snad nikdo krom\u011b n\u011bj samotn\u00e9ho. P\u0159edsedkyn\u011b TOP 09 Mark\u00e9ta Pekarov\u00e1 Adamov\u00e1 v\u010dera ozn\u00e1mila, \u017ee nebude kandidovat v\u00a0nadch\u00e1zej\u00edc\u00edch volb\u00e1ch do Poslaneck\u00e9 sn\u011bmovny, ale setrv\u00e1v\u00e1 ve funkci p\u0159edsedkyn\u011b strany do listopadu v\u00a0jak\u00e9msi klidov\u011bj\u0161\u00edm re\u017eimu.<\/p>\n<p>Stabilita stoli\u010dky tak spo\u010d\u00edv\u00e1 u\u017e jen na skaln\u00edm p\u0159edsedovi KDU-\u010cSL Marku V\u00fdborn\u00e9m. Spolu v\u00a0roce 2021 proti Andreji Babi\u0161ovi tvrd\u011b bojovalo, rozhodlo se mu to v\u0161ak v\u00a0roce 2025 uleh\u010dit.<\/p>\n<p><a href=\"https:\/\/www.fsfinalword.cz\/?page=archive&amp;day=2025-02-19&amp;utm_source=utm_source%3Dnewsletter&amp;utm_medium=utm_medium%3De-mail&amp;utm_campaign=utm_campaign%3Dfinal_word_19.2.2025\">Erik Best<\/a><\/p>\n<p><img decoding=\"async\" loading=\"lazy\" class=\"alignnone  wp-image-1179\" src=\"http:\/\/www.infokuryr.cz\/n\/wp-content\/uploads\/2021\/04\/erik-best.jpg\" alt=\"\" width=\"144\" height=\"162\" \/><\/p>\n<p>&nbsp;<\/p>\n","protected":false},"excerpt":{"rendered":"<p>Prvn\u00ed Trump\u016fv velvyslanec v\u00a0Praze, Stephen King, r\u00e1d hovo\u0159il o\u00a0t\u0159\u00ednoh\u00e9 stoli\u010dce\u00a0jako metafo\u0159e americko-\u010desk\u00fdch vztah\u016f stoj\u00edc\u00edch na&#8230;<\/p>\n","protected":false},"author":2,"featured_media":1156,"comment_status":"closed","ping_status":"closed","sticky":false,"template":"","format":"standard","meta":[],"categories":[6],"tags":[1503,35,122,1085],"_links":{"self":[{"href":"https:\/\/www.infokuryr.cz\/n\/wp-json\/wp\/v2\/posts\/72720"}],"collection":[{"href":"https:\/\/www.infokuryr.cz\/n\/wp-json\/wp\/v2\/posts"}],"about":[{"href":"https:\/\/www.infokuryr.cz\/n\/wp-json\/wp\/v2\/types\/post"}],"author":[{"embeddable":true,"href":"https:\/\/www.infokuryr.cz\/n\/wp-json\/wp\/v2\/users\/2"}],"replies":[{"embeddable":true,"href":"https:\/\/www.infokuryr.cz\/n\/wp-json\/wp\/v2\/comments?post=72720"}],"version-history":[{"count":0,"href":"https:\/\/www.infokuryr.cz\/n\/wp-json\/wp\/v2\/posts\/72720\/revisions"}],"wp:featuredmedia":[{"embeddable":true,"href":"https:\/\/www.infokuryr.cz\/n\/wp-json\/wp\/v2\/media\/1156"}],"wp:attachment":[{"href":"https:\/\/www.infokuryr.cz\/n\/wp-json\/wp\/v2\/media?parent=72720"}],"wp:term":[{"taxonomy":"category","embeddable":true,"href":"https:\/\/www.infokuryr.cz\/n\/wp-json\/wp\/v2\/categories?post=72720"},{"taxonomy":"post_tag","embeddable":true,"href":"https:\/\/www.infokuryr.cz\/n\/wp-json\/wp\/v2\/tags?post=72720"}],"curies":[{"name":"wp","href":"https:\/\/api.w.org\/{rel}","templated":true}]}}