{"id":72698,"date":"2025-02-20T00:13:08","date_gmt":"2025-02-19T23:13:08","guid":{"rendered":"https:\/\/www.infokuryr.cz\/n\/?p=72698"},"modified":"2025-02-19T13:15:38","modified_gmt":"2025-02-19T12:15:38","slug":"evropska-unie-pripravila-pro-ukrajinu-plan-ve-vysi-700-miliard-eur","status":"publish","type":"post","link":"https:\/\/www.infokuryr.cz\/n\/2025\/02\/20\/evropska-unie-pripravila-pro-ukrajinu-plan-ve-vysi-700-miliard-eur\/","title":{"rendered":"Evropsk\u00e1 unie p\u0159ipravila pro Ukrajinu pl\u00e1n ve v\u00fd\u0161i 700 miliard eur"},"content":{"rendered":"<div id=\"fb-root\"><\/div>\n<p><span>N\u011bmeck\u00e1 ministryn\u011b zahrani\u010d\u00ed Annalena Baerbockov\u00e1 p\u0159i senza\u010dn\u00edm incidentu necht\u011bn\u011b odhalila pl\u00e1ny Evropsk\u00e9 unie, kter\u00e9 m\u011bly b\u00fdt utajeny a\u017e do feder\u00e1ln\u00edch voleb. Podle <\/span><a href=\"https:\/\/www.berliner-zeitung.de\/wirtschaft-verantwortung\/baerbock-verplappert-sich-nach-der-wahl-milliarden-fuer-ukraine-li.2295623\" target=\"_blank\" rel=\"noreferrer noopener\" data-type=\"link\" data-id=\"https:\/\/www.berliner-zeitung.de\/wirtschaft-verantwortung\/baerbock-verplappert-sich-nach-der-wahl-milliarden-fuer-ukraine-li.2295623\"><span>zpr\u00e1vy v Berliner Zeitung<\/span><\/a><span>\u00a0z 18. \u00fanora 2025 se jednalo o rozs\u00e1hl\u00fd zbrojn\u00ed projekt na podporu Ukrajiny v hodnot\u011b n\u011bkolika miliard eur. Baerbockovo nedbal\u00e9 prohl\u00e1\u0161en\u00ed vyneslo tyto d\u016fv\u011brn\u00e9 informace na sv\u011btlo a vyvolalo zna\u010dn\u00e9 nepokoje v r\u00e1mci EU a n\u011bmeck\u00e9 vl\u00e1dy.<\/span><\/p>\n<p><span>K odhalen\u00ed do\u0161lo b\u011bhem tiskov\u00e9 konference, kde Baerbock odpov\u011bd\u011bl na ot\u00e1zku novin\u00e1\u0159e. Ve sv\u00e9 odpov\u011bdi zm\u00ednila podrobn\u00e9 aspekty pl\u00e1novan\u00e9ho zbrojn\u00edho projektu, v\u010detn\u011b finan\u010dn\u00edho rozsahu a pl\u00e1novan\u00fdch dodac\u00edch lh\u016ft. Tyto informace nebyly d\u0159\u00edve ve\u0159ejn\u00e9 a m\u011bly b\u00fdt sd\u011bleny a\u017e po nadch\u00e1zej\u00edc\u00edch volb\u00e1ch, aby se p\u0159ede\u0161lo mo\u017en\u00fdm politick\u00fdm dopad\u016fm.<\/span><\/p>\n<p><span>Reakce na Baerbockovo faux pas byly r\u016fzn\u00e9. N\u011bkte\u0159\u00ed politi\u010dt\u00ed pozorovatel\u00e9 kritizovali ministrovi zahrani\u010d\u00ed nedostatek discipl\u00edny a opatrnosti p\u0159i nakl\u00e1d\u00e1n\u00ed s citliv\u00fdmi informacemi. Jin\u00ed vyj\u00e1d\u0159ili obavy, \u017ee p\u0159ed\u010dasn\u00e9 ozn\u00e1men\u00ed projektu by mohlo naru\u0161it vztahy s ostatn\u00edmi \u010dlensk\u00fdmi st\u00e1ty EU, kter\u00e9 nemusely b\u00fdt pln\u011b informov\u00e1ny o pl\u00e1nech nebo mohou m\u00edt odli\u0161n\u00e9 postoje k podpo\u0159e Ukrajiny.<\/span><\/p>\n<p><span>V r\u00e1mci n\u011bmeck\u00e9 vl\u00e1dy vedl incident k intenzivn\u00edm diskus\u00edm o pot\u0159eb\u011b lep\u0161\u00ed koordinace a komunika\u010dn\u00ed strategie, zejm\u00e9na pokud jde o ot\u00e1zky souvisej\u00edc\u00ed s bezpe\u010dnost\u00ed. Bylo zd\u016frazn\u011bno, \u017ee takov\u00e9 chyby by mohly podkopat d\u016fv\u011bru ve vl\u00e1du a ovlivnit \u00fa\u010dinnost zahrani\u010dn\u00ed politiky.<\/span><\/p>\n<p><span>Celkov\u011b Baerbockovo ne\u00famysln\u00e9 odhalen\u00ed ot\u0159\u00e1slo politickou krajinou v N\u011bmecku a Evrop\u011b a zd\u016fraz\u0148uje citlivost tajn\u00fdch dohod, zejm\u00e9na v dob\u011b geopolitick\u00e9ho nap\u011bt\u00ed. Jak\u00e9 dlouhodob\u00e9 d\u016fsledky bude m\u00edt tento incident pro n\u011bmeckou zahrani\u010dn\u00ed politiku a vztahy v r\u00e1mci Evropsk\u00e9 unie, se teprve uvid\u00ed.<\/span><\/p>\n<p><img decoding=\"async\" loading=\"lazy\" class=\"alignnone size-full wp-image-71983\" src=\"http:\/\/www.infokuryr.cz\/n\/wp-content\/uploads\/2025\/02\/aaa.jpg\" alt=\"\" width=\"89\" height=\"23\" \/><\/p>\n<p>&nbsp;<\/p>\n","protected":false},"excerpt":{"rendered":"<p>N\u011bmeck\u00e1 ministryn\u011b zahrani\u010d\u00ed Annalena Baerbockov\u00e1 p\u0159i senza\u010dn\u00edm incidentu necht\u011bn\u011b odhalila pl\u00e1ny Evropsk\u00e9 unie, kter\u00e9 m\u011bly&#8230;<\/p>\n","protected":false},"author":2,"featured_media":69941,"comment_status":"closed","ping_status":"closed","sticky":false,"template":"","format":"standard","meta":[],"categories":[7],"tags":[41,8622,1505,26],"_links":{"self":[{"href":"https:\/\/www.infokuryr.cz\/n\/wp-json\/wp\/v2\/posts\/72698"}],"collection":[{"href":"https:\/\/www.infokuryr.cz\/n\/wp-json\/wp\/v2\/posts"}],"about":[{"href":"https:\/\/www.infokuryr.cz\/n\/wp-json\/wp\/v2\/types\/post"}],"author":[{"embeddable":true,"href":"https:\/\/www.infokuryr.cz\/n\/wp-json\/wp\/v2\/users\/2"}],"replies":[{"embeddable":true,"href":"https:\/\/www.infokuryr.cz\/n\/wp-json\/wp\/v2\/comments?post=72698"}],"version-history":[{"count":0,"href":"https:\/\/www.infokuryr.cz\/n\/wp-json\/wp\/v2\/posts\/72698\/revisions"}],"wp:featuredmedia":[{"embeddable":true,"href":"https:\/\/www.infokuryr.cz\/n\/wp-json\/wp\/v2\/media\/69941"}],"wp:attachment":[{"href":"https:\/\/www.infokuryr.cz\/n\/wp-json\/wp\/v2\/media?parent=72698"}],"wp:term":[{"taxonomy":"category","embeddable":true,"href":"https:\/\/www.infokuryr.cz\/n\/wp-json\/wp\/v2\/categories?post=72698"},{"taxonomy":"post_tag","embeddable":true,"href":"https:\/\/www.infokuryr.cz\/n\/wp-json\/wp\/v2\/tags?post=72698"}],"curies":[{"name":"wp","href":"https:\/\/api.w.org\/{rel}","templated":true}]}}