{"id":72681,"date":"2025-02-19T05:11:55","date_gmt":"2025-02-19T04:11:55","guid":{"rendered":"https:\/\/www.infokuryr.cz\/n\/?p=72681"},"modified":"2025-02-19T05:11:55","modified_gmt":"2025-02-19T04:11:55","slug":"summit-v-rijadu-dosel-k-zaveru-ze-zelensky-musi-skoncit","status":"publish","type":"post","link":"https:\/\/www.infokuryr.cz\/n\/2025\/02\/19\/summit-v-rijadu-dosel-k-zaveru-ze-zelensky-musi-skoncit\/","title":{"rendered":"Summit v Rij\u00e1du do\u0161el k z\u00e1v\u011bru, \u017ee Zelensk\u00fd mus\u00ed skon\u010dit!"},"content":{"rendered":"<div id=\"fb-root\"><\/div>\n<h4>Summit v Rij\u00e1du do\u0161el k z\u00e1v\u011bru, \u017ee Zelensk\u00fd mus\u00ed skon\u010dit! Cestovn\u00ed pl\u00e1n m\u00e1 3 f\u00e1ze! Podle Zelensk\u00e9ho pr\u00fd Rusko a USA jednaj\u00ed o Ukrajin\u011b bez Ukrajiny o smlouv\u011b z Istanbulu! \u00datok na p\u0159e\u010derp\u00e1vac\u00ed stanici dopravuj\u00edc\u00ed americkou ropu z Kazachst\u00e1nu je odvetou Zelensk\u00e9ho? A francouzsk\u00fd novin\u00e1\u0159 odhalil, pro\u010d Petr Fiala nedostal pozv\u00e1nku na sch\u016fzku v\u00e1le\u010dn\u00fdch jest\u0159\u00e1b\u016f v Pa\u0159\u00ed\u017ei!<\/h4>\n<p>V Rij\u00e1du v Sa\u00fadsk\u00e9 Ar\u00e1bii skon\u010dil ost\u0159e sledovan\u00fd summit vyjednava\u010d\u016f z USA a Ruska ve v\u011bci urovn\u00e1n\u00ed konfliktu na Ukrajin\u011b. Z jedn\u00e1n\u00ed vy\u0161el jedin\u00fd ofici\u00e1ln\u00ed z\u00e1v\u011br, \u017ee sch\u016fzka prob\u00edhala velmi dob\u0159e a dal\u0161\u00ed sch\u016fzky budou n\u00e1sledovat. Neofici\u00e1ln\u011b ale na ve\u0159ejnost unikl prvn\u00ed n\u00e1st\u0159el tzv. cestovn\u00edho pl\u00e1nu k m\u00edru, co\u017e tedy nen\u00ed samotn\u00fd m\u00edrov\u00fd pl\u00e1n, ale pouze cesta k n\u011bmu.<\/p>\n<p><strong>Podle novin\u00e1\u0159\u016f se pr\u00fd jedn\u00e1 zat\u00edm o rann\u00fd n\u00e1vrh\u00a0tzv. t\u0159\u00edf\u00e1zov\u00e9ho cestovn\u00edho pl\u00e1nu, kter\u00fd by m\u011bl celkem 3 cestovn\u00ed body.<\/strong>\u00a0T\u00edm prvn\u00edm bodem by bylo p\u0159\u00edm\u011b\u0159\u00ed. Druh\u00fdm bodem by byly rychl\u00e9 volby nov\u00e9ho prezidenta na Ukrajin\u011b. A t\u0159et\u00edm bodem by bylo to hlavn\u00ed, zah\u00e1jen\u00ed m\u00edrov\u00fdch rozhovoru mezi Ruskem, USA a nov\u00fdm veden\u00edm Ukrajiny. Donald Trump po skon\u010den\u00ed summitu v Rij\u00e1du ji\u017e prohl\u00e1sil\u00a0<strong>[<a href=\"https:\/\/href.li\/?https:\/\/www.rt.com\/news\/612985-trump-zelensky-election-ukraine\/\" target=\"_blank\" rel=\"nofollow noopener\">1<\/a>]<\/strong>, \u017ee podporuje n\u00e1vrh na rychl\u00e9 kon\u00e1n\u00ed prezidentsk\u00fdch voleb na Ukrajin\u011b.<\/p>\n<p>&nbsp;<\/p>\n<div id=\"rumble_v6k6crx\">\n<div id=\"vid_v6k6crx\" class=\"rumble_v6k6crx-Rumble-cls\" tabindex=\"-1\">\n<div class=\"bigPlayUI ctp\"><div class='videoWrapper'>\r\n\t            <iframe src='https:\/\/rumble.com\/embed\/pj.v6k6crx\/' frameborder='0' allowfullscreen><\/iframe>\r\n\t        <\/div><\/p>\n<div class=\"bigPlayUIInner ctp\"><\/div>\n<\/div>\n<\/div>\n<\/div>\n<p>&nbsp;<\/p>\n<p>Tato cestovn\u00ed mapa m\u00e1 mnoho \u00faskal\u00ed a p\u0159ek\u00e1\u017eek. Podle rusk\u00fdch novin\u00e1\u0159\u016f, se kter\u00fdmi na\u0161e redakce mluvila a s odkazem na jejich zdroje rusk\u00e9ho ministerstva zahrani\u010d\u00ed nyn\u00ed v\u00edme, \u017ee tato cestovn\u00ed mapa m\u00e1 r\u00e1mcovou podporu USA i Ruska, ale je v n\u00ed mnoho p\u0159ek\u00e1\u017eek. Za prv\u00e9, ze strany Ruska jde o obavy, aby b\u011bhem p\u0159\u00edm\u011b\u0159\u00ed neza\u010dala Ukrajina za pomoci v\u00e1le\u010dn\u00fdch jest\u0159\u00e1b\u016f z EU posilovat vojensk\u00e9 pozice, p\u0159ezbrojovat arzen\u00e1l, nasunovat nov\u00e9 zbran\u011b na Ukrajinu, a to pod rou\u0161kou p\u0159\u00edm\u011b\u0159\u00ed a p\u0159\u00edprav na uspo\u0159\u00e1d\u00e1n\u00ed voleb.<\/p>\n<p>&nbsp;<\/p>\n<div id=\"rumble_v6k8mf3\">\n<div id=\"vid_v6k8mf3\" class=\"rumble_v6k8mf3-Rumble-cls\" tabindex=\"-1\">\n<div class=\"bigPlayUI ctp\"><div class='videoWrapper'>\r\n\t            <iframe src='https:\/\/rumble.com\/embed\/pj.v6k8mf3\/' frameborder='0' allowfullscreen><\/iframe>\r\n\t        <\/div><\/p>\n<div class=\"bigPlayUIInner ctp\"><\/div>\n<\/div>\n<\/div>\n<\/div>\n<p>&nbsp;<\/p>\n<p>Dal\u0161\u00edm bodem pr\u00fd jsou nejasnosti, jak rychle by ty volby m\u011bly prob\u011bhnout. USA pr\u00fd podporuj\u00ed horizont 12 a\u017e 18 m\u011bs\u00edc\u016f, aby se na Ukrajinu mohli vr\u00e1tit Ukrajinci z exilu a hlasovat, proto\u017ee mnoh\u00fdm ji\u017e propadly cestovn\u00ed pasy. Rusk\u00e1 strana se ob\u00e1v\u00e1, \u017ee toto obdob\u00ed do voleb by bylo zneu\u017eito k mohutn\u00e9mu p\u0159ezbrojen\u00ed Ukrajiny a navrhuje proto dobu kon\u00e1n\u00ed voleb ne pozd\u011bji ne\u017e 4 m\u011bs\u00edce po podpisu p\u0159\u00edm\u011b\u0159\u00ed, a to s klauzul\u00ed, \u017ee pokud Ukrajina za\u010dne dov\u00e1\u017eet jak\u00e9koliv nov\u00e9 zbran\u011b, tak Rusko okam\u017eit\u011b od dohody odstupuje.<\/p>\n<h6><span style=\"font-size: 18pt;\">Zelensk\u00fd prohl\u00e1sil, \u017ee v Rij\u00e1du se mezi USA a Ruskem znovu jedn\u00e1 o t\u00e9 sam\u00e9 smlouv\u011b z Istanbulu, kterou Ukrajina v roce 2022 nejprve podepsala, potom zru\u0161ila<\/span><\/h6>\n<p>Dal\u0161\u00edm probl\u00e9mem jsou volebn\u00ed okrsky, kde se bude hlasovat o prezidentovi. Rusko odm\u00edt\u00e1, aby volby prob\u00edhaly na rusk\u00e9m \u00fazem\u00ed, kter\u00e9 okupuje Ukrajina, tedy v \u010d\u00e1sti Z\u00e1poro\u017e\u00ed a Chersonu pod kontrolou ukrajinsk\u00e9 arm\u00e1dy.\u00a0<strong>Nejv\u011bt\u0161\u00edm probl\u00e9mem je ale pl\u00e1n na vysl\u00e1n\u00ed m\u00edrov\u00fdch jednotek zem\u00ed NATO na Ukrajinu, ale bez mand\u00e1tu NATO<\/strong>, n\u00fdbr\u017e pod vlajkou bu\u010f Evropsk\u00e9 unie, anebo pod st\u00e1tn\u00edmi vlajkami jednotliv\u00fdch zem\u00ed NATO, tak\u017ee ty jednotky by tam byly za dan\u00e9 st\u00e1ty a ne za alianci.<\/p>\n<p>&nbsp;<\/p>\n<div id=\"rumble_v6k6e8u\">\n<div id=\"vid_v6k6e8u\" class=\"rumble_v6k6e8u-Rumble-cls\" tabindex=\"-1\">\n<div class=\"bigPlayUI ctp\"><div class='videoWrapper'>\r\n\t            <iframe src='https:\/\/rumble.com\/embed\/pj.v6k6e8u\/' frameborder='0' allowfullscreen><\/iframe>\r\n\t        <\/div><\/p>\n<div class=\"bigPlayUIInner ctp\"><\/div>\n<\/div>\n<\/div>\n<\/div>\n<p>&nbsp;<\/p>\n<p>Jen\u017ee, tohle v Rij\u00e1du rusk\u00e1 delegace ost\u0159e smetla ze stolu hned ze za\u010d\u00e1tku, \u017ee to nep\u0159ich\u00e1z\u00ed v \u00favahu. To by se pr\u00fd neli\u0161ilo od vstupu Ukrajiny do NATO, jenom s t\u00edm rozd\u00edlem, \u017ee NATO by vstoupilo do Ukrajiny.\u00a0<em>To nep\u0159ich\u00e1z\u00ed v \u00favahu<\/em>, prohl\u00e1sil Sergej Lavrov na tiskov\u00e9 konferenci po skon\u010den\u00ed summitu. Lavrov si ale pochv\u00e1lil, \u017ee Ameri\u010dan\u00e9 pr\u00fd u\u017e za\u010dali l\u00e9pe ch\u00e1pat ruskou pozici a pro\u010d Rusko spat\u0159uje \u010dlenstv\u00ed Ukrajiny v NATO jako existen\u010dn\u00ed hrozbu pro ruskou n\u00e1rodn\u00ed bezpe\u010dnost. Mezit\u00edm Zelensk\u00fd na n\u00e1v\u0161t\u011bv\u011b v Turecku odpov\u00eddal novin\u00e1\u0159\u016fm na dotazy a sv\u011b\u0159il se, \u017ee m\u00e1 informace o tom, \u017ee mezi USA a Ruskem se pr\u00fd moment\u00e1ln\u011b jedn\u00e1 o Ukrajin\u011b bez Ukrajiny.<\/p>\n<p>&nbsp;<\/p>\n<div id=\"rumble_v3vcc5m\">\n<div id=\"vid_v3vcc5m\" class=\"rumble_v3vcc5m-Rumble-cls\" tabindex=\"-1\">\n<div class=\"bigPlayUI ctp\"><div class='videoWrapper'>\r\n\t            <iframe src='https:\/\/rumble.com\/embed\/pj.v3vcc5m\/' frameborder='0' allowfullscreen><\/iframe>\r\n\t        <\/div><\/p>\n<div class=\"bigPlayUIInner ctp\"><\/div>\n<\/div>\n<\/div>\n<\/div>\n<p>&nbsp;<\/p>\n<p>Jednaj\u00ed pr\u00fd o t\u00e9 sam\u00e9 smlouv\u011b, kterou v Istanbulu nejprve ukrajinsk\u00e1 delegace pod veden\u00edm Davida Arachamii parafovala koncem b\u0159ezna 2022, ale\u00a0<strong>nakonec po n\u00e1tlaku britsk\u00e9ho premi\u00e9ra Borise Johnsona tu smlouvu shodil Kyjev pod st\u016fl. Video s p\u0159izn\u00e1n\u00edm Arachamii o pravosti informac\u00ed o smlouv\u011b z Istanbulu m\u00e1te v\u00fd\u0161e.<\/strong>\u00a0\u010cl\u00e1nek jsme p\u0159inesli\u00a0<strong>[<a href=\"https:\/\/aeronet.news\/vedouci-ukrajinske-delegace-z-istanbulu-a-predseda-parlamentniho-klubu-zelenskeho-strany-po-chvilce-vahani-odpalil-na-ukrajinske-televizi-pravdu-ze-valka-na-ukrajine-mohla-skoncit-v-breznu-2022\/\">2<\/a>]<\/strong>\u00a0v listopadu 2023. Podle Zelensk\u00e9ho ta smlouva je te\u010f znovu na stole v Rij\u00e1du a USA s Ruskem o n\u00ed znovu jednaj\u00ed. Zelensk\u00fd se sna\u017eil situaci bagatelizovat t\u00edm, \u017ee si polo\u017eil ot\u00e1zku, \u017ee kdy\u017e Ukrajina tu smlouvu odm\u00edtla v roce 2022, pro\u010d si n\u011bkdo v Rij\u00e1du mysl\u00ed, \u017ee ji Ukrajina p\u0159ijme te\u010f?<\/p>\n<h6><span style=\"font-size: 18pt;\">Ukrajina provedla \u00fatok na americk\u00fd ropovod v Krasnodarsk\u00e9m kraji na jihu Ruska<\/span><\/h6>\n<p>Podle posledn\u00edch informac\u00ed se Zelensk\u00fd na\u0161tval na USA, proto\u017ee podle v\u0161eho na\u0159\u00eddil \u00fatok pomoc\u00ed dron\u016f na p\u0159e\u010derp\u00e1vac\u00ed stanici ropovodu ve m\u011bst\u011b\u00a0<em>Kropotkinskaja<\/em>\u00a0v Krasnodarsk\u00e9m kraji. Ta ale nep\u0159epravuje ruskou ropu, n\u00fdbr\u017e kazachst\u00e1nskou ropu konsorcia, ve kter\u00e9m maj\u00ed pod\u00edl Ameri\u010dan\u00e9.\u00a0<strong>P\u0159e\u010derp\u00e1vac\u00ed stanice ropy provozovan\u00e1 Kaspick\u00fdm ropovodn\u00fdm konsorciem (CPC) v rusk\u00e9m Krasnodarsk\u00e9m kraji se stala ter\u010dem \u00fatoku bezpilotn\u00edho letounu (UAV)<\/strong>, kter\u00fd si vynutil jej\u00ed uzav\u0159en\u00ed. V d\u016fsledku toho byl omezen pr\u016ftok ropy ropovodem, p\u0159i\u010dem\u017e po\u0161kozen\u00e1 stanice byla odpojena pomoc\u00ed\u00a0<em>bypassu<\/em>, aby byl zachov\u00e1n ur\u010dit\u00fd stupe\u0148 provozu, uvedlo CPC v prohl\u00e1\u0161en\u00ed, News.Az.<\/p>\n<p>\u201c<em>Dne 17. \u00fanora 2025 se \u010derpac\u00ed stanice \u2018Kropotkinskaja\u2019, kterou provozuje Kaspick\u00e9 potrubn\u00ed konsorcium (CPC), stala ter\u010dem \u00fatoku dronu. \u00datoku se z\u00fa\u010dastnilo sedm bezpilotn\u00edch letoun\u016f, ka\u017ed\u00fd vyzbrojen\u00fd v\u00fdbu\u0161ninami a kovov\u00fdmi \u0161rapnely. \u00datok prob\u00edhal v intervalech s c\u00edlem naru\u0161it provoz a potenci\u00e1ln\u011b zp\u016fsobit ob\u011bti mezi zam\u011bstnanci stanice. \u017d\u00e1dn\u00fd person\u00e1l v\u0161ak nebyl zran\u011bn a koordinovan\u00fdm \u00fasil\u00edm zam\u011bstnanc\u016f CPC se poda\u0159ilo zabr\u00e1nit \u00faniku ropy,\u201d uv\u00e1d\u00ed se v prohl\u00e1\u0161en\u00ed. Na m\u00edsto byl vysl\u00e1n mana\u017eersk\u00fd t\u00fdm veden\u00fd gener\u00e1ln\u00edm \u0159editelem N. N. Gorbanem, aby posoudil \u0161kody a ur\u010dil, jak dlouho bude trvat obnoven\u00ed provozu stanice<\/em>. \u201cV sou\u010dasn\u00e9 dob\u011b je \u010derpac\u00ed stanice \u201cKropotkinsk\u00e1\u201d mimo provoz.<\/p>\n<figure id=\"attachment_62696\" class=\"wp-caption aligncenter\" style=\"width: 807px;\"><a href=\"https:\/\/aeronet.news\/wp-content\/uploads\/CPC_Pipeline.jpg\"><img decoding=\"async\" loading=\"lazy\" class=\"wp-image-62696 \" src=\"https:\/\/aeronet.news\/wp-content\/uploads\/CPC_Pipeline.jpg\" sizes=\"(max-width: 800px) 100vw, 800px\" srcset=\"https:\/\/aeronet.news\/wp-content\/uploads\/CPC_Pipeline.jpg 800w, https:\/\/aeronet.news\/wp-content\/uploads\/CPC_Pipeline-300x129.jpg 300w, https:\/\/aeronet.news\/wp-content\/uploads\/CPC_Pipeline-768x331.jpg 768w, https:\/\/aeronet.news\/wp-content\/uploads\/CPC_Pipeline-700x302.jpg 700w\" alt=\"\" width=\"807\" height=\"348\" \/><\/a><figcaption class=\"wp-caption-text\">Mapa ropovodu CPC<\/figcaption><\/figure>\n<p>\u201c<em>P\u0159eprava ropy ropovodem Tengiz-Novorossijsk pokra\u010duje se sn\u00ed\u017eenou rychlost\u00ed \u010derp\u00e1n\u00ed a stanici obch\u00e1z\u00ed,<\/em>\u201d\u00a0dod\u00e1v\u00e1 se v prohl\u00e1\u0161en\u00ed\u00a0<strong>[<a href=\"https:\/\/href.li\/?https:\/\/www.cpc.ru\/RU\/press\/releases\/2025\/Pages\/20250217.aspx\" target=\"_blank\" rel=\"nofollow noopener\">3<\/a>]<\/strong>. Lavrov prohl\u00e1sil\u00a0<strong>[<a href=\"https:\/\/href.li\/?https:\/\/www.rt.com\/russia\/612977-zelensky-brought-to-senses-lavrov\/\" target=\"_blank\" rel=\"nofollow noopener\">4<\/a>]<\/strong>, \u017ee Zelensk\u00fd po tomto \u010dinu mus\u00ed b\u00fdt p\u0159iveden k rozumu a uvedl, \u017ee toto Zelensk\u00e9ho\u00a0<em>tantrum<\/em>\u00a0je posledn\u00edm d\u016fkazem, \u017ee Zelensk\u00fd ztratil ve\u0161kerou soudnost.\u00a0V\u011bt\u0161ina ropy p\u0159e\u010derp\u00e1van\u00e9 potrubn\u00edm syst\u00e9mem tohoto konglomer\u00e1tu poch\u00e1z\u00ed z ropn\u00fdch pol\u00ed v z\u00e1padn\u00edm Kazachst\u00e1nu, p\u0159i\u010dem\u017e\u00a0<strong>americk\u00e9 spole\u010dnosti kontroluj\u00ed p\u0159ibli\u017en\u011b 40 % dod\u00e1vek<\/strong>\u00a0p\u0159epravovan\u00fdch z tohoto za\u0159\u00edzen\u00ed.<\/p>\n<p>Tento \u201c<em>posledn\u00ed z\u00e1chvat vzteku<\/em>\u201d byl v podstat\u011b \u201c<em>\u00fatokem na energetickou infrastrukturu Kazachst\u00e1nu,<\/em>\u201d uvedl Lavrov b\u011bhem tiskov\u00e9ho br\u00edfinku po dvoustrann\u00fdch jedn\u00e1n\u00edch s diplomatickou delegac\u00ed USA v Rij\u00e1du. Lze se jen dohadovat, pro\u010d \u201c<em>n\u011bkdo v Kyjev\u011b<\/em>\u201d vydal p\u0159\u00edkaz, dodal. \u201c<em>Ale m\u011blo by to jen pos\u00edlit odhodl\u00e1n\u00ed v\u0161ech, \u017ee to nem\u016f\u017ee pokra\u010dovat,<\/em>\u201d zd\u016fraznil diplomat. Naproti tomu a navzdory \u00fatoku Ukrajiny na americk\u00fd ropovod se v\u00a0samotn\u00e9m Rij\u00e1du p\u0159itom sch\u016fzka konala za p\u0159\u00edtomnosti 3 Ameri\u010dan\u016f, 2 Rus\u016f a 2 Saud\u016f.<\/p>\n<h6><span style=\"font-size: 18pt;\">V Rij\u00e1du se jednalo ve form\u00e1tu 3+2<\/span><\/h6>\n<p>Prvn\u00edm z\u00e1stupcem USA byl americk\u00fd ministr zahrani\u010d\u00ed Marco Rubio ji\u017e t\u0159i dny p\u0159ed jedn\u00e1n\u00edm telefonicky hovo\u0159il se sv\u00fdm rusk\u00fdm prot\u011bj\u0161kem Sergejem Lavrovem. Po \u00fatern\u00ed sch\u016fzce \u0159ekl, \u017ee je p\u0159esv\u011bd\u010den, \u017ee Rusko je p\u0159ipraveno na \u201c<em>seri\u00f3zn\u00ed proces<\/em>\u201d k ukon\u010den\u00ed v\u00e1lky a ob\u011b zem\u011b obnov\u00ed diplomatick\u00e9 vztahy.<\/p>\n<p><strong>Rubio dlouhodob\u011b usiluje o ukon\u010den\u00ed v\u00e1lky na Ukrajin\u011b a hlasoval proti bal\u00ed\u010dku americk\u00e9 vojensk\u00e9 pomoci ve v\u00fd\u0161i 6 miliard dolar\u016f v roce 2024.<\/strong>\u00a0Za nejv\u011bt\u0161\u00edho protivn\u00edka Ameriky pova\u017euje \u010c\u00ednu a domn\u00edv\u00e1 se, \u017ee Peking je r\u00e1d, \u017ee USA \u201c<em>zab\u0159edly do Evropy<\/em>\u201c. Upozornil, \u017ee \u201c<em>jedna sch\u016fzka v\u00e1lku nevy\u0159e\u0161\u00ed<\/em>\u201c, a dal najevo, \u017ee se bude muset zapojit i Ukrajina a Evropa: \u201c<em>Nikdo zde nen\u00ed odsunut na vedlej\u0161\u00ed kolej<\/em>.\u201d<\/p>\n<figure id=\"attachment_62693\" class=\"wp-caption aligncenter\" style=\"width: 712px;\"><a href=\"https:\/\/aeronet.news\/wp-content\/uploads\/WitkoffRubioWaltz.jpg\"><img decoding=\"async\" loading=\"lazy\" class=\"wp-image-62693 \" src=\"https:\/\/aeronet.news\/wp-content\/uploads\/WitkoffRubioWaltz-1024x683.jpg\" sizes=\"(max-width: 700px) 100vw, 700px\" srcset=\"https:\/\/aeronet.news\/wp-content\/uploads\/WitkoffRubioWaltz-1024x683.jpg 1024w, https:\/\/aeronet.news\/wp-content\/uploads\/WitkoffRubioWaltz-300x200.jpg 300w, https:\/\/aeronet.news\/wp-content\/uploads\/WitkoffRubioWaltz-768x512.jpg 768w, https:\/\/aeronet.news\/wp-content\/uploads\/WitkoffRubioWaltz-700x467.jpg 700w, https:\/\/aeronet.news\/wp-content\/uploads\/WitkoffRubioWaltz-535x357.jpg 535w, https:\/\/aeronet.news\/wp-content\/uploads\/WitkoffRubioWaltz-724x483.jpg 724w, https:\/\/aeronet.news\/wp-content\/uploads\/WitkoffRubioWaltz.jpg 1280w\" alt=\"\" width=\"712\" height=\"475\" \/><\/a><figcaption class=\"wp-caption-text\">Zleva: Steve Witkoff, Marco Rubio, Mike Waltz<\/figcaption><\/figure>\n<p>Druh\u00fdm z\u00e1stupcem USA byl poradce pro n\u00e1rodn\u00ed bezpe\u010dnost Mike Waltz a po jedn\u00e1n\u00ed hovo\u0159il o prosazov\u00e1n\u00ed trval\u00e9ho, nikoli do\u010dasn\u00e9ho ukon\u010den\u00ed v\u00e1lky. O v\u00edkendu v\u0161ak nazna\u010dil, \u017ee USA si zaslou\u017e\u00ed \u201c<em>ur\u010dit\u00fd druh odplaty<\/em>\u201d za miliardy, kter\u00e9 od jej\u00edho za\u010d\u00e1tku vyplatily Ukrajin\u011b. Nemysl\u00ed si jen, \u017ee Evropan\u00e9 mus\u00ed tento konflikt \u201c<em>p\u0159evz\u00edt do sv\u00fdch rukou<\/em>\u201c, pokud jde o budouc\u00ed bezpe\u010dnostn\u00ed z\u00e1ruky. Mysl\u00ed si tak\u00e9, \u017ee by se Ukrajina m\u011bla v partnerstv\u00ed s USA pod\u011blit o sv\u00e9 nerostn\u00e9 bohatstv\u00ed, \u201c<em>pokud jde o jejich vz\u00e1cn\u00e9 zeminy, p\u0159\u00edrodn\u00ed zdroje a ropu a plyn<\/em>\u201c.<\/p>\n<h6><span style=\"font-size: 18pt;\">Lavrov s U\u0161akovem byli u stolu, Dmitrijev \u010dekal venku<\/span><\/h6>\n<p>T\u0159et\u00edm z\u00e1stupcem USA v Rij\u00e1du byl Steve Witkoff a je sp\u00ed\u0161e nezn\u00e1mou veli\u010dinou. A\u010dkoli se jednalo o prvn\u00ed ofici\u00e1ln\u00ed jedn\u00e1n\u00ed mezi Ruskem a USA po t\u00e9m\u011b\u0159 dvou letech, Witkoff byl mu\u017eem, kter\u00e9ho se Donald Trump rozhodl vyslat do Moskvy na jedn\u00e1n\u00ed s Vladimirem Putinem teprve minul\u00fd t\u00fdden.<\/p>\n<p>Zd\u00e1nliv\u011b je to Trump\u016fv vyslanec pro Bl\u00edzk\u00fd v\u00fdchod, ale prezident\u016fv b\u00fdval\u00fd golfov\u00fd partner je zjevn\u011b mnohem v\u00fdznamn\u011bj\u0161\u00ed a je pova\u017eov\u00e1n za prezidentova loaj\u00e1ln\u00edho a obl\u00edben\u00e9ho obchodn\u00edka. Pod\u00edlel se na jedn\u00e1n\u00edch o uzav\u0159en\u00ed p\u0159\u00edm\u011b\u0159\u00ed mezi Izraelem a Ham\u00e1sem, ale pot\u00e9 byl vysl\u00e1n do Ruska, aby pomohl s v\u00fdm\u011bnou americk\u00e9ho v\u011bzn\u011b Marca Fogela za Rusa Alexandra Vinnika, kter\u00fd byl v\u011bzn\u011bn v Americe.<\/p>\n<figure id=\"attachment_62692\" class=\"wp-caption aligncenter\" style=\"width: 706px;\"><a href=\"https:\/\/aeronet.news\/wp-content\/uploads\/UshakovLavrov.jpg\"><img decoding=\"async\" loading=\"lazy\" class=\"wp-image-62692 \" src=\"https:\/\/aeronet.news\/wp-content\/uploads\/UshakovLavrov-1024x635.jpg\" sizes=\"(max-width: 700px) 100vw, 700px\" srcset=\"https:\/\/aeronet.news\/wp-content\/uploads\/UshakovLavrov-1024x635.jpg 1024w, https:\/\/aeronet.news\/wp-content\/uploads\/UshakovLavrov-300x186.jpg 300w, https:\/\/aeronet.news\/wp-content\/uploads\/UshakovLavrov-768x476.jpg 768w, https:\/\/aeronet.news\/wp-content\/uploads\/UshakovLavrov-700x434.jpg 700w, https:\/\/aeronet.news\/wp-content\/uploads\/UshakovLavrov-576x357.jpg 576w, https:\/\/aeronet.news\/wp-content\/uploads\/UshakovLavrov-779x483.jpg 779w, https:\/\/aeronet.news\/wp-content\/uploads\/UshakovLavrov.jpg 1280w\" alt=\"\" width=\"706\" height=\"438\" \/><\/a><figcaption class=\"wp-caption-text\">Zleva: Jurij U\u0161akov, Sergej Lavrov<\/figcaption><\/figure>\n<p>Rusko si pro tuto prvn\u00ed v\u00fdm\u011bnu n\u00e1zor\u016f vybralo dva vrcholn\u00e9 diplomaty. Oba jsou veter\u00e1ni a USA dob\u0159e znaj\u00ed: Jurij U\u0161akov a Sergej Lavrov, ministr zahrani\u010d\u00ed od roku 2004. Pom\u00e1hali Putinovi \u0159\u00eddit jeho zahrani\u010dn\u00ed politiku b\u011bhem t\u0159\u00ed let v\u00e1lky a bylo na Lavrovovi, aby p\u0159ed\u00e1val poselstv\u00ed Moskvy. Jako b\u00fdval\u00fd velvyslanec v USA m\u00e1 77let\u00fd Jurij U\u0161akov dobrou p\u0159edstavu o tom, jak s Washingtonem jednat. B\u011bhem n\u011bkolika dn\u00ed po n\u00e1vratu Donalda Trumpa do B\u00edl\u00e9ho domu dal jasn\u011b najevo, \u017ee Rusko je p\u0159ipraveno k rozhovor\u016fm, pokud USA vy\u0161lou \u201c<em>p\u0159\u00edslu\u0161n\u00e9 sign\u00e1ly<\/em>\u201c.<\/p>\n<h6><span style=\"font-size: 18pt;\">V Rij\u00e1du se jednalo i o businessech mezi USA a Ruskem<\/span><\/h6>\n<p>T\u0159et\u00ed Rus v jednac\u00ed m\u00edstnosti nebyl, ale p\u0159\u00edtomnost Kirilla Dmitrijeva v delegaci sv\u011bd\u010d\u00ed o tom, jak d\u016fle\u017eit\u00fd je pro Vladimira Putina ekonomick\u00fd potenci\u00e1l sa\u00fadsk\u00fdch jedn\u00e1n\u00ed. Dev\u011bta\u010dty\u0159icetilet\u00fd Dmitrijev je \u0161\u00e9fem rusk\u00e9ho Fondu p\u0159\u00edm\u00fdch investic a novin\u00e1\u0159\u016fm \u0159ekl, \u017ee se zam\u011b\u0159\u00ed na budouc\u00ed hospod\u00e1\u0159sk\u00e9 vztahy s USA: \u201c<em>Mus\u00edme tak\u00e9 realizovat spole\u010dn\u00e9 projekty, nap\u0159\u00edklad v arktick\u00e9 oblasti a v dal\u0161\u00edch oblastech<\/em>.\u201d D\u016fle\u017eit\u00e9 je, \u017ee Dmitrijev hr\u00e1l kl\u00ed\u010dovou roli ve spolupr\u00e1ci se Stevem Witkoffem p\u0159i v\u00fdm\u011bn\u011b v\u011bz\u0148\u016f, kter\u00e1 p\u0159edch\u00e1zela telefon\u00e1tu Trumpa s Putinem minul\u00fd t\u00fdden, spolu se sa\u00fadskoarabsk\u00fdm Mohamedem bin Salm\u00e1nem.<\/p>\n<figure id=\"attachment_62694\" class=\"wp-caption aligncenter\" style=\"width: 705px;\"><a href=\"https:\/\/aeronet.news\/wp-content\/uploads\/KirillDmitrijev.jpg\"><img decoding=\"async\" loading=\"lazy\" class=\"wp-image-62694 \" src=\"https:\/\/aeronet.news\/wp-content\/uploads\/KirillDmitrijev-1024x667.jpg\" sizes=\"(max-width: 700px) 100vw, 700px\" srcset=\"https:\/\/aeronet.news\/wp-content\/uploads\/KirillDmitrijev-1024x667.jpg 1024w, https:\/\/aeronet.news\/wp-content\/uploads\/KirillDmitrijev-300x195.jpg 300w, https:\/\/aeronet.news\/wp-content\/uploads\/KirillDmitrijev-768x500.jpg 768w, https:\/\/aeronet.news\/wp-content\/uploads\/KirillDmitrijev-700x456.jpg 700w, https:\/\/aeronet.news\/wp-content\/uploads\/KirillDmitrijev-100x65.jpg 100w, https:\/\/aeronet.news\/wp-content\/uploads\/KirillDmitrijev-548x357.jpg 548w, https:\/\/aeronet.news\/wp-content\/uploads\/KirillDmitrijev-741x483.jpg 741w, https:\/\/aeronet.news\/wp-content\/uploads\/KirillDmitrijev.jpg 1280w\" alt=\"\" width=\"705\" height=\"459\" \/><\/a><figcaption class=\"wp-caption-text\">Kirill Dmitrijev<\/figcaption><\/figure>\n<p>Dmitrijev m\u00e1 \u00fazk\u00e9 vazby na Putinovu rodinu \u2013 jeho man\u017eelka m\u00e1 bl\u00edzko k jedn\u00e9 z Putinov\u00fdch dcer. A jen m\u00e1lo Rus\u016f zn\u00e1 americk\u00fd finan\u010dn\u00ed a obchodn\u00ed sektor l\u00e9pe ne\u017e Dmitrijev, kter\u00fd je\u00a0<strong>b\u00fdval\u00fdm investi\u010dn\u00edm bank\u00e9\u0159em v Goldman Sachs a absolventem Harvard Business School.<\/strong>\u00a0Podle znalc\u016f na Moskevsk\u00e9 City (<em>pozn. finan\u010dn\u00ed distrikt v Moskv\u011b s vysok\u00fdmi mrakodrapy bank a investi\u010dn\u00edch firem<\/em>) je Dmitrijev \u00fazce propojen\u00fd na banky v Lond\u00fdn\u011b a rovn\u011b\u017e na New Yorku, tedy na bankovn\u00ed propojen\u00ed NYLON, tak\u017ee je pova\u017eovan\u00fd za lobbistu, co\u017e m\u016f\u017ee b\u00fdt d\u016fvod, pro\u010d nebyl p\u0159\u00edmo v jednac\u00ed m\u00edstnosti.<\/p>\n<h6><span style=\"font-size: 18pt;\">\u010cesko vynalo\u017eilo 5. nejvy\u0161\u0161\u00ed v\u00fddaje na Ukrajinu a Ukrajince, v\u00edce ne\u017e Francie, ale Fiala p\u0159esto pozv\u00e1n\u00ed k Macronovi na bojovou sch\u016fzku nedostal<\/span><\/h6>\n<p>V t\u00e9 byli i oba sa\u00fad\u0161t\u00ed hostitel\u00e9 a p\u0159edsedali za\u010d\u00e1tku jedn\u00e1n\u00ed, ale v m\u00edstnosti nez\u016fstali, p\u0159ed za\u010d\u00e1tkem jedn\u00e1n\u00ed Rus\u016f a Ameri\u010dan\u016f ode\u0161li. Ministr zahrani\u010d\u00ed Prince Faisal bin Farhan hr\u00e1l letos aktivn\u00ed roli nejvy\u0161\u0161\u00edho sa\u00fadsk\u00e9ho diplomata, nav\u0161t\u00edvil Libanon a Evropu a hostil mezin\u00e1rodn\u00ed setk\u00e1n\u00ed zam\u011b\u0159en\u00e9 na zru\u0161en\u00ed sankc\u00ed v\u016f\u010di S\u00fdrii. Sa\u00fadsk\u00fd poradce pro n\u00e1rodn\u00ed bezpe\u010dnost Musaed al-Aiban se rovn\u011b\u017e v\u00fdznamn\u011b pod\u00edlel na podpo\u0159e sa\u00fadsk\u00fdch vazeb s nov\u00fdm syrsk\u00fdm v\u016fdcem Ahmedem al-Sharaa.<\/p>\n<p>Zat\u00edmco tedy v Rij\u00e1du se za\u010dalo zad\u011bl\u00e1vat t\u011bsto na m\u00edrov\u00fd chl\u00e9b na Ukrajin\u011b, tak mezit\u00edm\u00a0<strong>do Pa\u0159\u00ed\u017ee svolal Emmanuel Macron tzv. pohotovostn\u00ed sch\u016fzku podporovatel\u016f Ukrajiny, tedy v\u00e1le\u010dn\u00fdch jest\u0159\u00e1b\u016f usiluj\u00edc\u00edch o pokra\u010dov\u00e1n\u00ed v\u00e1lky.<\/strong>\u00a0Jedn\u00e1n\u00ed se z\u00fa\u010dastnilo 8 zem\u00ed NATO, \u0161\u00e9f NATO a \u0161\u00e9fka Evropsk\u00e9 komise zastupuj\u00edc\u00ed EU. Petr Fiala pozv\u00e1n nebyl, a to ani p\u0159esto, \u017ee \u010cR pod jeho veden\u00edm je v \u017eeb\u0159\u00ed\u010dku na 5. m\u00edst\u011b finan\u010dn\u00ed podpory Ukrajiny v Evrop\u011b. \u010cR vynakl\u00e1d\u00e1 z evropsk\u00fdch zem\u00ed na Ukrajinu v\u00edce ne\u017e Francie.<\/p>\n<p><a href=\"https:\/\/aeronet.news\/wp-content\/uploads\/UkraineFinancialSupport.jpg\"><img decoding=\"async\" loading=\"lazy\" class=\"aligncenter wp-image-62695 size-full\" src=\"https:\/\/aeronet.news\/wp-content\/uploads\/UkraineFinancialSupport.jpg\" sizes=\"(max-width: 700px) 100vw, 700px\" srcset=\"https:\/\/aeronet.news\/wp-content\/uploads\/UkraineFinancialSupport.jpg 700w, https:\/\/aeronet.news\/wp-content\/uploads\/UkraineFinancialSupport-300x280.jpg 300w, https:\/\/aeronet.news\/wp-content\/uploads\/UkraineFinancialSupport-383x357.jpg 383w, https:\/\/aeronet.news\/wp-content\/uploads\/UkraineFinancialSupport-518x483.jpg 518w\" alt=\"\" width=\"700\" height=\"653\" \/><\/a><\/p>\n<p>\u010cesk\u00e1 republika dosud Ukrajin\u011b poskytla vl\u00e1dn\u00ed pomoc v p\u0159epo\u010dtu za 232 miliard korun, v Evropsk\u00e9 unii j\u00ed tak n\u00e1le\u017e\u00ed p\u00e1t\u00e9 m\u00edsto. Upozornil na to Luk\u00e1\u0161 Kovanda\u00a0<strong>[<a href=\"https:\/\/href.li\/?https:\/\/zpravy.kurzy.cz\/801477-ceska-pomoc-ukrajine-dosud-cini-232-miliard-korun-spocital-nemecky-institut-je-pata-nejvyssi-v\/\" target=\"_blank\" rel=\"nofollow noopener\">5<\/a>]<\/strong>\u00a0ve sv\u00e9m posledn\u00edm \u010dl\u00e1nku.\u00a0<strong>Vypl\u00fdv\u00e1 to z dat Institutu pro sv\u011btovou ekonomiku v n\u011bmeck\u00e9m Kielu (viz graf v\u00fd\u0161e).<\/strong>\u00a0Institut pr\u016fb\u011b\u017en\u011b sleduje a vyhodnocuje vojenskou, finan\u010dn\u00ed i humanit\u00e1rn\u00ed pomoc Ukrajin\u011b realizovanou n\u011bkolika des\u00edtkami zem\u00ed sv\u011bta.\u00a0\u010cesko podle institutu poskytlo od za\u010d\u00e1tku invaze Ruska na Ukrajinu 24. \u00fanora 2022 do konce lo\u0148sk\u00e9ho roku na \u00farovni vl\u00e1dy pomoc napaden\u00e9 zemi v objemu 7,96 miliardy eur souvisej\u00edc\u00ed s \u0159e\u0161en\u00edm uprchlick\u00e9 krize a k tomu pomoc za 1,3 miliardy eur v podob\u011b zejm\u00e9na vojensk\u00fdch dod\u00e1vek.<\/p>\n<h6><span style=\"font-size: 18pt;\">Podle francouzsk\u00e9ho novin\u00e1\u0159e to u Macrona bylo spiknut\u00ed bezmocn\u00fdch, kte\u0159\u00ed si nedok\u00e1\u017e\u00ed p\u0159ipustit, \u017ee Rusko vyhr\u00e1lo<\/span><\/h6>\n<p>Celkov\u011b jde o zhruba 9,3 miliardy eur, co\u017e dle dne\u0161n\u00edho kursu odpov\u00edd\u00e1 232,2 miliardy korun. Ze zem\u00ed EU v dan\u00e9m obdob\u00ed realizovalo v\u011bt\u0161\u00ed celkovou pomoc Ukrajin\u011b v absolutn\u00edm vyj\u00e1d\u0159en\u00ed u\u017e pouze N\u011bmecko, Polsko, Nizozemsko a \u0160pan\u011blsko. \u010cesk\u00e1 pomoc je dokonce absolutn\u011b vy\u0161\u0161\u00ed ne\u017e t\u0159eba pomoc Francie, jej\u00ed\u017e ekonomika je ov\u0161em zhruba dev\u011btkr\u00e1t v\u011bt\u0161\u00ed ne\u017e ta \u010desk\u00e1.<\/p>\n<p>Z tohoto hlediska je zar\u00e1\u017eej\u00edc\u00ed, \u017ee \u010cesko nebylo p\u0159izv\u00e1no na v\u010derej\u0161\u00ed summit n\u011bkter\u00fdch evropsk\u00fdch zem\u00ed ohledn\u011b v\u00e1lky na Ukrajin\u011b, kter\u00fd se konal pr\u00e1v\u011b ve Francii.\u00a0Krizov\u00e9 sch\u016fzky v pond\u011bl\u00ed odpoledne se z\u00fa\u010dastnilo N\u011bmecko, Brit\u00e1nie, It\u00e1lie, Polsko, \u0160pan\u011blsko, Nizozemsko a D\u00e1nsko spole\u010dn\u011b s hostitelskou Franci\u00ed, jako\u017e i gener\u00e1ln\u00ed tajemn\u00edk NATO a p\u0159edsedov\u00e9 Evropsk\u00e9 rady a Evropsk\u00e9 komise. Podle francouzsk\u00e9ho novin\u00e1\u0159e\u00a0Vincenta Hervou\u00ebta to bylo\u00a0<em>spiknut\u00ed bezmocn\u00fdch<\/em>, kte\u0159\u00ed si nedok\u00e1\u017e\u00ed p\u0159ipustit, \u017ee Rusko vyhr\u00e1lo.<\/p>\n<p>&nbsp;<\/p>\n<div id=\"rumble_v6k6j4o\">\n<div id=\"vid_v6k6j4o\" class=\"rumble_v6k6j4o-Rumble-cls\" tabindex=\"-1\">\n<div class=\"bigPlayUI ctp\"><div class='videoWrapper'>\r\n\t            <iframe src='https:\/\/rumble.com\/embed\/pj.v6k6j4o\/' frameborder='0' allowfullscreen><\/iframe>\r\n\t        <\/div><\/p>\n<div class=\"bigPlayUIInner ctp\"><\/div>\n<\/div>\n<\/div>\n<\/div>\n<p>&nbsp;<\/p>\n<p>Vincent Hervou\u00ebt v po\u0159adu francouzsk\u00e9 televize prohl\u00e1sil, \u017ee ta sch\u016fzka u Macrona je\u00a0<em>truc-podnik<\/em>\u00a0v reakci na summit USA \u2013 Rusko v Rij\u00e1du, kter\u00fd se bude konat bez Ukrajiny a bez EU. Vysv\u011btlil rovn\u011b\u017e, pro\u010d pozv\u00e1n\u00ed nedostali ostatn\u00ed p\u0159edstavitel\u00e9 zem\u00ed NATO, jako t\u0159eba Petr Fiala, jeho\u017e vl\u00e1da je 5. v po\u0159ad\u00ed evropsk\u00fdch zem\u00ed ve v\u00fddaj\u00edch pro Ukrajinu a ukrajinsk\u00e9 uprchl\u00edky.<\/p>\n<p><strong>Hervou\u00ebt toti\u017e prohl\u00e1sil, \u017ee ta\u00a0sch\u016fzka byla ur\u010dena jen pro b\u00fdval\u00e9 koloni\u00e1ln\u00ed mocnosti, a proto\u017ee \u010cR \u017e\u00e1dn\u00e9 kolonie nem\u011bla, tak pozv\u00e1ni nebylo u\u010din\u011bno.<\/strong>\u00a0Polsko je rovn\u011b\u017e zapo\u010dteno do koloni\u00e1ln\u00edch mocnost\u00ed, proto\u017ee historicky Polsko m\u011blo koloni\u00e1ln\u00ed \u00fazem\u00ed na Ukrajin\u011b a dokonce i v Rusku, v dob\u00e1ch nejv\u011bt\u0161\u00edho polsk\u00e9ho rozmachu v Evrop\u011b. Tak\u017ee proto nebyl pozv\u00e1n Fiala, \u010d\u00edm\u017e se v\u0161e vysv\u011btluje. Pouze b\u00fdval\u00e9 koloni\u00e1ln\u00ed mocnosti, P\u00e9\u0165o! To nen\u00ed tvoje liga. Ve sv\u011btle v\u00fdvoje okolo Rij\u00e1du a americk\u00e9ho\u00a0<em>novod\u011br\u017eav\u00ed<\/em>\u00a0se tak d\u00e1 \u0159\u00edct, \u017ee cirkus bude! A to je realita.<\/p>\n<p><a href=\"https:\/\/aeronet.news\/summit-v-rijadu-dosel-k-zaveru-ze-zelensky-musi-skoncit-cestovni-plan-ma-3-faze-podle-zelenskeho-pry-rusko-a-usa-jednaji-o-ukrajine-bez-ukrajiny-o-smlouve-z-istanbulu-utok-na-precerpavaci-stanici\/\">-VK-<\/a><\/p>\n","protected":false},"excerpt":{"rendered":"<p>Summit v Rij\u00e1du do\u0161el k z\u00e1v\u011bru, \u017ee Zelensk\u00fd mus\u00ed skon\u010dit! Cestovn\u00ed pl\u00e1n m\u00e1 3 f\u00e1ze!&#8230;<\/p>\n","protected":false},"author":2,"featured_media":72682,"comment_status":"closed","ping_status":"closed","sticky":false,"template":"","format":"standard","meta":[],"categories":[6],"tags":[1042,8621,22,37,1000],"_links":{"self":[{"href":"https:\/\/www.infokuryr.cz\/n\/wp-json\/wp\/v2\/posts\/72681"}],"collection":[{"href":"https:\/\/www.infokuryr.cz\/n\/wp-json\/wp\/v2\/posts"}],"about":[{"href":"https:\/\/www.infokuryr.cz\/n\/wp-json\/wp\/v2\/types\/post"}],"author":[{"embeddable":true,"href":"https:\/\/www.infokuryr.cz\/n\/wp-json\/wp\/v2\/users\/2"}],"replies":[{"embeddable":true,"href":"https:\/\/www.infokuryr.cz\/n\/wp-json\/wp\/v2\/comments?post=72681"}],"version-history":[{"count":0,"href":"https:\/\/www.infokuryr.cz\/n\/wp-json\/wp\/v2\/posts\/72681\/revisions"}],"wp:featuredmedia":[{"embeddable":true,"href":"https:\/\/www.infokuryr.cz\/n\/wp-json\/wp\/v2\/media\/72682"}],"wp:attachment":[{"href":"https:\/\/www.infokuryr.cz\/n\/wp-json\/wp\/v2\/media?parent=72681"}],"wp:term":[{"taxonomy":"category","embeddable":true,"href":"https:\/\/www.infokuryr.cz\/n\/wp-json\/wp\/v2\/categories?post=72681"},{"taxonomy":"post_tag","embeddable":true,"href":"https:\/\/www.infokuryr.cz\/n\/wp-json\/wp\/v2\/tags?post=72681"}],"curies":[{"name":"wp","href":"https:\/\/api.w.org\/{rel}","templated":true}]}}