{"id":72675,"date":"2025-02-19T00:30:33","date_gmt":"2025-02-18T23:30:33","guid":{"rendered":"https:\/\/www.infokuryr.cz\/n\/?p=72675"},"modified":"2025-02-18T17:36:52","modified_gmt":"2025-02-18T16:36:52","slug":"krajsky-soud-v-ostrave-odsoudil-ceskeho-konvertitu-k-islamu-za-podporu-terorismu","status":"publish","type":"post","link":"https:\/\/www.infokuryr.cz\/n\/2025\/02\/19\/krajsky-soud-v-ostrave-odsoudil-ceskeho-konvertitu-k-islamu-za-podporu-terorismu\/","title":{"rendered":"Krajsk\u00fd soud v Ostrav\u011b odsoudil \u010desk\u00e9ho konvertitu k isl\u00e1mu za podporu terorismu"},"content":{"rendered":"<div id=\"fb-root\"><\/div>\n<div><strong>Uk\u00e1zka z dokumentu\u00a0<\/strong><strong><a href=\"https:\/\/mv.gov.cz\/docDetail.aspx?docid=22521978&amp;docType=ART\">Zpr\u00e1va o extremismu za 2. pololet\u00ed 2024: Antisyst\u00e9mov\u00e9 hnut\u00ed sl\u00e1bne, s\u00edlu z\u00edsk\u00e1v\u00e1 online radikalizace<\/a>:\u00a0V \u010cesku byly registrov\u00e1ny p\u0159\u00edpady vyj\u00e1d\u0159en\u00ed podpory radik\u00e1ln\u00edm \u010di p\u0159\u00edmo teroristick\u00fdm\u00a0organizac\u00edm a jejich p\u0159edstavitel\u016fm. Krajsk\u00fd soud v Ostrav\u011b ulo\u017eil za podporu a propagaci\u00a0terorismu t\u0159\u00edlet\u00fd podm\u00edn\u011bn\u00fd trest s p\u011btiletou zku\u0161ebn\u00ed dobou Mehdimu Sariahovi Filipiakovi.<\/strong><\/div>\n<div>___________________<\/div>\n<div><\/div>\n<div><\/div>\n<div><iframe loading=\"lazy\" title=\"YouTube video player\" src=\"https:\/\/www.youtube.com\/embed\/C-EyniKAbkk?si=36cLgoNdM_6gQ9a2\" width=\"560\" height=\"315\" frameborder=\"0\" allowfullscreen=\"allowfullscreen\" data-mce-fragment=\"1\"><\/iframe><\/div>\n<div><\/div>\n<div>\n<p>______________________<br \/>\n\u010cesk\u00fd\u00a0konvertita z Hav\u00ed\u0159ova na internetu vyjad\u0159oval podporu Isl\u00e1msk\u00e9mu st\u00e1tu. Policist\u00e9 \u0159e\u0161ili p\u0159\u00edpad\u00a0bistra v Teplic\u00edch, jeho\u017e majitel vyv\u011bsil na provozovnu banner vyjad\u0159uj\u00edc\u00ed podporu zabit\u00e9mu v\u016fdci\u00a0Ham\u00e1su Jahj\u00e1 Sinv\u00e1rovi.<\/p>\n<p>Policist\u00e9 zadr\u017eeli v Karlov\u00fdch Varech mu\u017ee, na kter\u00e9ho byl vyd\u00e1n evropsk\u00fd zat\u00fdkac\u00ed rozkaz\u00a0pro podez\u0159en\u00ed z teroristick\u00fdch trestn\u00fdch \u010din\u016f. Krajsk\u00fd soud v Plzni posl\u00e9ze rozhodl o jeho vyd\u00e1n\u00ed do\u00a0Belgie.<\/p>\n<p>Americk\u00e9 ministerstvo financ\u00ed um\u00edstilo na sank\u010dn\u00ed seznam pro finan\u010dn\u00ed, materi\u00e1ln\u00ed nebo\u00a0technologickou podporu Ham\u00e1su Hamida Abdullaha Husseina Al-Ahmara, kter\u00fd podnik\u00e1 mj. i\u00a0v \u010cesku.<\/p>\n<\/div>\n<div><\/div>\n<div><span style=\"font-size: 10pt;\"><a href=\"https:\/\/www.islamizace.cz\/Articles\/14000-krajsky-soud-v-ostrave-odsoudil-ceskeho-konvertitu-k-islamu-za-podporu-terorismu.aspx\">ZDROJ<\/a><\/span><\/div>\n<div><\/div>\n","protected":false},"excerpt":{"rendered":"<p>Uk\u00e1zka z dokumentu\u00a0Zpr\u00e1va o extremismu za 2. pololet\u00ed 2024: Antisyst\u00e9mov\u00e9 hnut\u00ed sl\u00e1bne, s\u00edlu z\u00edsk\u00e1v\u00e1 online&#8230;<\/p>\n","protected":false},"author":2,"featured_media":22411,"comment_status":"closed","ping_status":"closed","sticky":false,"template":"","format":"standard","meta":[],"categories":[6],"tags":[8618,1769,520,324,2703],"_links":{"self":[{"href":"https:\/\/www.infokuryr.cz\/n\/wp-json\/wp\/v2\/posts\/72675"}],"collection":[{"href":"https:\/\/www.infokuryr.cz\/n\/wp-json\/wp\/v2\/posts"}],"about":[{"href":"https:\/\/www.infokuryr.cz\/n\/wp-json\/wp\/v2\/types\/post"}],"author":[{"embeddable":true,"href":"https:\/\/www.infokuryr.cz\/n\/wp-json\/wp\/v2\/users\/2"}],"replies":[{"embeddable":true,"href":"https:\/\/www.infokuryr.cz\/n\/wp-json\/wp\/v2\/comments?post=72675"}],"version-history":[{"count":1,"href":"https:\/\/www.infokuryr.cz\/n\/wp-json\/wp\/v2\/posts\/72675\/revisions"}],"predecessor-version":[{"id":72676,"href":"https:\/\/www.infokuryr.cz\/n\/wp-json\/wp\/v2\/posts\/72675\/revisions\/72676"}],"wp:featuredmedia":[{"embeddable":true,"href":"https:\/\/www.infokuryr.cz\/n\/wp-json\/wp\/v2\/media\/22411"}],"wp:attachment":[{"href":"https:\/\/www.infokuryr.cz\/n\/wp-json\/wp\/v2\/media?parent=72675"}],"wp:term":[{"taxonomy":"category","embeddable":true,"href":"https:\/\/www.infokuryr.cz\/n\/wp-json\/wp\/v2\/categories?post=72675"},{"taxonomy":"post_tag","embeddable":true,"href":"https:\/\/www.infokuryr.cz\/n\/wp-json\/wp\/v2\/tags?post=72675"}],"curies":[{"name":"wp","href":"https:\/\/api.w.org\/{rel}","templated":true}]}}