{"id":72663,"date":"2025-02-19T00:26:29","date_gmt":"2025-02-18T23:26:29","guid":{"rendered":"https:\/\/www.infokuryr.cz\/n\/?p=72663"},"modified":"2025-02-18T15:18:32","modified_gmt":"2025-02-18T14:18:32","slug":"projev-nove-zvoleneho-predsedy-nd-jana-sedlacka-na-snemu-dne-15-2-2025","status":"publish","type":"post","link":"https:\/\/www.infokuryr.cz\/n\/2025\/02\/19\/projev-nove-zvoleneho-predsedy-nd-jana-sedlacka-na-snemu-dne-15-2-2025\/","title":{"rendered":"Projev nov\u011b zvolen\u00e9ho p\u0159edsedy ND Jana Sedl\u00e1\u010dka na sn\u011bmu dne 15. 2. 2025"},"content":{"rendered":"<div id=\"fb-root\"><\/div>\n<p><strong>V\u00e1\u017een\u00ed kolegov\u00e9, p\u0159\u00e1tel\u00e9, n\u00e1rodn\u00ed demokrat\u00e9,<\/strong><\/p>\n<p>v prvn\u00ed \u0159ad\u011b bych cht\u011bl pod\u011bkovat dosavadn\u00edmu p\u0159edsedovi Adamu B. Barto\u0161ovi za jeho dosavadn\u00ed pr\u00e1ci. V\u017edy, kdy\u017e si m\u011bl zvolit mezi t\u00edm, co je spr\u00e1vn\u00e9, a t\u00edm, co je snadn\u00e9, tak zvolil to, co je spr\u00e1vn\u00e9. Za to jej politick\u00e1 a justi\u010dn\u00ed mafie za\u010dala perzekuovat, \u010d\u00edm\u017e potvrdila, \u017ee ta cesta, kterou se Adam vydal, byla spr\u00e1vn\u00e1. A a\u010dkoliv posledn\u00ed dobou Adam ji\u017e nemohl v\u011bnovat ND tolik \u010dasu a \u00fasil\u00ed jako d\u0159\u00edve, pat\u0159\u00ed mu pod\u011bkov\u00e1n\u00ed za to, \u017ee dok\u00e1zal obnovit prvorepublikovou N\u00e1rodn\u00ed demokracii a 11 let ji v\u00e9st spr\u00e1vnou cestou.<\/p>\n<p>N\u00e1rodn\u00ed demokracie za tu dobu zd\u00e1nliv\u011b neusp\u011bla. Nez\u00edskali jsme sv\u00e9 volen\u00e9 z\u00e1stupce v celost\u00e1tn\u00ed politice. Nicm\u00e9n\u011b jsme \u010deskou politickou sc\u00e9nu ovlivnili v\u00edce, ne\u017e se zd\u00e1, by\u0165 pouze bezstrukturn\u00ed cestou.<\/p>\n<p>Ve vojensk\u00e9 terminologii se pou\u017e\u00edv\u00e1 v\u00fdraz\u00a0<em>Fleet in being<\/em>. Ten ozna\u010duje n\u011bkterou arm\u00e1du \u010di jej\u00ed \u010d\u00e1st, kter\u00e1 sice nen\u00ed \u010dinn\u00e1 v boj\u00edch, ale u\u017e svoj\u00ed existenc\u00ed ovliv\u0148uje situaci na boji\u0161ti a je br\u00e1na v potaz p\u0159i rozhodov\u00e1n\u00ed ostatn\u00edch. A ND lze v dosavadn\u00edm obdob\u00ed popsat p\u0159esn\u011b jako\u00a0<em>Fleet in being<\/em>.<\/p>\n<p>Ji\u017e po na\u0161em obnoven\u00ed v roce 2014 jsme jako jedni z m\u00e1la dok\u00e1zali jasn\u011b definovat c\u00edl n\u00e1rodoveck\u00e9 politiky:\u00a0<strong>Vystoupen\u00ed z EU a NATO, nez\u00e1vislost a neutralita \u010cR<\/strong>, brzy jsme k tomu p\u0159idali je\u0161t\u011b\u00a0<strong>zlat\u00fd standard a vyv\u00e1z\u00e1n\u00ed na\u0161\u00ed m\u011bny z nadn\u00e1rodn\u00edho \u0159\u00edzen\u00ed<\/strong>. Tento program se stal etalonem n\u00e1rodoveck\u00e9 politiky v \u010cR. V roce 2015 jsme toto t\u00e9ma dok\u00e1zali dostat do ve\u0159ejn\u00e9ho prostoru, za\u010dali po\u0159\u00e1dat T\u00e1bory lidu a zvedli jsme vlnu odporu proti masov\u00e9 migraci. Na na\u0161ich akc\u00edch \u201evyrostl\u201c Tomio Okamura, kter\u00fd tyto na\u0161e my\u0161lenky pot\u00e9 p\u0159evzal, by\u0165 je sp\u00ed\u0161e jen zplo\u0161til do jednotliv\u00fdch fr\u00e1z\u00ed, a pot\u00e9 z nich vytvo\u0159il vlastn\u00ed program, s n\u00edm\u017e dok\u00e1zal usp\u011bt ve sn\u011bmovn\u00edch volb\u00e1ch.<\/p>\n<p>SPD pak hned n\u011bkolikr\u00e1t vym\u011bkla a opustila my\u0161lenku vystoupen\u00ed z EU a NATO. V t\u011bchto chv\u00edl\u00edch jsme se v\u017edy za\u010dali nahlas oz\u00fdvat a oslovovat zklaman\u00e9 voli\u010de SPD, p\u0159i\u010dem\u017e Okamura, aby tyto voli\u010de neztratil, tak se musel, alespo\u0148 r\u00e9toricky, vr\u00e1tit k p\u016fvodn\u00ed my\u0161lence. T\u00edm jsme SPD tla\u010dili, aby nedopadla jako Jobbik v Ma\u010farsku a aby aspo\u0148 v jednotlivostech h\u00e1jila \u010desk\u00e9 n\u00e1rodn\u00ed z\u00e1jmy. Na\u0161e infografiky m\u011bly statis\u00edcovou sledovanost,\u00a0<strong>dok\u00e1zali jsme nastolovat t\u00e9mata a dost\u00e1vat je i do vysok\u00e9 politiky<\/strong>.<\/p>\n<p>Nicm\u00e9n\u011b to n\u00e1m nesm\u00ed sta\u010dit.\u00a0<strong>M\u00fdm c\u00edlem je, aby ND p\u0159estala b\u00fdt\u00a0<em>Fleet IN being<\/em>\u00a0a stala se\u00a0<em>Fleet IS being<\/em>, tedy aktivn\u00edm \u010dinitelem na \u010desk\u00e9 politick\u00e9 sc\u00e9n\u011b.<\/strong>\u00a0Nesta\u010d\u00ed prosazovat na\u0161e my\u0161lenky, aby je pot\u00e9 n\u011bkdo zplo\u0161til do jednoduch\u00fdch fr\u00e1z\u00ed a vyu\u017eil je jako v\u00fdtah do politiky. Je nutn\u00e9 usp\u011bt v politice i strukturn\u011b, dostat do politiky prov\u011b\u0159en\u00e9 n\u00e1rodovce a t\u00edm zapo\u010d\u00edt zm\u011bnu syst\u00e9mu.<\/p>\n<p>Nebude to jednoduch\u00e9. Po zku\u0161enostech v\u00edm, \u017ee toto je b\u011bh na dlouhou tra\u0165 a \u017ee m\u011b (a n\u00e1s v\u0161echny) \u010dek\u00e1 je\u0161t\u011b mnoho pr\u00e1ce. Nicm\u00e9n\u011b sou\u010dasn\u00e1 situace v glob\u00e1ln\u00ed politice n\u00e1m d\u00e1v\u00e1 nad\u011bji, \u017ee se se poda\u0159\u00ed uskute\u010dnit i v\u011bci, kter\u00e9 byly dosud nemysliteln\u00e9.<\/p>\n<p><strong>Zvolen\u00ed Donalda Trumpa prolomilo ledy.<\/strong>\u00a0A\u010dkoliv ani j\u00e1 nevid\u00edm Trumpa jako \u201emesi\u00e1\u0161e\u201c, jeho n\u00e1stup p\u0159inesl potenci\u00e1l, kter\u00fd mus\u00edme vyu\u017e\u00edt. Progresivist\u00e9 ztratili sv\u016fj \u201evelk\u00fd z\u00e1mo\u0159sk\u00fd vzor\u201c, cenzura oslabuje a lid\u00e9 se dnes odvracej\u00ed od progresivn\u00ed neomarxistick\u00e9 politiky Z\u00e1padu. Tento trend za\u010dal ji\u017e kr\u00e1tce p\u0159ed Trumpov\u00fdm zvolen\u00edm; dokonce i v eurovolb\u00e1ch, kam chod\u00ed ta nejv\u00edce prounijn\u00ed \u010d\u00e1st spole\u010dnosti, z\u00edskaly strany s euroskeptickou r\u00e9torikou v\u00edce ne\u017e 55 %. A tato zm\u011bna rozlo\u017een\u00ed n\u00e1zor\u016f ve spole\u010dnosti bude pokra\u010dovat i nad\u00e1le.<\/p>\n<p>Nicm\u00e9n\u011b je nutn\u00e9 dodat, \u017ee strany, kter\u00e9 ve volb\u00e1ch usp\u011bly, nelze pova\u017eovat za n\u00e1rodoveckou alternativu. Jejich p\u0159edstavitel\u00e9 mluv\u00ed hezky, ale jejich \u010diny a hlasov\u00e1n\u00ed jsou p\u0159esn\u011b opa\u010dn\u00e9. Eurovolby jsme si nechali ukr\u00e1st fale\u0161nou alternativou. Tuto chybu ji\u017e nesm\u00edme ud\u011blat.<\/p>\n<p>Role ND nav\u00edc roste nyn\u00ed, kdy\u017e Aliance n\u00e1rodn\u00edch sil a n\u011bkter\u00e9 dal\u0161\u00ed n\u00e1rodoveck\u00e9 strany ukon\u010dily svoji \u010dinnost.\u00a0<strong>ND z\u016fst\u00e1v\u00e1 jednou z posledn\u00edch stran, kter\u00e9 st\u00e1le prosazuj\u00ed jednozna\u010dn\u011b vystoupen\u00ed z EU a NATO.<\/strong>\u00a0Tento program si mus\u00edme dr\u017eet i nad\u00e1le a odli\u0161ovat se t\u00edm od jin\u00fdch stran, kter\u00e9 mluv\u00ed o n\u00e1rodn\u00edch z\u00e1jmech, ale vystoupit z EU ani z NATO necht\u011bj\u00ed.<\/p>\n<p>V tuto chv\u00edli nen\u00ed \u010das na \u010d\u00e1ste\u010dn\u00e1 \u0159e\u0161en\u00ed a kosmetick\u00e9 zm\u011bny. V glob\u00e1ln\u00ed politice se nyn\u00ed rozhoduje o nov\u00e9m uspo\u0159\u00e1d\u00e1n\u00ed sv\u011bta. Mus\u00edme toho naplno vyu\u017e\u00edt, uplatnit sv\u016fj potenci\u00e1l a prosadit, aby \u010cR v tomto nov\u00e9m sv\u011bt\u011b byla nez\u00e1visl\u00fdm, neutr\u00e1ln\u00edm a sob\u011bsta\u010dn\u00fdm st\u00e1tem.<\/p>\n<p><strong><em>RNDr. Jan Sedl\u00e1\u010dek,<\/em><\/strong><br \/>\n<strong><em>sn\u011bm ND, 15. 2. 2025<\/em><\/strong><\/p>\n<p><a href=\"https:\/\/narodnidemokracie.cz\/projev-rndr-jana-sedlacka-na-snemu-nd-15-2-2025\/\"><img decoding=\"async\" loading=\"lazy\" class=\"alignnone size-full wp-image-678\" src=\"http:\/\/www.infokuryr.cz\/n\/wp-content\/uploads\/2021\/04\/narodni_demokracie_logo.jpg\" alt=\"\" width=\"300\" height=\"85\" \/><\/a><\/p>\n<p>&nbsp;<\/p>\n","protected":false},"excerpt":{"rendered":"<p>V\u00e1\u017een\u00ed kolegov\u00e9, p\u0159\u00e1tel\u00e9, n\u00e1rodn\u00ed demokrat\u00e9, v prvn\u00ed \u0159ad\u011b bych cht\u011bl pod\u011bkovat dosavadn\u00edmu p\u0159edsedovi Adamu B&#8230;.<\/p>\n","protected":false},"author":2,"featured_media":72664,"comment_status":"closed","ping_status":"closed","sticky":false,"template":"","format":"standard","meta":[],"categories":[6],"tags":[85,1682,710,6270],"_links":{"self":[{"href":"https:\/\/www.infokuryr.cz\/n\/wp-json\/wp\/v2\/posts\/72663"}],"collection":[{"href":"https:\/\/www.infokuryr.cz\/n\/wp-json\/wp\/v2\/posts"}],"about":[{"href":"https:\/\/www.infokuryr.cz\/n\/wp-json\/wp\/v2\/types\/post"}],"author":[{"embeddable":true,"href":"https:\/\/www.infokuryr.cz\/n\/wp-json\/wp\/v2\/users\/2"}],"replies":[{"embeddable":true,"href":"https:\/\/www.infokuryr.cz\/n\/wp-json\/wp\/v2\/comments?post=72663"}],"version-history":[{"count":1,"href":"https:\/\/www.infokuryr.cz\/n\/wp-json\/wp\/v2\/posts\/72663\/revisions"}],"predecessor-version":[{"id":72665,"href":"https:\/\/www.infokuryr.cz\/n\/wp-json\/wp\/v2\/posts\/72663\/revisions\/72665"}],"wp:featuredmedia":[{"embeddable":true,"href":"https:\/\/www.infokuryr.cz\/n\/wp-json\/wp\/v2\/media\/72664"}],"wp:attachment":[{"href":"https:\/\/www.infokuryr.cz\/n\/wp-json\/wp\/v2\/media?parent=72663"}],"wp:term":[{"taxonomy":"category","embeddable":true,"href":"https:\/\/www.infokuryr.cz\/n\/wp-json\/wp\/v2\/categories?post=72663"},{"taxonomy":"post_tag","embeddable":true,"href":"https:\/\/www.infokuryr.cz\/n\/wp-json\/wp\/v2\/tags?post=72663"}],"curies":[{"name":"wp","href":"https:\/\/api.w.org\/{rel}","templated":true}]}}