{"id":72660,"date":"2025-02-19T00:19:00","date_gmt":"2025-02-18T23:19:00","guid":{"rendered":"https:\/\/www.infokuryr.cz\/n\/?p=72660"},"modified":"2025-02-18T15:08:23","modified_gmt":"2025-02-18T14:08:23","slug":"zdenek-koudelka-kdo-posle-vojaky-na-ukrajinu","status":"publish","type":"post","link":"https:\/\/www.infokuryr.cz\/n\/2025\/02\/19\/zdenek-koudelka-kdo-posle-vojaky-na-ukrajinu\/","title":{"rendered":"Zden\u011bk Koudelka: Kdo po\u0161le voj\u00e1ky na Ukrajinu?"},"content":{"rendered":"<div id=\"fb-root\"><\/div>\n<p><strong>Brit\u00e1nie i\u00a0Francie a\u00a0n\u011bkter\u00e9 jin\u00e9 evropsk\u00e9 st\u00e1ty NATO uva\u017euj\u00ed, \u017ee by poslaly sv\u00e9 voj\u00e1ky na Ukrajinu v\u00a0r\u00e1mci dohledu dodr\u017eov\u00e1n\u00ed p\u0159\u00edm\u011b\u0159\u00ed \u010di\u00a0m\u00edru. Jak a\u00a0kdo m\u016f\u017ee vyslat voj\u00e1ky na Ukrajinu?<\/strong><\/p>\n<header class=\"articles_article__header__YG_zV lg:pt-12\">\n<h2 class=\"typography_topic__R1F1O \">Kdo rozhodne?<\/h2>\n<\/header>\n<p class=\"typography_textArticle__6Ww1l \">Mezin\u00e1rodn\u00ed politika i\u00a0pr\u00e1vo m\u00e1 zku\u0161enosti s\u00a0odd\u011blen\u00edm bojuj\u00edc\u00edch stran a\u00a0dohledem na p\u0159\u00edm\u011b\u0159\u00ed ze strany vojsk t\u0159et\u00edch st\u00e1t\u016f. Tyto jin\u00e9 st\u00e1ty se mohou zapojit na z\u00e1klad\u011b dvou pr\u00e1vn\u00edch d\u016fvod\u016f. Bu\u010f se na tom, v\u010detn\u011b v\u00fdb\u011bru zapojen\u00fdch zem\u00ed, dohodnou bojuj\u00edc\u00ed strany, nebo lze takovou akci uskute\u010dnit na z\u00e1klad\u011b mand\u00e1tu Rady bezpe\u010dnosti Organizace spojen\u00fdch n\u00e1rod\u016f. Prvn\u00ed p\u0159\u00edpad je zalo\u017een na souhlasu Ukrajiny a\u00a0Ruska. Druh\u00fd p\u0159\u00edpad je zalo\u017een na souhlasu v\u011bt\u0161iny 15 \u010dlenn\u00e9 Rady bezpe\u010dnosti, v\u00a0tom v\u0161ak mus\u00ed b\u00fdt i\u00a0souhlas st\u00e1l\u00fdch \u010dlen\u016f \u2013 USA, Ruska, Francie, Brit\u00e1nie, \u010c\u00edny.<\/p>\n<h2 id=\"jake-armady-lze-zapojit\" class=\"typography_h3__KDoho \">Jak\u00e9 arm\u00e1dy lze zapojit<\/h2>\n<p class=\"typography_textArticle__6Ww1l \">Pro v\u00fdb\u011br zapojen\u00fdch arm\u00e1d jsou dva modely. V\u00a0prvn\u00edm modelu si ka\u017ed\u00e1 strana vybere st\u00e1ty, s\u00a0nimi\u017e m\u00e1 bl\u00edzk\u00fd vztah, a\u00a0ti vy\u0161lou stejn\u00fd po\u010det voj\u00e1k\u016f po\u010d\u00edt\u00e1no na ka\u017edou bojuj\u00edc\u00ed stranu. Nap\u0159\u00edklad bude dohodnuto, \u017ee na dodr\u017eov\u00e1n\u00ed p\u0159\u00edm\u011b\u0159\u00ed bude dohl\u00ed\u017eet 20\u00a0000 voj\u00e1k\u016f. Na ka\u017edou stranu tak p\u0159ipadne 10\u00a0000 voj\u00e1k\u016f, ze zem\u00ed, kter\u00e9 si sama zvol\u00ed. Dejme tomu, \u017ee Ukrajina si zvol\u00ed Brit\u00e1nii, Francii a\u00a0N\u011bmecko. Rusko si pak zvol\u00ed \u010c\u00ednu, Severn\u00ed Koreu a\u00a0\u00cdr\u00e1n. Tento model m\u00e1 nev\u00fdhodu tu, \u017ee strana konfliktu sice v\u011b\u0159\u00ed voj\u00e1k\u016fm st\u00e1t\u016f, kter\u00e9 si sama zvolila, ale m\u00e1 hlubokou ned\u016fv\u011bru v\u00a0ty druh\u00e9.<\/p>\n<p class=\"typography_textArticle__6Ww1l \">Druh\u00fd model spo\u010d\u00edv\u00e1 v\u00a0tom, \u017ee na p\u0159\u00edm\u011b\u0159\u00ed dozoruj\u00edc\u00ed voj\u00e1ci nesm\u00ed b\u00fdt z\u00a0arm\u00e1dy, kter\u00e1 by vadila jedn\u00e9 \u010di\u00a0druh\u00e9 stran\u011b. Tedy by bylo vylou\u010deno, aby na p\u0159\u00edm\u011b\u0159\u00ed dohl\u00ed\u017eely st\u00e1ty NATO, kter\u00e9 podporovaly Ukrajinu, \u010di\u00a0Severn\u00ed Korea, \u00cdr\u00e1n a\u00a0\u010c\u00edna, kter\u00e9 podporovaly Rusko. V\u00a0z\u00e1sad\u011b by se hledali \u0161ed\u00e9 my\u0161i \u2013 st\u00e1ty, kter\u00e9 nebyly v\u00a0konfliktu anga\u017eov\u00e1ny, tedy v\u016f\u010di nim nem\u00e1 negativn\u00ed vztah ani jedna z\u00a0bojuj\u00edc\u00edch stran. By\u0165 v\u011bt\u0161ina st\u00e1t\u016f Afriky \u010di\u00a0Latinsk\u00e9 Ameriky se o\u00a0v\u00e1lku na Ukrajin\u011b nezaj\u00edm\u00e1 a\u00a0mohly by vyslat sv\u00e9 arm\u00e1dy, z\u00e1rove\u0148 je nutn\u00e9 pamatovat na to, \u017ee tyto mise budou vys\u00edlaj\u00edc\u00ed st\u00e1ty tak\u00e9 financovat. Mus\u00ed m\u00edt tedy dostate\u010dn\u00e9 zdroje i\u00a0chu\u0165 utr\u00e1cet sv\u016fj vojensk\u00fd rozpo\u010det p\u0159i\u00a0dohl\u00ed\u017een\u00ed nad p\u0159\u00edm\u011b\u0159\u00edm \u010di\u00a0m\u00edrem ve st\u00e1tu, kter\u00fd je dosud politicky nezaj\u00edmal. A\u00a0takov\u00fdch st\u00e1t\u016f p\u0159\u00edli\u0161 nen\u00ed. Snad Indie, Braz\u00edlie \u010di\u00a0n\u011bkter\u00e9 bohat\u00e9 arabsk\u00e9 st\u00e1ty.<\/p>\n<h2 id=\"evropa-zase-mimo\" class=\"typography_h3__KDoho \">Evropa zase mimo<\/h2>\n<p class=\"typography_textArticle__6Ww1l \">Pokud n\u011bkter\u00e9 evropsk\u00e9 st\u00e1ty NATO hovo\u0159\u00ed o\u00a0tom, \u017ee po\u0161lou sv\u00e1 vojska na Ukrajinu hl\u00eddat dodr\u017eov\u00e1n\u00ed p\u0159\u00edm\u011b\u0159\u00ed, dokazuj\u00ed omezenost a\u00a0nere\u00e1lnost vlastn\u00ed politiky. Je to pokra\u010dov\u00e1n\u00edm dosavadn\u00edho p\u0159\u00edstupu k\u00a0v\u00e1lce na Ukrajin\u011b, kde n\u011bkte\u0159\u00ed evrop\u0161t\u00ed politici v\u011b\u0159ili, \u017ee ideologie p\u0159ekon\u00e1 realitu. Ov\u0161em ideologie p\u0159i\u00a0st\u0159etu s\u00a0realitou v\u017edy prohraje. Podstatou t\u00e9to reality je, \u017ee s\u00a0t\u00edm, zda budou voj\u00e1ci t\u0159et\u00edch zem\u00ed dohl\u00ed\u017eet na p\u0159\u00edm\u011b\u0159\u00ed a\u00a0jak\u00fd bude zp\u016fsob jejich v\u00fdb\u011bru, mus\u00ed souhlasit Rusko. A\u00a0proto\u017ee Rusko zapo\u010dalo v\u00e1lku kv\u016fli mo\u017en\u00e9mu vstupu Ukrajiny do NATO, je souhlas s\u00a0p\u0159\u00edtomnost\u00ed vojsk NATO na Ukrajin\u011b ze strany Ruska nepravd\u011bpodobn\u00fd.<\/p>\n<p><strong><em>Zden\u011bk Koudelka<\/em><\/strong><\/p>\n<p><img decoding=\"async\" loading=\"lazy\" class=\"alignnone size-full wp-image-6154\" src=\"http:\/\/www.infokuryr.cz\/n\/wp-content\/uploads\/2021\/11\/zdenek-koudelka.jpeg\" alt=\"\" width=\"280\" height=\"210\" \/><\/p>\n<p>&nbsp;<\/p>\n","protected":false},"excerpt":{"rendered":"<p>Brit\u00e1nie i\u00a0Francie a\u00a0n\u011bkter\u00e9 jin\u00e9 evropsk\u00e9 st\u00e1ty NATO uva\u017euj\u00ed, \u017ee by poslaly sv\u00e9 voj\u00e1ky na Ukrajinu&#8230;<\/p>\n","protected":false},"author":2,"featured_media":67032,"comment_status":"closed","ping_status":"closed","sticky":false,"template":"","format":"standard","meta":[],"categories":[6],"tags":[1503,565,26,6896],"_links":{"self":[{"href":"https:\/\/www.infokuryr.cz\/n\/wp-json\/wp\/v2\/posts\/72660"}],"collection":[{"href":"https:\/\/www.infokuryr.cz\/n\/wp-json\/wp\/v2\/posts"}],"about":[{"href":"https:\/\/www.infokuryr.cz\/n\/wp-json\/wp\/v2\/types\/post"}],"author":[{"embeddable":true,"href":"https:\/\/www.infokuryr.cz\/n\/wp-json\/wp\/v2\/users\/2"}],"replies":[{"embeddable":true,"href":"https:\/\/www.infokuryr.cz\/n\/wp-json\/wp\/v2\/comments?post=72660"}],"version-history":[{"count":0,"href":"https:\/\/www.infokuryr.cz\/n\/wp-json\/wp\/v2\/posts\/72660\/revisions"}],"wp:featuredmedia":[{"embeddable":true,"href":"https:\/\/www.infokuryr.cz\/n\/wp-json\/wp\/v2\/media\/67032"}],"wp:attachment":[{"href":"https:\/\/www.infokuryr.cz\/n\/wp-json\/wp\/v2\/media?parent=72660"}],"wp:term":[{"taxonomy":"category","embeddable":true,"href":"https:\/\/www.infokuryr.cz\/n\/wp-json\/wp\/v2\/categories?post=72660"},{"taxonomy":"post_tag","embeddable":true,"href":"https:\/\/www.infokuryr.cz\/n\/wp-json\/wp\/v2\/tags?post=72660"}],"curies":[{"name":"wp","href":"https:\/\/api.w.org\/{rel}","templated":true}]}}