{"id":72647,"date":"2025-02-19T00:21:55","date_gmt":"2025-02-18T23:21:55","guid":{"rendered":"https:\/\/www.infokuryr.cz\/n\/?p=72647"},"modified":"2025-02-18T15:13:16","modified_gmt":"2025-02-18T14:13:16","slug":"poskozeni-vichrici-plovouci-solarni-zarizeni-se-rozbilo-jeste-pred-uvedenim-do-provozu","status":"publish","type":"post","link":"https:\/\/www.infokuryr.cz\/n\/2025\/02\/19\/poskozeni-vichrici-plovouci-solarni-zarizeni-se-rozbilo-jeste-pred-uvedenim-do-provozu\/","title":{"rendered":"Po\u0161kozen\u00ed vich\u0159ic\u00ed: Plovouc\u00ed sol\u00e1rn\u00ed za\u0159\u00edzen\u00ed se rozbilo je\u0161t\u011b p\u0159ed uveden\u00edm do provozu"},"content":{"rendered":"<div id=\"fb-root\"><\/div>\n<p><strong>M\u011bl to b\u00fdt uk\u00e1zkov\u00fd projekt obnoviteln\u00fdch energi\u00ed, ale ne\u017e se plovouc\u00ed sol\u00e1rn\u00ed elektr\u00e1rna v Cottbus Baltsk\u00e9m mo\u0159i v\u016fbec spust\u00ed, je ji\u017e vadn\u00e1. Po\u0161kozen\u00ed zp\u016fsoben\u00e9 bou\u0159\u00ed zp\u016fsobilo uklouznut\u00ed n\u011bkolika modul\u016f, n\u011bkter\u00e9 plavou na vod\u011b, jin\u00e9 ji\u017e klesly ke dnu.<\/strong><\/p>\n<p>Ve skute\u010dnosti by 50 000 sol\u00e1rn\u00edch modul\u016f m\u011blo brzy z\u00e1sobovat 8 000 dom\u00e1cnost\u00ed zelenou energi\u00ed (pokud bude sv\u00edtit slunce). Ale cedule u\u017e ukazuj\u00ed na mozaiku: bou\u0159e\u00a0<a href=\"https:\/\/www.rbb24.de\/panorama\/beitrag\/2025\/02\/brandenburg-cottbuser-ostsee-pv-anlage-solaranlage-schaeden.html\" target=\"_blank\" rel=\"noreferrer noopener\">ji\u017e zdemolovala \u010d\u00e1sti za\u0159\u00edzen\u00ed.<\/a> Mohou za to bou\u0159e a vlny \u2013 ale nejsou v\u00fdjimkou, ale pravidlem. \u201eRychle jednat\u201c je proto podle St\u00e1tn\u00edho \u00fa\u0159adu pro hornictv\u00ed, geologii a suroviny na denn\u00edm po\u0159\u00e1dku \u2013 ne\u017e bude cel\u00fd objekt zni\u010den.<\/p>\n<p>Energetick\u00e1 spole\u010dnost Leag, kter\u00e1 postavila \u201enejv\u011bt\u0161\u00ed sol\u00e1rn\u00ed elektr\u00e1rnu v N\u011bmecku na jeze\u0159e\u201c, hovo\u0159\u00ed o \u201ep\u0159\u00edrodn\u00edch sil\u00e1ch\u201c, kter\u00e9 \u201enikdy nelze pln\u011b odhadnout\u201c. Byl plovouc\u00ed slune\u010dn\u00ed ostrov tak dobr\u00fd n\u00e1pad?<\/p>\n<p>Odpov\u011bdn\u00ed nyn\u00ed slibuj\u00ed neodkladn\u00e9 opravy, zes\u00edlen\u00e9 spodn\u00ed stavby a vlnolam \u2013 v\u0161echna opat\u0159en\u00ed, kter\u00e1 zjevn\u011b nebyla od za\u010d\u00e1tku promy\u0161len\u00e1 a pl\u00e1novan\u00e1.<\/p>\n<p>Starosta Harald Groba, od po\u010d\u00e1tku kritik projektu, vid\u00ed sv\u00e9 n\u00e1zory za opodstatn\u011bn\u00e9: &#8222;Mysl\u00edm, \u017ee spole\u010dnost si nyn\u00ed uv\u011bdomila, \u017ee tudy cesta nevede.&#8220;\u00a0<strong>Demont\u00e1\u017e projektu by pro n\u011bj byla jedin\u00fdm logick\u00fdm d\u016fsledkem. &#8220;\u00a0Slune\u010dn\u00ed ostrov blokuje p\u016fsobiv\u00fdch 16 hektar\u016f hladiny jezera \u2013 kter\u00e1 by mohla b\u00fdt l\u00e9pe vyu\u017eita pro turistiku.<\/strong>\u00a0\u0160est procent objektu je ji\u017e zbour\u00e1no. P\u0159esto se Leag sv\u00e9ho projektu dr\u017e\u00ed.<\/p>\n<p>Tento debakl znovu ukazuje, \u017ee strategie zelen\u00e9 energie se op\u00edr\u00e1 o nevyzr\u00e1lou technologii, kter\u00e1 se zcela nedok\u00e1\u017ee vyrovnat s p\u0159\u00edrodn\u00edmi silami. Ale pr\u00e1v\u011b takov\u00e9 projekty maj\u00ed podle v\u016fle ideologicky opil\u00fdch zelen\u00fdch politik\u016f zajistit N\u011bmecku budoucnost.\u00a0<strong>Elekt\u0159ina jen kdy\u017e sv\u00edt\u00ed slunce a fouk\u00e1 v\u00edtr \u2013 ale pros\u00edm ne moc siln\u011b! Mr\u00e1z a sn\u00edh jsou tak\u00e9 sp\u00ed\u0161e nep\u0159\u00edzniv\u00e9&#8230;<\/strong>\u00a0Tepeln\u00e9 \u010derpadlo k vyt\u00e1p\u011bn\u00ed pot\u0159ebujete opravdu jen v l\u00e9t\u011b, kdy\u017e je hezk\u00e9 po\u010das\u00ed, \u017ee? A pr\u016fmysl je stejn\u011b p\u0159ece\u0148ov\u00e1n. Dobrou noc, Marie.<\/p>\n<p><img decoding=\"async\" loading=\"lazy\" class=\"alignnone size-full wp-image-71983\" src=\"http:\/\/www.infokuryr.cz\/n\/wp-content\/uploads\/2025\/02\/aaa.jpg\" alt=\"\" width=\"89\" height=\"23\" \/><\/p>\n<p>&nbsp;<\/p>\n","protected":false},"excerpt":{"rendered":"<p>M\u011bl to b\u00fdt uk\u00e1zkov\u00fd projekt obnoviteln\u00fdch energi\u00ed, ale ne\u017e se plovouc\u00ed sol\u00e1rn\u00ed elektr\u00e1rna v Cottbus&#8230;<\/p>\n","protected":false},"author":2,"featured_media":72648,"comment_status":"closed","ping_status":"closed","sticky":false,"template":"","format":"standard","meta":[],"categories":[7],"tags":[285,1301,6299,8615],"_links":{"self":[{"href":"https:\/\/www.infokuryr.cz\/n\/wp-json\/wp\/v2\/posts\/72647"}],"collection":[{"href":"https:\/\/www.infokuryr.cz\/n\/wp-json\/wp\/v2\/posts"}],"about":[{"href":"https:\/\/www.infokuryr.cz\/n\/wp-json\/wp\/v2\/types\/post"}],"author":[{"embeddable":true,"href":"https:\/\/www.infokuryr.cz\/n\/wp-json\/wp\/v2\/users\/2"}],"replies":[{"embeddable":true,"href":"https:\/\/www.infokuryr.cz\/n\/wp-json\/wp\/v2\/comments?post=72647"}],"version-history":[{"count":0,"href":"https:\/\/www.infokuryr.cz\/n\/wp-json\/wp\/v2\/posts\/72647\/revisions"}],"wp:featuredmedia":[{"embeddable":true,"href":"https:\/\/www.infokuryr.cz\/n\/wp-json\/wp\/v2\/media\/72648"}],"wp:attachment":[{"href":"https:\/\/www.infokuryr.cz\/n\/wp-json\/wp\/v2\/media?parent=72647"}],"wp:term":[{"taxonomy":"category","embeddable":true,"href":"https:\/\/www.infokuryr.cz\/n\/wp-json\/wp\/v2\/categories?post=72647"},{"taxonomy":"post_tag","embeddable":true,"href":"https:\/\/www.infokuryr.cz\/n\/wp-json\/wp\/v2\/tags?post=72647"}],"curies":[{"name":"wp","href":"https:\/\/api.w.org\/{rel}","templated":true}]}}