{"id":7263,"date":"2022-01-02T17:18:25","date_gmt":"2022-01-02T16:18:25","guid":{"rendered":"http:\/\/www.infokuryr.cz\/n\/?p=7263"},"modified":"2022-01-02T17:18:25","modified_gmt":"2022-01-02T16:18:25","slug":"nedelnik-adama-b-bartose-68-novorocni","status":"publish","type":"post","link":"https:\/\/www.infokuryr.cz\/n\/2022\/01\/02\/nedelnik-adama-b-bartose-68-novorocni\/","title":{"rendered":"NED\u011aLN\u00cdK ADAMA B. BARTO\u0160E (68): NOVORO\u010cN\u00cd"},"content":{"rendered":"<div id=\"fb-root\"><\/div>\n<p>Dovolte, abych v\u00e1m pop\u0159\u00e1l nejen p\u011bknou prvn\u00ed ned\u011bli roku 2022, ale i cel\u00fd n\u00e1sleduj\u00edc\u00ed rok. Nen\u00ed to v\u0161ak protimluv? M\u016f\u017ee b\u00fdt tento rok p\u011bkn\u00fd, kdy\u017e v\u00edme, co n\u00e1s \u010dek\u00e1? M\u016f\u017ee b\u00fdt p\u011bkn\u00fd, kdy\u017e v\u00edme, \u017ee bude je\u0161t\u011b t\u011b\u017e\u0161\u00ed, ne\u017e ten lo\u0148sk\u00fd?<span id=\"more-12597\"><\/span><\/p>\n<p>P\u0159edpokl\u00e1d\u00e1m, \u017ee v\u011bt\u0161ina z v\u00e1s, kter\u00e1 \u010dte tyto \u0159\u00e1dky, pat\u0159\u00ed k neo\u010dkovan\u00fdm. Nen\u00ed to jist\u011b bez v\u00fdjimek, ale alternativa v\u011bt\u0161inou o\u010dkov\u00e1n\u00ed odm\u00edt\u00e1 a \u010dten\u00e1\u0159i m\u00fdch ned\u011bln\u00edk\u016f se v\u011bt\u0161inou rekrutuj\u00ed pr\u00e1v\u011b z n\u00ed. Proto budu v prv\u00e9 \u0159ad\u011b mluvit k neo\u010dkovan\u00fdm.<\/p>\n<p>V novoro\u010dn\u00edm slovu z lo\u0148sk\u00e9ho roku jsem psal, \u017ee rozhodnut\u00ed o\u010dkovat se \/ neo\u010dkovat se bude jedno z nejt\u011b\u017e\u0161\u00edch v roce 2021. Myslel jsem to obecn\u011b na celou populaci, ale i na alternativu, kter\u00e1 sice m\u00e1 (nebo p\u0159inejmen\u0161\u00edm m\u011bla by m\u00edt) v tomto ohledu ideov\u011b jasno, ale slo\u017eit\u00e9 \u00favahy a zva\u017eov\u00e1n\u00ed se jist\u011b nevyhnuly ani jej\u00edm \u010dlen\u016fm \u2013 jak se vypo\u0159\u00e1dat s p\u0159\u00edpadn\u00fdmi restrikcemi, se ztr\u00e1tou zam\u011bstn\u00e1n\u00ed, jak ust\u00e1t tlak ve vlastn\u00ed rodin\u011b apod. Ale platilo to i pro \u201edruh\u00fd t\u00e1bor\u201c \u2013 i ti, kte\u0159\u00ed se nakonec \u2013 z na\u0161eho pohledu a\u017e p\u0159ekvapiv\u011b rychle \u2013 nao\u010dkovali, museli toto slo\u017eit\u00e9 rozhodnut\u00ed u\u010dinit. Museli si vybrat.<\/p>\n<p>V lo\u0148sk\u00e9m roce, kdy bylo o\u010dkov\u00e1n\u00ed \u201edobrovoln\u00e9\u201c, jsme se tak museli v\u0161ichni rozhodnout, zda se nech\u00e1me zl\u00e1kat sliby (kter\u00e9 se beztak pozd\u011bji uk\u00e1zaly jako plan\u00e9), nebo zda si budeme st\u00e1t za sv\u00fdm. Sp\u00ed\u0161e jsme to ale zva\u017eovali pod p\u0159\u00edslibem ji\u017e zm\u00edn\u011bn\u00fdch \u201ev\u00fdhod\u201c. K o\u010dkov\u00e1n\u00ed jsme byli vyb\u00edzeni sp\u00ed\u0161e skrze pozitivn\u00ed motivaci, by\u0165 se nakonec uk\u00e1zala jako klamn\u00e1. Jin\u00fdmi slovy, mnoz\u00ed z n\u00e1s se rozhodovali podle toho, zda stoj\u00ed o \u201ebonusy\u201c, kter\u00e9 jim o\u010dkov\u00e1n\u00ed p\u0159inese (mo\u017enost j\u00edt do restaurace, jet na dovolenou apod.). Na druh\u00e9 misce vah le\u017eela \u201epouze\u201c diskriminace v oblasti z\u00e1bavy a tr\u00e1ven\u00ed voln\u00e9ho \u010dasu \u2013 nebudeme moci do hospody, na koncert, do kina.<\/p>\n<p>V tomto smyslu do\u0161lo k prvn\u00edmu rozd\u011blen\u00ed na dv\u011b skupiny obyvatel, ob\u010dan\u016f. D\u016fsledkem toho je, \u017ee nez\u0159\u00eddka mezi n\u00e1mi a nao\u010dkovan\u00fdmi propukaj\u00ed h\u00e1dky \u010di v\u00fd\u010ditky. N\u00e1rod je rozd\u011blen, co\u017e nikdy k ni\u010demu dobr\u00e9mu nevede. A uk\u00e1zalo se, co bylo u\u017e p\u0159edem jasn\u00e9 \u2013 v\u011bt\u0161ina se nechala nao\u010dkovat. A z n\u00e1s, nenao\u010dkovan\u00fdch a o\u010dkov\u00e1n\u00ed odm\u00edtaj\u00edc\u00edch, se lo\u0148sk\u00fd rok mrknut\u00edm oka stala men\u0161ina. H\u00e1d\u00e1m ale, \u017ee sou\u010dasn\u00fd liber\u00e1ln\u011b-demokratick\u00fd re\u017eim, kter\u00fd si na ochran\u011b kdejak\u00fdch men\u0161in tolik zakl\u00e1d\u00e1, pro n\u00e1s, minoritu neo\u010dkovan\u00fdch, nehne ani prstem.<\/p>\n<p>Pr\u00e1v\u011b postaven\u00ed men\u0161iny mus\u00ed b\u00fdt pro n\u00e1s nep\u0159\u00edjemn\u00e9 a znepokojuj\u00edc\u00ed. Byli jsme sice zvykl\u00ed na pozitivn\u00ed diskriminaci, kdy byli up\u0159ednost\u0148ov\u00e1ni a zv\u00fdhod\u0148ov\u00e1n\u00ed p\u0159\u00edslu\u0161n\u00edci men\u0161in na \u00fakor n\u00e1s, v\u011bt\u0161iny, tak\u017ee ani \u201ev dob\u011b p\u0159ed covidem\u201c n\u00e1s status v\u011bt\u0161iny nechr\u00e1nil p\u0159ed \u00fatoky neomarxist\u016f, ov\u0161em m\u00e1lokdo z n\u00e1s by \u010dekal, \u017ee se z n\u011bj stane tak rychle p\u0159\u00edslu\u0161n\u00edk men\u0161inov\u00e9ho t\u00e1bora. Nejde p\u0159itom v\u016fbec o n\u011bjak\u00e9 hr\u00e1tky se slovy \u2013 jde o v\u00e1\u017enou v\u011bc. Nem\u011bl-li syst\u00e9m \u00factu k n\u00e1zoru v\u011bt\u0161iny, kdy\u017e jsme je\u0161t\u011b v\u011bt\u0161inou byli, nebude se ohl\u00ed\u017eet na na\u0161e n\u00e1zory ani nyn\u00ed, kdy\u017e n\u00e1s je o pozn\u00e1n\u00ed m\u00e9n\u011b. Na men\u0161inu nikdo p\u0159\u00edli\u0161 nebere ohled a v tomto p\u0159\u00edpad\u011b to bude platit dvojn\u00e1sob \u010di sp\u00ed\u0161e ston\u00e1sobn\u011b. U\u017e jen proto, \u017ee to nebude syst\u00e9m s\u00e1m, komu budeme nepohodln\u00ed, ale budou to i p\u0159\u00edslu\u0161n\u00edci nao\u010dkovan\u00e9 v\u011bt\u0161iny, kte\u0159\u00ed jsou nao\u010dkov\u00e1ni i medi\u00e1ln\u011b \u2013 k tomu, aby n\u00e1s nen\u00e1vid\u011bli, aby n\u00e1m \u201ez\u00e1vid\u011bli\u201c \u010di n\u00e1mi pohrdali. A syst\u00e9m bude jejich emoce s chut\u00ed vyu\u017e\u00edvat k tomu, aby se sna\u017eil pod n\u00e1tlakem na\u0161i men\u0161inu je\u0161t\u011b v\u00edce umen\u0161ovat.<\/p>\n<p>Znamen\u00e1 to, \u017ee se m\u016f\u017eeme a mus\u00edme p\u0159ipravit na nejhor\u0161\u00ed. Nezru\u0161\u00ed-li nov\u00e1 vl\u00e1da vyhl\u00e1\u0161ku o povinn\u00e9m o\u010dkov\u00e1n\u00ed, jak slibovala, bude se teror stup\u0148ovat. Vybran\u00fdmi profesn\u00edmi skupinami a na\u0161imi spoluob\u010dany nad 60 let to neskon\u010d\u00ed, ale pouze za\u010dne. A kdo se bude vzpouzet i povinn\u00e9mu o\u010dkov\u00e1n\u00ed, toho nejsp\u00ed\u0161e nic p\u0159\u00edjemn\u00e9ho v tomto roce ne\u010dek\u00e1. V tomto smyslu bude letos pokra\u010dovat dal\u0161\u00ed rozhodov\u00e1n\u00ed a dal\u0161\u00ed \u0161t\u011bpen\u00ed \u2013 i ti, kte\u0159\u00ed dosud odm\u00edtali, budou pod tlakem odpadat a pomysln\u00e9 kle\u0161t\u011b se je\u0161t\u011b v\u00edce sev\u0159ou. Oproti lo\u0148sk\u00e9mu roku k tomu p\u0159isp\u011bje i to, \u017ee ze strany st\u00e1tu budeme k o\u010dkov\u00e1n\u00ed nuceni pod motivac\u00ed sp\u00ed\u0161e negativn\u00ed. U\u017e nep\u016fjde jen o to, \u017ee n\u00e1m za nao\u010dkov\u00e1n\u00ed n\u011bco sl\u00edb\u00ed, ale \u017ee n\u00e1m za (n\u00e1\u0161 postoj) neo\u010dkov\u00e1n\u00ed n\u011bco vezmou. Finan\u010dn\u00ed postih, pokuta. Bez vakc\u00edny nebudete moci nejen do hospody, ale nov\u011b v budoucnu t\u0159eba ani do MHD. A co kdy\u017e ani do supermarketu s j\u00eddlem? Co pak? Zuby si tak\u00e9 brous\u00ed i na na\u0161e d\u011bti \u2013 loni je jen testovali, letos je budou cht\u00edt o\u010dkovat. Dopust\u00edme i to?<\/p>\n<p>T\u011bm, kte\u0159\u00ed cht\u011bj\u00ed p\u0159esto vzdorovat, chci na \u00fasvitu tohoto roku vyj\u00e1d\u0159it svoji podporu, sv\u016fj obdiv a uzn\u00e1n\u00ed a pop\u0159\u00e1t mnoho s\u00edly, odvahy, state\u010dnosti a vynal\u00e9zavosti, jak st\u00e1tn\u00edmu teroru odol\u00e1vat. A tak\u00e9 \u0161t\u011bst\u00ed, kter\u00e9 budeme jist\u011b v\u0161ichni pot\u0159ebovat.<\/p>\n<p>T\u011bm, kte\u0159\u00ed se dosud nenao\u010dkovali, ale tu\u0161\u00ed nebo pl\u00e1nuj\u00ed, \u017ee nebude-li zbyt\u00ed, nechaj\u00ed si vakc\u00ednu d\u00e1t, proto\u017ee jin\u00e9 \u0159e\u0161en\u00ed nevid\u00ed, nemohu p\u0159\u00edli\u0161 radit ani jim to nemohu zazl\u00edvat. Je to va\u0161e osobn\u00ed rozhodnut\u00ed. U\u017e to, \u017ee jste do\u0161li tak daleko, to, \u017ee jste nepodlehli u\u017e v lo\u0148sk\u00e9m roce, v\u00e1s \u0161lecht\u00ed. Zkuste se ale zamyslet nad t\u00edm, zda by nebylo \u0161koda v\u00e1\u0161 boj vzd\u00e1t jen proto, \u017ee u\u017e nevid\u00edte jin\u00e9 v\u00fdchodisko. I kdy\u017e m\u00e1me u hlavy pistoli, neznamen\u00e1 to, \u017ee nem\u00e1me na vybranou. I v takov\u00e9 situaci m\u016f\u017eeme ud\u011blat mnoho v\u011bc\u00ed. Bu\u010f n\u00e1s napadnou impulsivn\u011b a intuitivn\u011b, chcete-li pudov\u011b, nebo naopak po del\u0161\u00edm prom\u00fd\u0161len\u00ed, ale \u0159e\u0161en\u00ed v\u017edy existuje. Nenechme si namluvit, \u017ee je to \u201ekone\u010dn\u00e1\u201c a \u017ee \u201ese s t\u00edm u\u017e ned\u00e1 nic d\u011blat\u201c. A pomysleme tak\u00e9 na ty o\u010dkovan\u00e9 a na to, jak se musej\u00ed c\u00edtit podvedeni, kdy\u017e si nechali p\u00edchnout vakc\u00ednu t\u0159eba pr\u00e1v\u011b proto, aby si zjednodu\u0161ili \u017eivot a nemuseli se nech\u00e1vat st\u00e1le dokola testovat. Jak se asi musej\u00ed nyn\u00ed c\u00edtit a jak musej\u00ed b\u00fdt na\u0161tvan\u00ed, kdy\u017e nov\u00e1 vl\u00e1da odsouhlasila, \u017ee z\u00edt\u0159kem po\u010d\u00ednaje se v\u0161ichni (tedy i o\u010dkovan\u00ed) musej\u00ed op\u011bt testovat v pr\u00e1ci, ve firm\u00e1ch. Riskovali sv\u00e9 zdrav\u00ed zbyte\u010dn\u011b. Ano, nyn\u00ed se ukazuje, \u017ee vakc\u00edny nefunguj\u00ed, proto\u017ee o\u010dkovan\u00ed mohou stejn\u011b tak onemocn\u011bt a stejn\u011b tak p\u0159en\u00e1\u0161ej\u00ed vir, tak\u017ee na\u0159\u00edzen\u00ed vl\u00e1dy se na jednu stranu zd\u00e1 b\u00fdt logick\u00e9 \u2013 z\u00e1rove\u0148 ale v pln\u00e9 nahot\u011b odhalilo, \u017ee o\u010dkov\u00e1n\u00ed nic ne\u0159e\u0161\u00ed, proto\u017ee o\u010dkovan\u00e9 neochr\u00e1nilo p\u0159ed nemoc\u00ed a neu\u0161et\u0159ilo je ani onoho testov\u00e1n\u00ed. Mnoho lid\u00ed si nyn\u00ed bude sypat popel na hlavu, \u017ee vl\u00e1dn\u00ed propagand\u011b podlehli a bude si kl\u00e1st opr\u00e1vn\u011bn\u00e9 ot\u00e1zky, k \u010demu tedy o\u010dkov\u00e1n\u00ed je, kdy\u017e nefunguje a je\u0161t\u011b nav\u00edc v mnoha p\u0159\u00edpadech prokazateln\u011b \u0161kod\u00ed, a to tak, \u017ee farmaceutick\u00e9 firmy u\u017e ani nest\u00edhaj\u00ed tisknout p\u0159\u00edbalov\u00e9 let\u00e1ky s neust\u00e1le aktualizovan\u00fdmi (rostouc\u00edmi) v\u00fd\u010dty vedlej\u0161\u00edch p\u0159\u00edznak\u016f, tak\u017ee\u00a0<a href=\"https:\/\/aeronet.cz\/news\/video-americky-lekarnik-priznal-ze-by-lidem-nemel-podavat-vakciny-proti-covid-19-pote-kdyz-zakaznici-na-vlastni-oci-ukazal-uplne-prazdny-pribalovy-letak-od-vakciny-moderna\/\" target=\"_blank\" rel=\"noopener\"><em><strong>p\u0159\u00edbalov\u00fd let\u00e1k je b\u00edl\u00fd jak sn\u00edh<\/strong><\/em><\/a>\u00a0a pouze QR k\u00f3d v\u00e1s odkazuje na webov\u00e9 str\u00e1nky, kde si aktualizovan\u00fd v\u00fd\u010det vedlej\u0161\u00edch p\u0159\u00edznak\u016f m\u016f\u017eete \u201erozbalit\u201c v pln\u00e9 kr\u00e1se. Pap\u00edr nen\u00ed nafukovac\u00ed, zat\u00edmco webov\u00e9 str\u00e1nky toho unesou hodn\u011b. Nebyla by \u0161koda, kdybyste se nechali na posledn\u00ed chv\u00edli dotla\u010dit k n\u011b\u010demu, \u010deho u\u017e nyn\u00ed lituj\u00ed ti, kte\u0159\u00ed vakcina\u010dn\u00edmu n\u00e1tlaku podlehli loni?<\/p>\n<p>Nyn\u00ed chci mluvit pr\u00e1v\u011b o nich \u2013 o t\u011bch, kte\u0159\u00ed se u\u017e o\u010dkovat nechali. Ani zde nen\u00ed v\u0161e prohr\u00e1no. A na \u00favod mus\u00edm zm\u00ednit je\u0161t\u011b jednu v\u011bc. Nen\u00ed pravda, \u017ee bychom t\u011bmito lidmi pohrdali, vysm\u00edvali se jim. Sv\u00e9 rozhodnut\u00ed mohli u\u010dinit, ani\u017e by m\u011bli dostatek informac\u00ed. O\u010dkovat se mohli nechat v dob\u011b, kdy o\u010dkov\u00e1n\u00ed mohlo vypadat je\u0161t\u011b jako docela ne\u0161kodn\u00e9. Mohli b\u00fdt k o\u010dkov\u00e1n\u00ed donuceni mnoha r\u016fzn\u00fdmi zp\u016fsoby. M\u011bli bychom ud\u011blat v\u0161e, co je v na\u0161ich sil\u00e1ch, abychom neprohlubovali p\u0159\u00edkopy v na\u0161\u00ed spole\u010dnosti a je\u0161t\u011b v\u00edce ji nerozd\u011blovali. Proti fanatick\u00fdm propag\u00e1tor\u016fm vakcinace, kte\u0159\u00ed dnes a denn\u011b v m\u00e9di\u00edch l\u017eou, samoz\u0159ejm\u011b mus\u00edme vystupovat r\u00e1zn\u011b, proto\u017ee s nejv\u011bt\u0161\u00ed pravd\u011bpodobnost\u00ed tito maj\u00ed prav\u00e9 informace a pouze je zaml\u010duj\u00ed. Oby\u010dejn\u00fdm lidem ale mus\u00edme o\u010di otev\u00edrat s pochopen\u00edm a bez fanatismu. Stejn\u011b tak o\u010dkovan\u00ed by nem\u011bli sp\u00edlat n\u00e1m, kte\u0159\u00ed se o\u010dkovat zdr\u00e1h\u00e1me \u2013 a to ani tehdy, kdy\u017e jsou na n\u00e1s na\u0161tvan\u00ed pro \u0161patn\u00e9 rozhodnut\u00ed, kter\u00e9 ud\u011blali. My, neo\u010dkovan\u00ed, jim toti\u017e m\u016f\u017eeme pomoci z o\u010dkovac\u00edho vlaku vystoupit. O\u010dkovat se toti\u017e co nevid\u011bt bude ka\u017ed\u00e9 t\u0159i m\u011bs\u00edce a u\u017e nyn\u00ed se v r\u016fzn\u00fdch zem\u00edch vyhro\u017euje t\u011bm, kte\u0159\u00ed necht\u011bj\u00ed t\u0159et\u00ed d\u00e1vku, \u017ee bude cel\u00e9 jejich o\u010dkov\u00e1n\u00ed zru\u0161eno (zneuzn\u00e1no) a bude na n\u011b pohl\u00ed\u017eeno jako na neo\u010dkovan\u00e9. Tito lid\u00e9 budou v nejhor\u0161\u00ed pozici \u2013 riziko u\u017e podstoupili, nikdo nev\u00ed, zda se vedlej\u0161\u00ed p\u0159\u00edznaky u nich n\u011bkdy v budoucnu neobjev\u00ed a p\u0159esto se nyn\u00ed dostanou do pozice t\u011bch, kte\u0159\u00ed budou za dal\u0161\u00ed odm\u00edt\u00e1n\u00ed vakc\u00edny \u0161ikanov\u00e1n\u00ed jako my, neo\u010dkovan\u00ed. I p\u0159esto ale jejich zm\u011bna postoje za \u00favahu stoj\u00ed. Maj\u00ed-li vakc\u00edny ne\u017e\u00e1douc\u00ed vedlej\u0161\u00ed \u00fa\u010dinky (co\u017e snad nikdo soudn\u00fd pop\u0159\u00edt nem\u016f\u017ee), pak v\u00edce vakc\u00edny znamenat v\u00edce vedlej\u0161\u00edch \u00fa\u010dink\u016f. Ne ka\u017ed\u00fd, kdo to risknul jednou, to bude cht\u00edt riskovat podruh\u00e9, pot\u0159et\u00ed \u010di dokonce ka\u017ed\u00e9ho \u010dtvrt roku. Je tedy jasn\u00e9, \u017ee \u201eodlupovat\u201c se bude i v opa\u010dn\u00e9m sm\u011bru \u2013 z ohromn\u00e9 skupiny o\u010dkovan\u00fdch se budou vyma\u0148ovat ti, kte\u0159\u00ed si mezit\u00edm na\u0161li pot\u0159ebn\u00e9 informace, ti, kte\u0159\u00ed si uv\u011bdomili, \u017ee byli podvedeni, ti, kte\u0159\u00ed u\u017e nebudou cht\u00edt znovu riskovat, ti, kte\u0159\u00ed se o\u010dkovat nechali jen pro svoji vlastn\u00ed pohodlnost, ale k dal\u0161\u00edmu o\u010dkov\u00e1n\u00ed u\u017e p\u0159istoup\u00ed zodpov\u011bdn\u011bji apod.<\/p>\n<p>Tedy v\u00e1m, neo\u010dkovan\u00fdm, vzkazuji, \u017ee v\u00e1s pot\u0159ebujeme, tak jako vy pot\u0159ebujete n\u00e1s. Pot\u0159ebujeme se navz\u00e1jem. Sv\u016fj n\u00e1rod udr\u017e\u00edme jen tehdy, kdy\u017e p\u0159\u00edkop mezi n\u00e1mi zase co nejrychleji zasypeme. \u010c\u00edm d\u0159\u00edve, t\u00edm l\u00e9pe. O\u010dkovan\u00ed i neo\u010dkovan\u00ed se musej\u00ed spojit. A musej\u00ed si vz\u00e1jemn\u011b pomoci. Ka\u017ed\u00e1 skupina n\u011bjak utrp\u011bla nebo utrp\u00ed. D\u00e1 se p\u0159edpokl\u00e1dat, \u017ee o\u010dkov\u00e1n\u00ed si m\u016f\u017ee vybrat svoji da\u0148 v podob\u011b vedlej\u0161\u00edch p\u0159\u00edznak\u016f na zdrav\u00ed \u010dlov\u011bka, a to klidn\u011b i za n\u011bkolik let. Neo\u010dkovan\u00ed zase budou trp\u011bt diskriminac\u00ed, ztr\u00e1tou zam\u011bstn\u00e1n\u00ed, tud\u00ed\u017e ekonomickou likvidac\u00ed apod. A v\u0161ichni dohromady pak rostouc\u00ed finan\u010dn\u00ed kriz\u00ed, zdra\u017eov\u00e1n\u00edm a dal\u0161\u00edmi pr\u016fvodn\u00edmi jevy. Nakonec zjist\u00edme, \u017ee jsme st\u00e1le \u2013 i p\u0159es na\u0161e velk\u00e9 rozd\u011blen\u00ed \u2013 na jedn\u00e9 lodi. A \u017ee mus\u00edme dr\u017eet p\u0159i sob\u011b.<\/p>\n<p>Jak vid\u00edte, nem\u016f\u017eeme dop\u0159edu zcela odhadnout, co se bude d\u00edt a co nov\u00e9ho nov\u00fd rok p\u0159inese. Tlak na o\u010dkov\u00e1n\u00ed bude sice v\u011bt\u0161\u00ed ne\u017e loni, ale m\u016f\u017ee z\u00e1rove\u0148 spustit lavinu proces\u016f p\u0159esn\u011b opa\u010dn\u00fdch. Akce vyvol\u00e1 reakci. Tlak m\u016f\u017ee mnoh\u00e9 lidi rozdrtit a zdrtit, ale z jin\u00fdch m\u016f\u017ee zase vym\u00e1\u010dknout to nejlep\u0161\u00ed, jako kdy\u017e se z oliv pod tlakem z\u00edsk\u00e1v\u00e1 v\u00fdborn\u00fd olivov\u00fd olej.<\/p>\n<p>D\u00edv\u00e1me-li se na nov\u00fd rok a na to, co p\u0159inese, pouze optikou neust\u00e1le se zp\u0159\u00eds\u0148uj\u00edc\u00edch opat\u0159en\u00ed, pak m\u016f\u017eeme propadnout skepsi a pocitu beznad\u011bje. Ale st\u00e1le plat\u00ed, co jsem napsal v\u00fd\u0161e \u2013 ani to, \u017ee v\u00e1m n\u011bkdo dr\u017e\u00ed pistoli u hlavy, nen\u00ed kone\u010dn\u00e1 a nem\u016f\u017ee v\u00e1s to zlomit. Nikdy toti\u017e nev\u00edte. M\u00e1 ji nabitou, nebo nem\u00e1? A i kdyby m\u011bl \u2013 nemohu ud\u011blat n\u011bco, \u010d\u00edm bych svoji na prvn\u00ed pohled bezv\u00fdchodnou situaci zvr\u00e1til? Kdy\u017e n\u00e1m jde o \u017eivot, kdy\u017e jde do tuh\u00e9ho, najdeme v sob\u011b \u010dasto nev\u00eddanou s\u00edlu a netu\u0161en\u00e9 schopnosti. Plat\u00ed to i pro spole\u010dnost jako celek. M\u016f\u017ee se zd\u00e1t, \u017ee n\u00e1s srazili na kolena. M\u016f\u017ee se zd\u00e1t, \u017ee \u010desk\u00e9mu n\u00e1rodu dr\u017e\u00ed parta pomaten\u00fdch nadn\u00e1rodn\u00edch \u0161mejd\u016f a mafi\u00e1n\u016f pistoli u hlavy. Dokud n\u00e1m ale nevyst\u0159elili mozek z hlavy, je\u0161t\u011b \u017eijeme. A dokud \u017eijeme, nemohou si b\u00fdt ni\u010d\u00edm jist\u00ed\u2026<\/p>\n<p>To je m\u00e9 poselstv\u00ed na za\u010d\u00e1tku roku 2022:<\/p>\n<p>Dob\u0159e v\u00edme, \u017ee rok 2022 nebude snadn\u00fd. Pr\u00e1v\u011b proto v\u00e1m ale p\u0159eji, abyste se se v\u0161emi jeho v\u00fdzvami \u00fasp\u011b\u0161n\u011b poprali a nedali se.<\/p>\n<p><em>Adam B. Barto\u0161, p\u0159edseda N\u00e1rodn\u00ed demokracie<\/em><\/p>\n<p><img decoding=\"async\" loading=\"lazy\" class=\"alignnone size-full wp-image-678\" src=\"http:\/\/www.infokuryr.cz\/n\/wp-content\/uploads\/2021\/04\/narodni_demokracie_logo.jpg\" alt=\"\" width=\"300\" height=\"85\" \/><\/p>\n<p>&nbsp;<\/p>\n","protected":false},"excerpt":{"rendered":"<p>Dovolte, abych v\u00e1m pop\u0159\u00e1l nejen p\u011bknou prvn\u00ed ned\u011bli roku 2022, ale i cel\u00fd n\u00e1sleduj\u00edc\u00ed rok&#8230;.<\/p>\n","protected":false},"author":2,"featured_media":679,"comment_status":"closed","ping_status":"closed","sticky":false,"template":"","format":"standard","meta":[],"categories":[6],"tags":[367,29,85],"_links":{"self":[{"href":"https:\/\/www.infokuryr.cz\/n\/wp-json\/wp\/v2\/posts\/7263"}],"collection":[{"href":"https:\/\/www.infokuryr.cz\/n\/wp-json\/wp\/v2\/posts"}],"about":[{"href":"https:\/\/www.infokuryr.cz\/n\/wp-json\/wp\/v2\/types\/post"}],"author":[{"embeddable":true,"href":"https:\/\/www.infokuryr.cz\/n\/wp-json\/wp\/v2\/users\/2"}],"replies":[{"embeddable":true,"href":"https:\/\/www.infokuryr.cz\/n\/wp-json\/wp\/v2\/comments?post=7263"}],"version-history":[{"count":0,"href":"https:\/\/www.infokuryr.cz\/n\/wp-json\/wp\/v2\/posts\/7263\/revisions"}],"wp:featuredmedia":[{"embeddable":true,"href":"https:\/\/www.infokuryr.cz\/n\/wp-json\/wp\/v2\/media\/679"}],"wp:attachment":[{"href":"https:\/\/www.infokuryr.cz\/n\/wp-json\/wp\/v2\/media?parent=7263"}],"wp:term":[{"taxonomy":"category","embeddable":true,"href":"https:\/\/www.infokuryr.cz\/n\/wp-json\/wp\/v2\/categories?post=7263"},{"taxonomy":"post_tag","embeddable":true,"href":"https:\/\/www.infokuryr.cz\/n\/wp-json\/wp\/v2\/tags?post=7263"}],"curies":[{"name":"wp","href":"https:\/\/api.w.org\/{rel}","templated":true}]}}