{"id":72554,"date":"2025-02-18T00:18:44","date_gmt":"2025-02-17T23:18:44","guid":{"rendered":"https:\/\/www.infokuryr.cz\/n\/?p=72554"},"modified":"2025-02-17T14:09:36","modified_gmt":"2025-02-17T13:09:36","slug":"herbert-kickl-pro-boj-s-islamistickymi-hrozbami-je-nutna-kompletni-zmena-systemu","status":"publish","type":"post","link":"https:\/\/www.infokuryr.cz\/n\/2025\/02\/18\/herbert-kickl-pro-boj-s-islamistickymi-hrozbami-je-nutna-kompletni-zmena-systemu\/","title":{"rendered":"Herbert Kickl: Pro boj s islamistick\u00fdmi hrozbami je nutn\u00e1 kompletn\u00ed zm\u011bna syst\u00e9mu"},"content":{"rendered":"<div id=\"fb-root\"><\/div>\n<p><strong>Po teroristick\u00e9m \u00fatoku islamist\u016f ve Villachu, kter\u00fd st\u00e1l \u017eivot 14let\u00e9ho mlad\u00edka, \u00d6VP po\u017eaduje komplexn\u00ed sledovac\u00ed opat\u0159en\u00ed \u2013 v\u010detn\u011b sledov\u00e1n\u00ed posl\u016f. V\u016fdce FP\u00d6 Herbert Kickl to naz\u00fdv\u00e1 \u201efantazi\u00ed \u0161pion\u00e1\u017en\u00edho st\u00e1tu proti cel\u00e9 populaci\u201c a nevid\u00ed zde \u017e\u00e1dn\u00e9 \u0159e\u0161en\u00ed: M\u00edsto toho je zapot\u0159eb\u00ed \u00fapln\u00e1 zm\u011bna syst\u00e9mu, aby se hrozba islamist\u016f kone\u010dn\u011b zastavila.<\/strong><\/p>\n<p><span style=\"font-size: 18pt;\"><em>N\u00ed\u017ee si m\u016f\u017eete p\u0159e\u010d\u00edst tiskovou zpr\u00e1vu FP\u00d6:<\/em><\/span><\/p>\n<p>P\u0159edseda feder\u00e1ln\u00ed strany FP\u00d6, p\u0159edseda klubu NAbg, ozna\u010dil stranu za \u201ezcela nevhodnou a postr\u00e1daj\u00edc\u00ed smysl\u201c. Herbert Kickl v\u00fdroky ministra vnitra \u00d6VP Karnera b\u011bhem dne\u0161n\u00ed tiskov\u00e9 konference k teroristick\u00e9mu \u00fatoku islamist\u016f ve Villachu:\u00a0<strong>\u201eOd Karnera ani slovo o nutn\u00e9 azylov\u00e9 zast\u00e1vce pro lidi ze zem\u00ed vzd\u00e1len\u00fdch tis\u00edce kilometr\u016f. Je jasn\u00e9, \u017ee kdo tu nen\u00ed, nem\u016f\u017ee p\u00e1chat trestn\u00fd \u010din.<\/strong>\u00a0Probl\u00e9m je t\u0159eba \u0159e\u0161it u jeho ko\u0159en\u016f. USA to uznaly. Karner ale ukazuje, \u017ee Rakousko a EU nad\u00e1le pop\u00edraj\u00ed realitu. Ani slovo Karnera o nal\u00e9hav\u011b pot\u0159ebn\u00e9m z\u00e1kazu politick\u00e9ho isl\u00e1mu. Po\u017eadovan\u00e9 hromadn\u00e9 sledov\u00e1n\u00ed, jak p\u0159edpokl\u00e1d\u00e1 \u00d6VP, se t\u00fdk\u00e1 ka\u017ed\u00e9ho ob\u010dana a je dal\u0161\u00edm krokem k cenzu\u0159e a stavu sledov\u00e1n\u00ed, kter\u00fd si lidovci a EU p\u0159ej\u00ed. Pro\u010d by na\u0161i vlastn\u00ed ob\u010dan\u00e9 m\u011bli b\u00fdt v\u017edy znev\u00fdhodn\u011bni, kdy\u017e cizinci p\u00e1chaj\u00ed zlo\u010diny?&#8220;<\/p>\n<p>\u201e\u00d6VP v\u017edy blokuje v\u0161e, co by vedlo k rozumn\u00e9mu \u0159e\u0161en\u00ed ohledn\u011b islamismu a teroristick\u00fdch hrozeb. Proto se st\u00e1le objevuj\u00ed nov\u00e9 nevinn\u00e9 ob\u011bti a nezastav\u00ed se to, proto\u017ee chyba je v syst\u00e9mu. Pr\u00e1v\u011b tato systematick\u00e1 hloupost a nenapravitelnost \u2013 od \u00d6VP k EU \u2013 a jej\u00ed nekritick\u00e9 uhlazen\u00e9 \u0159e\u010dn\u00edky p\u0159edstavuj\u00ed velk\u00e9 bezpe\u010dnostn\u00ed riziko, kter\u00e9 \u00d6VP p\u0159edstavuje,\u201c vysv\u011btlil Kickl.<\/p>\n<p>Strana svobody vol\u00e1 po kompletn\u00ed zm\u011bn\u011b syst\u00e9mu.\u00a0<strong>\u201eOd Rakouska po EU \u2013 v\u0161ude plat\u00ed \u0161patn\u00e9 p\u0159edpisy. Nikdo to nesm\u00ed zm\u011bnit; v\u0161e je prohl\u00e1\u0161eno za posv\u00e1tn\u00e9.<\/strong>\u00a0Nast\u00ednili jsme nezbytnou kompletn\u00ed zm\u011bnu syst\u00e9mu s na\u0161\u00edm programem pro \u201epevnost Rakousko\u201c. Jsou nutn\u00e1 okam\u017eit\u00e1 opat\u0159en\u00ed, jako je\u00a0<strong>z\u00e1kon zakazuj\u00edc\u00ed politick\u00fd isl\u00e1m<\/strong>\u00a0, aby bylo mo\u017en\u00e9 zas\u00e1hnout d\u0159\u00edve, a dokonce i\u00a0<strong>p\u0159\u00edsn\u00fd z\u00e1sah v ot\u00e1zk\u00e1ch azylu.<\/strong>\u00a0Nesm\u00edme pokra\u010dovat v importu podm\u00ednek, kter\u00e9 vedly k islamistick\u00e9mu \u00fatoku ve Villachu. Dokud se tak nestane, nic se nezm\u011bn\u00ed!\u201c \u0159ekl p\u0159edseda spolkov\u00e9 strany FP\u00d6.<\/p>\n<p>\u201ePokud chce \u00d6VP nyn\u00ed zneu\u017e\u00edt \u00fatok, jako byl ten ve Villachu, k prosazen\u00ed sv\u00fdch fantazi\u00ed o \u0161pion\u00e1\u017en\u00edm st\u00e1t\u011b proti cel\u00e9 populaci, mus\u00ed to b\u00fdt jasn\u011b odm\u00edtnuto. Faktem je, \u017ee probl\u00e9m lze jasn\u011b definovat a \u017ee s dlouho o\u010dek\u00e1van\u00fdm z\u00e1kazem politick\u00e9ho isl\u00e1mu a ukon\u010den\u00edm svobody t\u011bch, kte\u0159\u00ed \u00fadajn\u011b hledaj\u00ed ochranu, by bezpe\u010dnostn\u00ed org\u00e1ny m\u011bly v\u0161e ve sv\u00fdch rukou, aby mohly v\u010das zas\u00e1hnout.\u00a0<strong>Pokud se nyn\u00ed \u00d6VP chce pomoc\u00ed sledov\u00e1n\u00ed zam\u011b\u0159it na celou populaci, ukazuje to, \u017ee nejen\u017ee ni\u010demu nepochopila, ale evidentn\u011b sleduje jinou agendu,\u201c<\/strong>\u00a0uzav\u0159el spolkov\u00fd p\u0159edseda Strany svobody.<\/p>\n<p><img decoding=\"async\" loading=\"lazy\" class=\"alignnone size-full wp-image-71983\" src=\"http:\/\/www.infokuryr.cz\/n\/wp-content\/uploads\/2025\/02\/aaa.jpg\" alt=\"\" width=\"89\" height=\"23\" \/><\/p>\n<p>&nbsp;<\/p>\n","protected":false},"excerpt":{"rendered":"<p>Po teroristick\u00e9m \u00fatoku islamist\u016f ve Villachu, kter\u00fd st\u00e1l \u017eivot 14let\u00e9ho mlad\u00edka, \u00d6VP po\u017eaduje komplexn\u00ed sledovac\u00ed&#8230;<\/p>\n","protected":false},"author":2,"featured_media":72555,"comment_status":"closed","ping_status":"closed","sticky":false,"template":"","format":"standard","meta":[],"categories":[7],"tags":[4577,120,2703,331,184],"_links":{"self":[{"href":"https:\/\/www.infokuryr.cz\/n\/wp-json\/wp\/v2\/posts\/72554"}],"collection":[{"href":"https:\/\/www.infokuryr.cz\/n\/wp-json\/wp\/v2\/posts"}],"about":[{"href":"https:\/\/www.infokuryr.cz\/n\/wp-json\/wp\/v2\/types\/post"}],"author":[{"embeddable":true,"href":"https:\/\/www.infokuryr.cz\/n\/wp-json\/wp\/v2\/users\/2"}],"replies":[{"embeddable":true,"href":"https:\/\/www.infokuryr.cz\/n\/wp-json\/wp\/v2\/comments?post=72554"}],"version-history":[{"count":0,"href":"https:\/\/www.infokuryr.cz\/n\/wp-json\/wp\/v2\/posts\/72554\/revisions"}],"wp:featuredmedia":[{"embeddable":true,"href":"https:\/\/www.infokuryr.cz\/n\/wp-json\/wp\/v2\/media\/72555"}],"wp:attachment":[{"href":"https:\/\/www.infokuryr.cz\/n\/wp-json\/wp\/v2\/media?parent=72554"}],"wp:term":[{"taxonomy":"category","embeddable":true,"href":"https:\/\/www.infokuryr.cz\/n\/wp-json\/wp\/v2\/categories?post=72554"},{"taxonomy":"post_tag","embeddable":true,"href":"https:\/\/www.infokuryr.cz\/n\/wp-json\/wp\/v2\/tags?post=72554"}],"curies":[{"name":"wp","href":"https:\/\/api.w.org\/{rel}","templated":true}]}}