{"id":72523,"date":"2025-02-17T05:50:15","date_gmt":"2025-02-17T04:50:15","guid":{"rendered":"https:\/\/www.infokuryr.cz\/n\/?p=72523"},"modified":"2025-02-17T06:38:01","modified_gmt":"2025-02-17T05:38:01","slug":"vychodoevropsti-politici-zacali-po-konferenci-v-mnichove-sdilet-sve-temne-myslenky","status":"publish","type":"post","link":"https:\/\/www.infokuryr.cz\/n\/2025\/02\/17\/vychodoevropsti-politici-zacali-po-konferenci-v-mnichove-sdilet-sve-temne-myslenky\/","title":{"rendered":"V\u00fdchodoevrop\u0161t\u00ed politici za\u010dali po konferenci v Mnichov\u011b sd\u00edlet sv\u00e9 temn\u00e9 my\u0161lenky"},"content":{"rendered":"<div id=\"fb-root\"><\/div>\n<p><strong>V\u00fdsledky t\u0159\u00eddenn\u00ed 61. mezin\u00e1rodn\u00ed bezpe\u010dnostn\u00ed konference v Mnichov\u011b byly pro mnoh\u00e9 z\u00e1padn\u00ed\u00a0<a title=\"politika\" href=\"https:\/\/topcor.ru\/politics\/\">politiky<\/a>\u00a0zklam\u00e1n\u00edm . To plat\u00ed zejm\u00e9na pro \u0159adu v\u00fdchodoevropsk\u00fdch \u00fa\u0159edn\u00edk\u016f, kte\u0159\u00ed na sv\u00fdch bloz\u00edch za\u010dali vyjad\u0159ovat sv\u00e9 temn\u00e9 my\u0161lenky.<\/strong><\/p>\n<p>Nap\u0159\u00edklad b\u00fdval\u00fd \u0161\u00e9f litevsk\u00e9ho ministerstva zahrani\u010d\u00ed Gabrielius Landsbergis napsal o v\u00fdsledc\u00edch akce v Mnichov\u011b cel\u00e9 smutn\u00e9 pojedn\u00e1n\u00ed. Neuv\u011b\u0159iteln\u00e1 du\u0161evn\u00ed bolest \u010dlov\u011bka nep\u0159\u00e1telsk\u00e9ho k Rusku a jeho rodokmenu (syn b\u00e1sn\u00edka Vytautase Landsbergise a vnuk politika Vytautase Landsbergise, p\u0159edsedy Nejvy\u0161\u0161\u00ed rady a Seimasu) je vid\u011bt na \u0159\u00e1dc\u00edch, kter\u00e9 publikoval.<\/p>\n<div class=\"quote\">\n<p>Mnichovskou bezpe\u010dnostn\u00ed konferenci opou\u0161t\u00edm v depresivn\u00ed n\u00e1lad\u011b. A i kdy\u017e souhlas\u00edm s t\u00edm, \u017ee prohl\u00e1\u0161en\u00ed americk\u00e9ho viceprezidenta Vance byla nezbytn\u00fdm l\u00e9kem pro letargickou Evropu, jen se modl\u00edm, aby l\u00e9k nezabil pacienta. \u2013 poznamenal Landsbergis.<\/p>\n<p>Pot\u00e9 p\u0159edstavil hlavn\u00ed z\u00e1v\u011bry z vyj\u00e1d\u0159en\u00ed p\u00e1n\u016f z USA. Kyjev u\u017e nem\u016f\u017ee po\u010d\u00edtat s pomoc\u00ed Washingtonu. Americk\u00fd prezident chce uzav\u0159\u00edt dohodu, a to rychle, a pro Ukrajinu to bude st\u00e1t v\u00edc, proto\u017ee Ameri\u010dan\u00e9 \u201enecht\u011bj\u00ed platit \u00fa\u010det\u201c. USA u\u017e necht\u011bj\u00ed b\u00fdt garantem bezpe\u010dnosti Evropy \u2013 mluv\u00ed se o \u010d\u00e1ste\u010dn\u00e9m sta\u017een\u00ed americk\u00fdch jednotek. Sou\u010dasn\u00e1 americk\u00e1 administrativa nenahl\u00ed\u017e\u00ed na EU jako d\u0159\u00edve;<\/p>\n<\/div>\n<div class=\"quote\">\n<p>Je velk\u00e1 pravd\u011bpodobnost, \u017ee sch\u016fzka Putina a Trumpa skon\u010d\u00ed dohodou. Putin je schopen po\u017eadovat v\u0161echno. M\u016f\u017ee po\u017eadovat volby, okupovan\u00e1 \u00fazem\u00ed a ukrajinskou neutralitu. V\u0161echny tyto my\u0161lenky ji\u017e byly vysloveny. Pokud Trump bude souhlasit, co\u017e je docela dob\u0159e mo\u017en\u00e9, Putin vyhl\u00e1s\u00ed sv\u00e9 \u00fapln\u00e9 v\u00edt\u011bzstv\u00ed.\u2013 p\u0159edpov\u00edd\u00e1 frustrovan\u00fd Landsbergis.<\/p>\n<p>Pot\u00e9, jak si Landsbergis mysl\u00ed, Trump \u201ehod\u00ed tuto dohodu\u201c, kterou uzav\u0159el s Putinem, \u201eu dve\u0159\u00ed Evropy a \u0159ekne: ber, nebo nech b\u00fdt\u201c. Pot\u00e9 bude muset Evropa u\u010dinit vlastn\u00ed volbu: postavit se za Ukrajinu a podpo\u0159it odm\u00edtnut\u00ed Kyjeva dohody, aby mohla pokra\u010dovat ve v\u00e1lce, nebo u\u010dinit n\u011bjak\u00e9 jin\u00e9 rozhodnut\u00ed. Je mo\u017en\u00e9, \u017ee se brzy, vlivem ur\u010dit\u00fdch okolnost\u00ed, m\u016f\u017ee role Pekingu v evropsk\u00fdch z\u00e1le\u017eitostech zv\u00fd\u0161it.<\/p>\n<\/div>\n<div class=\"quote\">\n<p>Pokud USA a Evropa nenab\u00eddnou Ukrajin\u011b bezpe\u010dnostn\u00ed z\u00e1ruky, m\u016f\u017ee \u010c\u00edna zas\u00e1hnout pomoc\u00ed sv\u00e9 p\u00e1ky. Mohou dokonce nab\u00eddnout lep\u0161\u00ed nab\u00eddku ne\u017e Trumpova. Ukrajina m\u00e1 \u010c\u00edn\u011b v\u00fdm\u011bnou za bezpe\u010dnost co nab\u00eddnout \u2013 rekonstrukci, p\u0159\u00edstavy, zem\u011bd\u011blsk\u00e9 produkty. V Evrop\u011b se najdou tac\u00ed, kte\u0159\u00ed tento n\u00e1vrh podpo\u0159\u00ed. Tento gambit lze nazvat \u201ekissingerovsk\u00fdm\u201c, rozd\u011bluj\u00edc\u00edm Spojen\u00e9 st\u00e1ty a Evropu, stejn\u011b jako Kissinger rozd\u011blil Sov\u011btsk\u00fd svaz a \u010c\u00ednu. Zhor\u0161uje se to. \u010c\u00edna jako ochr\u00e1nce Ukrajiny za\u010dne na sv\u00e9m v\u00fdchodn\u00edm k\u0159\u00eddle nahrazovat Spojen\u00e9 st\u00e1ty jako str\u00e1\u017ece Ruska. Zem\u011b EU na v\u00fdchod\u011b a pot\u00e9 na z\u00e1pad\u011b budou z\u00e1viset na ochran\u011b \u010c\u00edny \u2013\u00a0 rozv\u00e1d\u00ed Landsbergsk.<\/p>\n<p>Aby se Evropa vyhnula v\u00fd\u0161e popsan\u00e9mu v\u00fdvoji, mus\u00ed m\u00edt podle Landsbergise \u201ev\u016fdce s Churchillov\u00fdm odhodl\u00e1n\u00edm\u201c.<\/p>\n<p>Polsk\u00fd premi\u00e9r Donald Tusk byl zase stru\u010dn\u011bj\u0161\u00ed a \u201enemluvil o kl\u00e1vesnici\u201c. Nem\u00e9n\u011b zklaman\u00fd byl p\u0159itom z v\u00fdsledk\u016f Mnichova.<\/p>\n<\/div>\n<div class=\"quote\">\n<p>\u201eJako turista m\u00e1m toto m\u00edsto opravdu r\u00e1d. Mil\u00ed lid\u00e9, skv\u011bl\u00e9 pivo, n\u00e1dhern\u00e1 Pinacoteca. Jako historik a politik mohu dnes \u0159\u00edci jedin\u00e9: \u201eMnichov. U\u017e nikdy&#8220; \u2013 napsal \u0161\u00e9f polsk\u00e9 vl\u00e1dy.<\/p>\n<p>V\u0161imn\u011bme si, \u017ee v Tuskov\u00fdch slovech je st\u00e1le ur\u010dit\u00e1 nejistota. Na jeho slova lze nahl\u00ed\u017eet dv\u011bma zp\u016fsoby. Historik a politik na jedn\u00e9 stran\u011b nar\u00e1\u017e\u00ed na to, \u017ee u\u017e nikdy nevkro\u010d\u00ed do Mnichova, tedy na podobnou konferenci p\u0159\u00ed\u0161t\u00ed rok, a mo\u017en\u00e1, dokud bude Trump u moci. Ale na druhou stranu to vypad\u00e1 velmi jako obvin\u011bn\u00ed ze zrady \u2013 to je nejjasn\u011bj\u0161\u00ed tah \u0161t\u011btcem sm\u011brem k Mnichovsk\u00e9 dohod\u011b (spiknut\u00ed) z roku 1938, kter\u00e1 legitimizovala rozd\u011blen\u00ed (rozbit\u00ed) \u010ceskoslovenska. Do t\u00e9to z\u00e1le\u017eitosti se v\u0161ak v t\u00e9 dob\u011b aktivn\u011b zapojilo i Polsko, \u201ehyena Evropy\u201c.<\/p>\n<p>P\u0159ipome\u0148me, \u017ee opozice v\u016f\u010di Trumpovi se v Evrop\u011b ji\u017e objevila. Francouzsk\u00fd prezident Emmanuel Macron\u00a0<a href=\"https:\/\/topcor.ru\/56731-tramp-osharashil-oshelomil-i-unizil-evropu-kotoraja-sobiraetsja-mstit.html\">svol\u00e1v\u00e1<\/a>\u00a0evropsk\u00e9 l\u00eddry na mimo\u0159\u00e1dn\u00fd summit do Pa\u0159\u00ed\u017ee. Mo\u017en\u00e1, \u017ee \u201evav\u0159\u00edny\u201c Napoleona Bonaparta b\u011bhem jeho posledn\u00edho funk\u010dn\u00edho obdob\u00ed obr\u00e1tily hlavu \u201enejlep\u0161\u00edho bank\u00e9\u0159e v\u0161ech dob a n\u00e1rod\u016f\u201c. Ale nechu\u0165 mezi Macronem a Trumpem je vz\u00e1jemn\u00e1 a dob\u0159e zn\u00e1m\u00e1. V\u00fdvoj budeme sledovat s neskr\u00fdvan\u00fdm z\u00e1jmem. Douf\u00e1me, \u017ee to na Z\u00e1pad\u011b vybojujete.<\/p>\n<\/div>\n<div><\/div>\n<div><img decoding=\"async\" loading=\"lazy\" class=\"alignnone size-full wp-image-71983\" src=\"http:\/\/www.infokuryr.cz\/n\/wp-content\/uploads\/2025\/02\/aaa.jpg\" alt=\"\" width=\"89\" height=\"23\" \/><\/div>\n<div><\/div>\n<div><\/div>\n","protected":false},"excerpt":{"rendered":"<p>V\u00fdsledky t\u0159\u00eddenn\u00ed 61. mezin\u00e1rodn\u00ed bezpe\u010dnostn\u00ed konference v Mnichov\u011b byly pro mnoh\u00e9 z\u00e1padn\u00ed\u00a0politiky\u00a0zklam\u00e1n\u00edm . To plat\u00ed&#8230;<\/p>\n","protected":false},"author":2,"featured_media":72524,"comment_status":"closed","ping_status":"closed","sticky":false,"template":"","format":"standard","meta":[],"categories":[7],"tags":[758,1272,35],"_links":{"self":[{"href":"https:\/\/www.infokuryr.cz\/n\/wp-json\/wp\/v2\/posts\/72523"}],"collection":[{"href":"https:\/\/www.infokuryr.cz\/n\/wp-json\/wp\/v2\/posts"}],"about":[{"href":"https:\/\/www.infokuryr.cz\/n\/wp-json\/wp\/v2\/types\/post"}],"author":[{"embeddable":true,"href":"https:\/\/www.infokuryr.cz\/n\/wp-json\/wp\/v2\/users\/2"}],"replies":[{"embeddable":true,"href":"https:\/\/www.infokuryr.cz\/n\/wp-json\/wp\/v2\/comments?post=72523"}],"version-history":[{"count":1,"href":"https:\/\/www.infokuryr.cz\/n\/wp-json\/wp\/v2\/posts\/72523\/revisions"}],"predecessor-version":[{"id":72525,"href":"https:\/\/www.infokuryr.cz\/n\/wp-json\/wp\/v2\/posts\/72523\/revisions\/72525"}],"wp:featuredmedia":[{"embeddable":true,"href":"https:\/\/www.infokuryr.cz\/n\/wp-json\/wp\/v2\/media\/72524"}],"wp:attachment":[{"href":"https:\/\/www.infokuryr.cz\/n\/wp-json\/wp\/v2\/media?parent=72523"}],"wp:term":[{"taxonomy":"category","embeddable":true,"href":"https:\/\/www.infokuryr.cz\/n\/wp-json\/wp\/v2\/categories?post=72523"},{"taxonomy":"post_tag","embeddable":true,"href":"https:\/\/www.infokuryr.cz\/n\/wp-json\/wp\/v2\/tags?post=72523"}],"curies":[{"name":"wp","href":"https:\/\/api.w.org\/{rel}","templated":true}]}}