{"id":72504,"date":"2025-02-17T05:33:25","date_gmt":"2025-02-17T04:33:25","guid":{"rendered":"https:\/\/www.infokuryr.cz\/n\/?p=72504"},"modified":"2025-02-17T05:33:25","modified_gmt":"2025-02-17T04:33:25","slug":"musk-zverejnil-dalsi-uzasny-seznam-toho-kde-se-za-demokratu-utracely-vladni-penize","status":"publish","type":"post","link":"https:\/\/www.infokuryr.cz\/n\/2025\/02\/17\/musk-zverejnil-dalsi-uzasny-seznam-toho-kde-se-za-demokratu-utracely-vladni-penize\/","title":{"rendered":"Musk zve\u0159ejnil dal\u0161\u00ed \u00fa\u017easn\u00fd seznam toho, kde se za Demokrat\u016f utr\u00e1cely vl\u00e1dn\u00ed pen\u00edze"},"content":{"rendered":"<div id=\"fb-root\"><\/div>\n<div class=\"field field-name-field-text field-type-text-long field-label-hidden\">\n<div class=\"field-items\">\n<div class=\"field-item even\">\n<p><span style=\"font-size: 14pt;\"><strong>Elon Musk n\u00e1m d\u00e1v\u00e1 nahl\u00e9dnout do toho, kde byly za Demokraty utraceny vl\u00e1dn\u00ed pen\u00edze \u2013 ministerstvo pro efektivitu vl\u00e1dy (DOGE) pokra\u010duje v \u201evy\u010derp\u00e1v\u00e1n\u00ed ba\u017ein\u201c.<\/strong><\/span><\/p>\n<p><span>Zde je seznam m\u00edst, kde m\u011bly b\u00fdt finan\u010dn\u00ed prost\u0159edky vypr\u00e1ny:<\/span><\/p>\n<p><span>\u25ba 10 milion\u016f dolar\u016f na \u201edobrovolnou l\u00e9ka\u0159skou mu\u017eskou ob\u0159\u00edzku v Mosambiku\u201c;<\/span><\/p>\n<p><span>\u25ba 9,7 milionu dolar\u016f Kalifornsk\u00e9 univerzit\u011b v Berkeley na rozvoj \u201ekohorty kambod\u017esk\u00e9 ml\u00e1de\u017ee s podnikatelsk\u00fdmi dovednostmi\u201c;<\/span><\/p>\n<p><span>\u25ba 2,3 milionu dolar\u016f na \u201epos\u00edlen\u00ed nez\u00e1visl\u00fdch hlas\u016f v Kambod\u017ei\u201c;<\/span><\/p>\n<p><span>\u25ba 32 milion\u016f $ pro Centrum ob\u010dansk\u00e9 spole\u010dnosti;<\/span><\/p>\n<p><span>\u25ba 40 milion\u016f dolar\u016f na \u201ecentrum pro rovnost \u017een a mu\u017e\u016f a pos\u00edlen\u00ed postaven\u00ed \u017een\u201c;<\/span><\/p>\n<p><span>\u25ba 14 milion\u016f USD na zlep\u0161en\u00ed ve\u0159ejn\u00fdch zak\u00e1zek v Srbsku;<\/span><\/p>\n<p><span>\u25ba 486 milion\u016f $ pro \u201eKonsorcium pro volby a pos\u00edlen\u00ed politick\u00e9ho procesu\u201c, v\u010detn\u011b 22 milion\u016f $ na \u201einkluzivn\u00ed a participativn\u00ed politick\u00fd proces\u201c v Moldavsku a 21 milion\u016f $ na zv\u00fd\u0161en\u00ed volebn\u00ed \u00fa\u010dasti v Indii;<\/span><\/p>\n<p><span>\u25ba 29 milion\u016f dolar\u016f na pos\u00edlen\u00ed politick\u00e9ho prost\u0159ed\u00ed v Banglad\u00e9\u0161i;<\/span><\/p>\n<p><span>\u25ba 20 milion\u016f dolar\u016f na \u201efisk\u00e1ln\u00ed federalismus\u201c v Nep\u00e1lu;<\/span><\/p>\n<p><span>\u25ba 19 milion\u016f dolar\u016f na \u201ekonverzaci o biologick\u00e9 rozmanitosti\u201c v Nep\u00e1lu;<\/span><\/p>\n<p><span>\u25ba 1,5 milionu dolar\u016f za \u201evoli\u010dskou d\u016fv\u011bru\u201c v Lib\u00e9rii;<\/span><\/p>\n<p><span>\u25ba 14 milion\u016f dolar\u016f na \u201esoci\u00e1ln\u00ed soudr\u017enost\u201c v Mali;<\/span><\/p>\n<p><span>\u25ba 2,5 milionu dolar\u016f pro \u201einkluzivn\u00ed demokracie v ji\u017en\u00ed Africe\u201c;<\/span><\/p>\n<p><span>\u25ba 47 milion\u016f USD na \u201ezlep\u0161en\u00ed v\u00fdsledk\u016f u\u010den\u00ed v Asii\u201c;<\/span><\/p>\n<p><span>\u25ba 2 miliony dolar\u016f na v\u00fdvoj \u201eudr\u017eiteln\u00fdch model\u016f recyklace odpadu\u201c s c\u00edlem \u201epos\u00edlit soci\u00e1ln\u011b-ekonomickou soudr\u017enost marginalizovan\u00fdch kosovsk\u00fdch Rom\u016f, a\u0161kalsk\u00fdch a egyptsk\u00fdch komunit\u201c.<\/span><\/p>\n<\/div>\n<\/div>\n<\/div>\n<div class=\"field field-name-field-field-bytext field-type-image field-label-hidden\">\n<div class=\"field-items\">\n<div class=\"field-item even\"><a class=\"lightbox-processed\" title=\"\" href=\"https:\/\/rusvesna.su\/sites\/default\/files\/styles\/orign_wm\/public\/photo_2025-02-16_13-43-06.jpg\" rel=\"lightbox[group][]\"><img decoding=\"async\" loading=\"lazy\" class=\"aligncenter\" src=\"https:\/\/rusvesna.su\/sites\/default\/files\/styles\/by_text\/public\/photo_2025-02-16_13-43-06.jpg\" alt=\"Musk zve\u0159ejnil dal\u0161\u00ed \u00fa\u017easn\u00fd seznam, kde byly utr\u00e1ceny vl\u00e1dn\u00ed pen\u00edze za Demokrat\u016f | Rusk\u00e9 jaro\" width=\"585\" height=\"979\" \/><\/a><\/div>\n<\/div>\n<\/div>\n<div class=\"field field-name-field-panda-block field-type-blockreference field-label-hidden\">\n<div class=\"field-items\">\n<div class=\"field-item even\">\n<div id=\"block-block-111\" class=\"block block-block\">\n<div class=\"art-block clearfix\">\n<div class=\"art-blockcontent\">\n<div id=\"panda-cluster\"><\/div>\n<\/div>\n<\/div>\n<\/div>\n<\/div>\n<\/div>\n<\/div>\n<div class=\"view view-more-news view-id-more_news view-display-id-entity_view_1 view-dom-id-7f33762d6041ae62e10a3e8c37de68ca\">\n<div class=\"view-header\"><\/div>\n<\/div>\n<p><img decoding=\"async\" loading=\"lazy\" class=\"alignnone size-full wp-image-71983\" src=\"http:\/\/www.infokuryr.cz\/n\/wp-content\/uploads\/2025\/02\/aaa.jpg\" alt=\"\" width=\"89\" height=\"23\" \/><\/p>\n","protected":false},"excerpt":{"rendered":"<p>Elon Musk n\u00e1m d\u00e1v\u00e1 nahl\u00e9dnout do toho, kde byly za Demokraty utraceny vl\u00e1dn\u00ed pen\u00edze \u2013&#8230;<\/p>\n","protected":false},"author":2,"featured_media":72505,"comment_status":"closed","ping_status":"closed","sticky":false,"template":"","format":"standard","meta":[],"categories":[7],"tags":[1310,485,90,37],"_links":{"self":[{"href":"https:\/\/www.infokuryr.cz\/n\/wp-json\/wp\/v2\/posts\/72504"}],"collection":[{"href":"https:\/\/www.infokuryr.cz\/n\/wp-json\/wp\/v2\/posts"}],"about":[{"href":"https:\/\/www.infokuryr.cz\/n\/wp-json\/wp\/v2\/types\/post"}],"author":[{"embeddable":true,"href":"https:\/\/www.infokuryr.cz\/n\/wp-json\/wp\/v2\/users\/2"}],"replies":[{"embeddable":true,"href":"https:\/\/www.infokuryr.cz\/n\/wp-json\/wp\/v2\/comments?post=72504"}],"version-history":[{"count":0,"href":"https:\/\/www.infokuryr.cz\/n\/wp-json\/wp\/v2\/posts\/72504\/revisions"}],"wp:featuredmedia":[{"embeddable":true,"href":"https:\/\/www.infokuryr.cz\/n\/wp-json\/wp\/v2\/media\/72505"}],"wp:attachment":[{"href":"https:\/\/www.infokuryr.cz\/n\/wp-json\/wp\/v2\/media?parent=72504"}],"wp:term":[{"taxonomy":"category","embeddable":true,"href":"https:\/\/www.infokuryr.cz\/n\/wp-json\/wp\/v2\/categories?post=72504"},{"taxonomy":"post_tag","embeddable":true,"href":"https:\/\/www.infokuryr.cz\/n\/wp-json\/wp\/v2\/tags?post=72504"}],"curies":[{"name":"wp","href":"https:\/\/api.w.org\/{rel}","templated":true}]}}